{"id":4665,"date":"2023-08-31T13:32:40","date_gmt":"2023-08-31T17:32:40","guid":{"rendered":"https:\/\/elmundodelapolitica.com\/v1\/?p=4665"},"modified":"2023-08-31T13:32:40","modified_gmt":"2023-08-31T17:32:40","slug":"infotep-y-la-camara-de-comercio-y-produccion-peravia-se-unen-para-elevar-calidad-de-servicios-de-la-region-sur","status":"publish","type":"post","link":"https:\/\/elmundodelapolitica.com\/v1\/infotep-y-la-camara-de-comercio-y-produccion-peravia-se-unen-para-elevar-calidad-de-servicios-de-la-region-sur\/","title":{"rendered":"INFOTEP y la C\u00e1mara de Comercio y Producci\u00f3n Peravia se unen para elevar calidad de servicios de la regi\u00f3n Sur"},"content":{"rendered":"<div>\n<div class=\"wp-block-image\">\n<figure class=\"aligncenter size-large\"><img loading=\"lazy\" data-attachment-id=\"31988\" data-permalink=\"https:\/\/elmundodelosnegocios.com.do\/v1\/index.php\/2023\/08\/31\/infotep-y-la-camara-de-comercio-y-produccion-peravia-se-unen-para-elevar-calidad-de-servicios-de-la-region-sur\/pelagio-perez-guzman-presidente-de-la-camara-de-comercio-de-peravia-y-rafael-santos-badia-director-general-del-infotep\/\" data-orig-file=\"https:\/\/i0.wp.com\/elmundodelosnegocios.com.do\/v1\/wp-content\/uploads\/2023\/08\/Pelagio-Perez-Guzman-presidente-de-la-Camara-de-Comercio-de-Peravia-y-Rafael-Santos-Badia-director-general-del-INFOTEP.jpeg?fit=1300%2C731&amp;ssl=1\" data-orig-size=\"1300,731\" data-comments-opened=\"0\" data-image-meta='{\"aperture\":\"0\",\"credit\":\"\",\"camera\":\"\",\"caption\":\"\",\"created_timestamp\":\"0\",\"copyright\":\"\",\"focal_length\":\"0\",\"iso\":\"0\",\"shutter_speed\":\"0\",\"title\":\"\",\"orientation\":\"0\"}' data-image-title=\"Pelagio P\u00e9rez Guzm\u00e1n, presidente de la C\u00e1mara de Comercio de Peravia, y Rafael Santos Bad\u00eda, director general del INFOTEP\" data-image-description=\"&lt;p&gt;Pelagio P\u00e9rez Guzm\u00e1n, presidente de la C\u00e1mara de Comercio de Peravia, y Rafael Santos Bad\u00eda, director general del INFOTEP&lt;\/p&gt;\n\" data-image-caption=\"&lt;p&gt;Pelagio P\u00e9rez Guzm\u00e1n, presidente de la C\u00e1mara de Comercio de Peravia, y Rafael Santos Bad\u00eda, director general del INFOTEP&lt;\/p&gt;\n\" data-medium-file=\"https:\/\/i0.wp.com\/elmundodelosnegocios.com.do\/v1\/wp-content\/uploads\/2023\/08\/Pelagio-Perez-Guzman-presidente-de-la-Camara-de-Comercio-de-Peravia-y-Rafael-Santos-Badia-director-general-del-INFOTEP.jpeg?fit=300%2C169&amp;ssl=1\" data-large-file=\"https:\/\/i0.wp.com\/elmundodelosnegocios.com.do\/v1\/wp-content\/uploads\/2023\/08\/Pelagio-Perez-Guzman-presidente-de-la-Camara-de-Comercio-de-Peravia-y-Rafael-Santos-Badia-director-general-del-INFOTEP.jpeg?fit=1024%2C576&amp;ssl=1\" decoding=\"async\" width=\"1024\" height=\"576\" src=\"https:\/\/i0.wp.com\/elmundodelosnegocios.com.do\/v1\/wp-content\/uploads\/2023\/08\/Pelagio-Perez-Guzman-presidente-de-la-Camara-de-Comercio-de-Peravia-y-Rafael-Santos-Badia-director-general-del-INFOTEP.jpeg?resize=1024,576\" alt=\"Pelagio P\u00e9rez Guzm\u00e1n, presidente de la C\u00e1mara de Comercio de Peravia, y Rafael Santos Bad\u00eda, director general del INFOTEP\" class=\"wp-image-31988\" srcset=\"https:\/\/i0.wp.com\/elmundodelosnegocios.com.do\/v1\/wp-content\/uploads\/2023\/08\/Pelagio-Perez-Guzman-presidente-de-la-Camara-de-Comercio-de-Peravia-y-Rafael-Santos-Badia-director-general-del-INFOTEP.jpeg?resize=1024,576&amp;ssl=1 1024w, https:\/\/i0.wp.com\/elmundodelosnegocios.com.do\/v1\/wp-content\/uploads\/2023\/08\/Pelagio-Perez-Guzman-presidente-de-la-Camara-de-Comercio-de-Peravia-y-Rafael-Santos-Badia-director-general-del-INFOTEP.jpeg?resize=300%2C169&amp;ssl=1 300w, https:\/\/i0.wp.com\/elmundodelosnegocios.com.do\/v1\/wp-content\/uploads\/2023\/08\/Pelagio-Perez-Guzman-presidente-de-la-Camara-de-Comercio-de-Peravia-y-Rafael-Santos-Badia-director-general-del-INFOTEP.jpeg?resize=768%2C432&amp;ssl=1 768w, https:\/\/i0.wp.com\/elmundodelosnegocios.com.do\/v1\/wp-content\/uploads\/2023\/08\/Pelagio-Perez-Guzman-presidente-de-la-Camara-de-Comercio-de-Peravia-y-Rafael-Santos-Badia-director-general-del-INFOTEP.jpeg?w=1300&amp;ssl=1 1300w\" sizes=\"auto, (max-width: 1024px) 100vw, 1024px\" data-recalc-dims=\"1\"><figcaption class=\"wp-element-caption\">Pelagio P\u00e9rez Guzm\u00e1n, presidente de la C\u00e1mara de Comercio de Peravia, y Rafael Santos Bad\u00eda, director general del INFOTEP<\/figcaption><\/figure>\n<\/div>\n<p>Santo Domingo.- El Instituto Nacional de Formaci\u00f3n T\u00e9cnico Profesional\u00a0<strong>(INFOTEP)<\/strong>\u00a0y la\u00a0<strong>C\u00e1mara de Comercio y Producci\u00f3n de la provincia Peravia<\/strong>\u00a0firmaron un acuerdo para fortalecer la\u00a0<strong>calidad de los servicios<\/strong>\u00a0que ofrecen las\u00a0<strong>empresas de la regi\u00f3n Sur<\/strong>\u00a0del pa\u00eds.<\/p>\n<p>El convenio, firmado por el director general del INFOTEP,\u00a0<strong>Rafael Santos Bad\u00eda<\/strong>, y el presidente de la C\u00e1mara,\u00a0<strong>Pelagio P\u00e9rez Guzm\u00e1n<\/strong>, tendr\u00e1 una vigencia de tres a\u00f1os y contempla mejorar las\u00a0<strong>capacidades t\u00e9cnicas y gerenciales\u00a0<\/strong>de los miembros de la agrupaci\u00f3n empresarial.<\/p>\n<p>Rafael Santos Bad\u00eda explic\u00f3 que entre las\u00a0<strong>acciones formativas<\/strong>\u00a0que ser\u00e1n impartidas, est\u00e1n Contabilidad Impositiva, Emprendimiento, Operador de Drones, Teletrabajo, Buenas Pr\u00e1cticas Agr\u00edcolas, Manejo de Empresas Agropecuarias, Supervisi\u00f3n, Gu\u00eda Tur\u00edstico, Etiqueta y Protocolo Corporativo, Habilidades Tecnol\u00f3gicas y de Ciberseguridad, Transformaci\u00f3n Digital para Empresas, Community Manager, Marketing Digital para PyMES y Servicio al Cliente.<\/p>\n<p><em>\u201cEste es un importante proyecto, enfocado en impulsar la econom\u00eda de Peravia, a fin de impactar la rentabilidad y sostenibilidad de las empresas, buscando generar empleos de calidad e ingresos que promuevan la consolidaci\u00f3n de una mayor capacidad financiera y una mejor calidad de vida\u201d,<\/em>\u00a0expres\u00f3 Rafael Santos Bad\u00eda.<\/p>\n<p>El presidente de la C\u00e1mara, Pelagio P\u00e9rez Guzm\u00e1n, confirm\u00f3 que con la firma de este convenio buscan fortalecer las habilidades blandas, t\u00e9cnicas y gerenciales de los colaboradores de las empresas asociadas a esta C\u00e1mara de Comercio, para\u00a0<strong>impactar la calidad de los productos y servicios, mejorar el aprovechamiento del tiempo y aumentar la productividad.<\/strong><\/p>\n<p><em>\u201cReiteramos nuestro agradecimiento al INFOTEP, por los aportes a la mejora continua de los procesos administrativos y la actualizaci\u00f3n de los recursos humanos, y rogamos a Dios que contin\u00fae aportando al desarrollo econ\u00f3mico y social de nuestro pa\u00eds Rep\u00fablica Dominicana\u201d,<\/em>\u00a0expres\u00f3.<\/p>\n<figure class=\"wp-block-image\"><img decoding=\"async\" src=\"https:\/\/i0.wp.com\/presidencia.gob.do\/sites\/default\/files\/inline-images\/Pelagio P\u00e9rez Guzm\u00e1n y Rafael Santos Bad\u00eda, firma el acuerdo de colaboraci\u00f3n.jpeg?w=1110&amp;ssl=1\" alt=\"\" data-recalc-dims=\"1\"><\/figure>\n<p><strong>Sobre el acuerdo<\/strong><\/p>\n<p>El acuerdo contempla que las empresas que forman parte de la C\u00e1mara de Comercio y Producci\u00f3n de Peravia cuenten con\u00a0<strong>asistencia t\u00e9cnica y asesor\u00eda del INFOTEP; en las \u00e1reas de Planificaci\u00f3n Estrat\u00e9gica, 5\u00b4S y Gesti\u00f3n del Capital Humano.<\/strong><\/p>\n<p>Adem\u00e1s de acceder a programas innovadores de capacitaci\u00f3n, orientados especialmente a la\u00a0<strong>industria 4.0 aplicada a los sectores agr\u00edcola, comercio y tur\u00edstico<\/strong>.<\/p>\n<p>Asimismo, la C\u00e1mara se compromete a promover entre sus miembros y relacionados, el programa de\u00a0<strong>Formaci\u00f3n Dual del INFOTEP.<\/strong><\/p>\n<\/div>\n","protected":false},"excerpt":{"rendered":"<p>Pelagio P\u00e9rez Guzm\u00e1n, presidente de la C\u00e1mara de Comercio de Peravia, y Rafael Santos Bad\u00eda, director general del INFOTEP Santo Domingo.- El Instituto Nacional de Formaci\u00f3n T\u00e9cnico Profesional\u00a0(INFOTEP)\u00a0y la\u00a0C\u00e1mara de&hellip; <\/p>\n","protected":false},"author":2,"featured_media":4666,"comment_status":"closed","ping_status":"closed","sticky":false,"template":"","format":"standard","meta":{"fifu_image_url":"https:\/\/i0.wp.com\/elmundodelosnegocios.com.do\/v1\/wp-content\/uploads\/2023\/08\/Pelagio-Perez-Guzman-presidente-de-la-Camara-de-Comercio-de-Peravia-y-Rafael-Santos-Badia-director-general-del-INFOTEP.jpeg?resize=1024,576","fifu_image_alt":"INFOTEP y la C\u00e1mara de Comercio y Producci\u00f3n Peravia se unen para elevar calidad de servicios de la regi\u00f3n Sur","footnotes":""},"categories":[63],"tags":[],"class_list":["post-4665","post","type-post","status-publish","format-standard","has-post-thumbnail","hentry","category-actualidad"],"_links":{"self":[{"href":"https:\/\/elmundodelapolitica.com\/v1\/wp-json\/wp\/v2\/posts\/4665","targetHints":{"allow":["GET"]}}],"collection":[{"href":"https:\/\/elmundodelapolitica.com\/v1\/wp-json\/wp\/v2\/posts"}],"about":[{"href":"https:\/\/elmundodelapolitica.com\/v1\/wp-json\/wp\/v2\/types\/post"}],"author":[{"embeddable":true,"href":"https:\/\/elmundodelapolitica.com\/v1\/wp-json\/wp\/v2\/users\/2"}],"replies":[{"embeddable":true,"href":"https:\/\/elmundodelapolitica.com\/v1\/wp-json\/wp\/v2\/comments?post=4665"}],"version-history":[{"count":0,"href":"https:\/\/elmundodelapolitica.com\/v1\/wp-json\/wp\/v2\/posts\/4665\/revisions"}],"wp:featuredmedia":[{"embeddable":true,"href":"https:\/\/elmundodelapolitica.com\/v1\/wp-json\/wp\/v2\/media\/4666"}],"wp:attachment":[{"href":"https:\/\/elmundodelapolitica.com\/v1\/wp-json\/wp\/v2\/media?parent=4665"}],"wp:term":[{"taxonomy":"category","embeddable":true,"href":"https:\/\/elmundodelapolitica.com\/v1\/wp-json\/wp\/v2\/categories?post=4665"},{"taxonomy":"post_tag","embeddable":true,"href":"https:\/\/elmundodelapolitica.com\/v1\/wp-json\/wp\/v2\/tags?post=4665"}],"curies":[{"name":"wp","href":"https:\/\/api.w.org\/{rel}","templated":true}]}}