{"id":4663,"date":"2023-08-31T13:29:01","date_gmt":"2023-08-31T17:29:01","guid":{"rendered":"https:\/\/elmundodelapolitica.com\/v1\/?p=4663"},"modified":"2023-08-31T13:29:01","modified_gmt":"2023-08-31T17:29:01","slug":"david-collado-y-david-ortiz-promocionan-a-republica-dominicana-en-boston","status":"publish","type":"post","link":"https:\/\/elmundodelapolitica.com\/v1\/david-collado-y-david-ortiz-promocionan-a-republica-dominicana-en-boston\/","title":{"rendered":"David Collado y David Ortiz promocionan a Rep\u00fablica Dominicana en Boston"},"content":{"rendered":"<div>\n<p>El expelotero dominicano de Grandes, David Ortiz, sin previo aviso, quiso dar apoyo al Roadshow en la ciudad de Boston<\/p>\n<div class=\"wp-block-image\">\n<figure class=\"aligncenter size-full is-resized\"><img data-attachment-id=\"31984\" data-permalink=\"https:\/\/elmundodelosnegocios.com.do\/v1\/index.php\/2023\/08\/31\/david-collado-y-david-ortiz-promocionan-a-republica-dominicana-en-boston\/david\/\" data-orig-file=\"https:\/\/i0.wp.com\/elmundodelosnegocios.com.do\/v1\/wp-content\/uploads\/2023\/08\/DAVID.jpeg?fit=770%2C465&amp;ssl=1\" data-orig-size=\"770,465\" data-comments-opened=\"0\" data-image-meta='{\"aperture\":\"0\",\"credit\":\"\",\"camera\":\"\",\"caption\":\"\",\"created_timestamp\":\"0\",\"copyright\":\"\",\"focal_length\":\"0\",\"iso\":\"0\",\"shutter_speed\":\"0\",\"title\":\"\",\"orientation\":\"0\"}' data-image-title=\"DAVID\" data-image-description=\"\" data-image-caption=\"\" data-medium-file=\"https:\/\/i0.wp.com\/elmundodelosnegocios.com.do\/v1\/wp-content\/uploads\/2023\/08\/DAVID.jpeg?fit=300%2C181&amp;ssl=1\" data-large-file=\"https:\/\/i0.wp.com\/elmundodelosnegocios.com.do\/v1\/wp-content\/uploads\/2023\/08\/DAVID.jpeg?fit=770%2C465&amp;ssl=1\" decoding=\"async\" loading=\"lazy\" src=\"https:\/\/i0.wp.com\/elmundodelosnegocios.com.do\/v1\/wp-content\/uploads\/2023\/08\/DAVID.jpeg?resize=887,536&amp;ssl=1\" alt=\"\" class=\"wp-image-31984\" width=\"887\" height=\"536\" srcset=\"https:\/\/i0.wp.com\/elmundodelosnegocios.com.do\/v1\/wp-content\/uploads\/2023\/08\/DAVID.jpeg?w=770&amp;ssl=1 770w, https:\/\/i0.wp.com\/elmundodelosnegocios.com.do\/v1\/wp-content\/uploads\/2023\/08\/DAVID.jpeg?resize=300%2C181&amp;ssl=1 300w, https:\/\/i0.wp.com\/elmundodelosnegocios.com.do\/v1\/wp-content\/uploads\/2023\/08\/DAVID.jpeg?resize=768%2C464&amp;ssl=1 768w\" sizes=\"auto, (max-width: 887px) 100vw, 887px\" data-recalc-dims=\"1\"><\/figure>\n<\/div>\n<p>Una grata sorpresa se llevaron los agentes de viajes y tours operadores que estuvieron presentes en el Roadshow, que organiza el Ministerio de Turismo en diferentes ciudades de Estados Unidos, como parte de la estrategia de recuperaci\u00f3n y posicionamiento del turismo en la Rep\u00fablica Dominicana.<\/p>\n<p>Este martes y con la presencia de David Collado en la ciudad de Boston, el expelotero dominicano de Grandes, David Ortiz, sin previo aviso, quiso dar apoyo a esta actividad que cont\u00f3 con la presencia de m\u00e1s de 200 representantes del sector turismo.<\/p>\n<p>Al ver subir al escenario a este \u00eddolo del beisbol, los presentes mostraron gran emoci\u00f3n.<\/p>\n<p>Estados Unidos es el primer pa\u00eds emisor de turistas a Rep\u00fablica Dominicana, siendo Boston una de las 10 ciudades que m\u00e1s turistas env\u00eda al a\u00f1o a nuestro pa\u00eds.<\/p>\n<\/div>\n","protected":false},"excerpt":{"rendered":"<p>El expelotero dominicano de Grandes, David Ortiz, sin previo aviso, quiso dar apoyo al Roadshow en la ciudad de Boston Una grata sorpresa se llevaron los agentes de viajes y&hellip; <\/p>\n","protected":false},"author":2,"featured_media":4664,"comment_status":"closed","ping_status":"closed","sticky":false,"template":"","format":"standard","meta":{"fifu_image_url":"https:\/\/i0.wp.com\/elmundodelosnegocios.com.do\/v1\/wp-content\/uploads\/2023\/08\/DAVID.jpeg?resize=887,536&ssl=1","fifu_image_alt":"David Collado y David Ortiz promocionan a Rep\u00fablica Dominicana en Boston","footnotes":""},"categories":[63],"tags":[],"class_list":["post-4663","post","type-post","status-publish","format-standard","has-post-thumbnail","hentry","category-actualidad"],"_links":{"self":[{"href":"https:\/\/elmundodelapolitica.com\/v1\/wp-json\/wp\/v2\/posts\/4663","targetHints":{"allow":["GET"]}}],"collection":[{"href":"https:\/\/elmundodelapolitica.com\/v1\/wp-json\/wp\/v2\/posts"}],"about":[{"href":"https:\/\/elmundodelapolitica.com\/v1\/wp-json\/wp\/v2\/types\/post"}],"author":[{"embeddable":true,"href":"https:\/\/elmundodelapolitica.com\/v1\/wp-json\/wp\/v2\/users\/2"}],"replies":[{"embeddable":true,"href":"https:\/\/elmundodelapolitica.com\/v1\/wp-json\/wp\/v2\/comments?post=4663"}],"version-history":[{"count":0,"href":"https:\/\/elmundodelapolitica.com\/v1\/wp-json\/wp\/v2\/posts\/4663\/revisions"}],"wp:featuredmedia":[{"embeddable":true,"href":"https:\/\/elmundodelapolitica.com\/v1\/wp-json\/wp\/v2\/media\/4664"}],"wp:attachment":[{"href":"https:\/\/elmundodelapolitica.com\/v1\/wp-json\/wp\/v2\/media?parent=4663"}],"wp:term":[{"taxonomy":"category","embeddable":true,"href":"https:\/\/elmundodelapolitica.com\/v1\/wp-json\/wp\/v2\/categories?post=4663"},{"taxonomy":"post_tag","embeddable":true,"href":"https:\/\/elmundodelapolitica.com\/v1\/wp-json\/wp\/v2\/tags?post=4663"}],"curies":[{"name":"wp","href":"https:\/\/api.w.org\/{rel}","templated":true}]}}