{"id":4659,"date":"2023-08-31T13:15:15","date_gmt":"2023-08-31T17:15:15","guid":{"rendered":"https:\/\/elmundodelapolitica.com\/v1\/?p=4659"},"modified":"2023-08-31T13:15:15","modified_gmt":"2023-08-31T17:15:15","slug":"intrant-y-adecor-capacitaran-deliverys-en-seguridad-vial-y-manejo-defensivo","status":"publish","type":"post","link":"https:\/\/elmundodelapolitica.com\/v1\/intrant-y-adecor-capacitaran-deliverys-en-seguridad-vial-y-manejo-defensivo\/","title":{"rendered":"INTRANT y ADECOR capacitar\u00e1n deliverys en Seguridad Vial y Manejo Defensivo"},"content":{"rendered":"<div>\n<p>Santo Domingo.- El Instituto Nacional de Tr\u00e1nsito y Transporte Terrestre\u00a0<strong>(INTRANT)<\/strong>, y la Asociaci\u00f3n de Establecimientos de Comida Casual y de Servicio R\u00e1pido\u00a0<strong>(ADECOR)<\/strong>, firmaron este jueves un\u00a0<strong>acuerdo interinstitucional que busca llevar seguridad vial a los\u00a0<\/strong><em><strong>deliverys<\/strong><\/em><strong>\u00a0<\/strong>del Distrito Nacional y la provincia de Santo Domingo.<\/p>\n<div class=\"wp-block-image\">\n<figure class=\"aligncenter size-large\"><img data-attachment-id=\"31979\" data-permalink=\"https:\/\/elmundodelosnegocios.com.do\/v1\/index.php\/2023\/08\/31\/intrant-y-adecor-capacitaran-deliverys-en-seguridad-vial-y-manejo-defensivo\/img_2574\/\" data-orig-file=\"https:\/\/i0.wp.com\/elmundodelosnegocios.com.do\/v1\/wp-content\/uploads\/2023\/08\/IMG_2574.jpg?fit=1300%2C731&amp;ssl=1\" data-orig-size=\"1300,731\" data-comments-opened=\"0\" data-image-meta='{\"aperture\":\"0\",\"credit\":\"\",\"camera\":\"\",\"caption\":\"\",\"created_timestamp\":\"0\",\"copyright\":\"\",\"focal_length\":\"0\",\"iso\":\"0\",\"shutter_speed\":\"0\",\"title\":\"\",\"orientation\":\"0\"}' data-image-title=\"IMG_2574\" data-image-description=\"\" data-image-caption=\"\" data-medium-file=\"https:\/\/i0.wp.com\/elmundodelosnegocios.com.do\/v1\/wp-content\/uploads\/2023\/08\/IMG_2574.jpg?fit=300%2C169&amp;ssl=1\" data-large-file=\"https:\/\/i0.wp.com\/elmundodelosnegocios.com.do\/v1\/wp-content\/uploads\/2023\/08\/IMG_2574.jpg?fit=1024%2C576&amp;ssl=1\" decoding=\"async\" loading=\"lazy\" width=\"1024\" height=\"576\" src=\"https:\/\/i0.wp.com\/elmundodelosnegocios.com.do\/v1\/wp-content\/uploads\/2023\/08\/IMG_2574-1024x576.jpg?resize=1024,576&amp;ssl=1\" alt=\"\" class=\"wp-image-31979\" srcset=\"https:\/\/i0.wp.com\/elmundodelosnegocios.com.do\/v1\/wp-content\/uploads\/2023\/08\/IMG_2574.jpg?resize=1024%2C576&amp;ssl=1 1024w, https:\/\/i0.wp.com\/elmundodelosnegocios.com.do\/v1\/wp-content\/uploads\/2023\/08\/IMG_2574.jpg?resize=300%2C169&amp;ssl=1 300w, https:\/\/i0.wp.com\/elmundodelosnegocios.com.do\/v1\/wp-content\/uploads\/2023\/08\/IMG_2574.jpg?resize=768%2C432&amp;ssl=1 768w, https:\/\/i0.wp.com\/elmundodelosnegocios.com.do\/v1\/wp-content\/uploads\/2023\/08\/IMG_2574.jpg?w=1300&amp;ssl=1 1300w\" sizes=\"auto, (max-width: 1024px) 100vw, 1024px\" data-recalc-dims=\"1\"><\/figure>\n<\/div>\n<p>El acuerdo busca la preparaci\u00f3n y formaci\u00f3n del\u00a0<strong>personal de Recursos Humanos<\/strong>, as\u00ed\u00a0 como coordinadores de\u00a0<strong>capacitaci\u00f3n y desarrollo\u00a0<\/strong>de las empresas de\u00a0<strong>comida casual y servicio r\u00e1pido<\/strong>, a trav\u00e9s de la Escuela Nacional de Educaci\u00f3n Vial\u00a0<strong>(ENEVIAL)<\/strong>, con el programa educativo\u00a0<strong>\u201cSeguridad Vial y Manejo Defensivo para Motociclistas\u201d.<\/strong><\/p>\n<p>El objetivo principal de la capacitaci\u00f3n consiste en\u00a0<strong>formar multiplicadores designados por la ADECOR,<\/strong>\u00a0que puedan ofrecer charlas y orientar a los nuevos empleados dentro de la organizaci\u00f3n.<\/p>\n<p>Durante la firma del convenio,\u00a0<strong>el director ejecutivo del INTRANT, Hugo Beras<\/strong>, dijo que, para el Gobierno,\u00a0<strong>la educaci\u00f3n es primordial en el tema de la Seguridad Vial<\/strong><em>\u00a0\u201cy en ese sentido se dan pasos agigantados; es por eso que se inici\u00f3 la educaci\u00f3n vial en las escuelas p\u00fablicas\u201d.<\/em><\/p>\n<p>Asimismo, Beras destac\u00f3\u00a0<strong>la importancia de capacitar a los motociclistas<\/strong>, dado que la mayor\u00a0<strong>tasa de mortalidad\u00a0<\/strong>por accidentes de tr\u00e1nsito en el pa\u00eds, involucra a los\u00a0<strong>usuarios de motocicleta con un 73.1 %.<\/strong><\/p>\n<p><strong>El presidente de ADECOR, Etienne S\u00e1nchez,<\/strong>\u00a0resalt\u00f3 la importancia del convenio firmado y enfatiz\u00f3 que la educaci\u00f3n es esencial para llevar el mensaje que necesitan nuestros ciudadanos,<em>\u00a0\u201caunque es un proceso cuyo resultado se ver\u00e1 a largo plazo, es muy efectivo, refiri\u00e9ndose a la Seguridad Vial.<\/em><\/p>\n<p>La Asociaci\u00f3n de Establecimientos de Comida Casual y de Servicio R\u00e1pido\u00a0<strong>(ADECOR) es responsable del manejo de la mayor\u00eda de los\u00a0<\/strong><em><strong>deliverys<\/strong><\/em><strong>\u00a0de los negocios de comida casual<\/strong>, como entidad\u00a0 que une a las principales empresas nacionales y a las franquicias de restaurantes internacionales bajo el concepto de comida casual y de servicio r\u00e1pido.<\/p>\n<\/div>\n","protected":false},"excerpt":{"rendered":"<p>Santo Domingo.- El Instituto Nacional de Tr\u00e1nsito y Transporte Terrestre\u00a0(INTRANT), y la Asociaci\u00f3n de Establecimientos de Comida Casual y de Servicio R\u00e1pido\u00a0(ADECOR), firmaron este jueves un\u00a0acuerdo interinstitucional que busca llevar&hellip; <\/p>\n","protected":false},"author":2,"featured_media":4660,"comment_status":"closed","ping_status":"closed","sticky":false,"template":"","format":"standard","meta":{"fifu_image_url":"https:\/\/i0.wp.com\/elmundodelosnegocios.com.do\/v1\/wp-content\/uploads\/2023\/08\/IMG_2574-1024x576.jpg?resize=1024,576&ssl=1","fifu_image_alt":"INTRANT y ADECOR capacitar\u00e1n deliverys en Seguridad Vial y Manejo Defensivo","footnotes":""},"categories":[63],"tags":[],"class_list":["post-4659","post","type-post","status-publish","format-standard","has-post-thumbnail","hentry","category-actualidad"],"_links":{"self":[{"href":"https:\/\/elmundodelapolitica.com\/v1\/wp-json\/wp\/v2\/posts\/4659","targetHints":{"allow":["GET"]}}],"collection":[{"href":"https:\/\/elmundodelapolitica.com\/v1\/wp-json\/wp\/v2\/posts"}],"about":[{"href":"https:\/\/elmundodelapolitica.com\/v1\/wp-json\/wp\/v2\/types\/post"}],"author":[{"embeddable":true,"href":"https:\/\/elmundodelapolitica.com\/v1\/wp-json\/wp\/v2\/users\/2"}],"replies":[{"embeddable":true,"href":"https:\/\/elmundodelapolitica.com\/v1\/wp-json\/wp\/v2\/comments?post=4659"}],"version-history":[{"count":0,"href":"https:\/\/elmundodelapolitica.com\/v1\/wp-json\/wp\/v2\/posts\/4659\/revisions"}],"wp:featuredmedia":[{"embeddable":true,"href":"https:\/\/elmundodelapolitica.com\/v1\/wp-json\/wp\/v2\/media\/4660"}],"wp:attachment":[{"href":"https:\/\/elmundodelapolitica.com\/v1\/wp-json\/wp\/v2\/media?parent=4659"}],"wp:term":[{"taxonomy":"category","embeddable":true,"href":"https:\/\/elmundodelapolitica.com\/v1\/wp-json\/wp\/v2\/categories?post=4659"},{"taxonomy":"post_tag","embeddable":true,"href":"https:\/\/elmundodelapolitica.com\/v1\/wp-json\/wp\/v2\/tags?post=4659"}],"curies":[{"name":"wp","href":"https:\/\/api.w.org\/{rel}","templated":true}]}}