{"id":4657,"date":"2023-08-31T13:12:27","date_gmt":"2023-08-31T17:12:27","guid":{"rendered":"https:\/\/elmundodelapolitica.com\/v1\/?p=4657"},"modified":"2023-08-31T13:12:27","modified_gmt":"2023-08-31T17:12:27","slug":"gobierno-acuerda-con-la-fao-fomentar-sistemas-productivos-sostenibles-en-cuencas-hidrograficas","status":"publish","type":"post","link":"https:\/\/elmundodelapolitica.com\/v1\/gobierno-acuerda-con-la-fao-fomentar-sistemas-productivos-sostenibles-en-cuencas-hidrograficas\/","title":{"rendered":"Gobierno acuerda con la FAO fomentar sistemas productivos sostenibles en cuencas hidrogr\u00e1ficas"},"content":{"rendered":"<div>\n<p>Santo Domingo.- El Gobierno dominicano, representado por el\u00a0<strong>Ministerio de Agricultura<\/strong>\u00a0y el Instituto Nacional de Recursos Hidr\u00e1ulicos\u00a0<strong>(INDRHI)<\/strong>, acord\u00f3 con la Organizaci\u00f3n de las Naciones Unidas para la Alimentaci\u00f3n y la Agricultura\u00a0<strong>(FAO)<\/strong>\u00a0la prestaci\u00f3n de\u00a0<strong>asistencia t\u00e9cni<\/strong>ca para fomentar\u00a0<strong>sistemas productivos sostenibles<\/strong>\u00a0en las cuencas hidrogr\u00e1ficas de los\u00a0<strong>r\u00edos Ozama, Isabela y Yaque del Norte.<\/strong><\/p>\n<figure class=\"wp-block-image size-large\"><img data-attachment-id=\"31976\" data-permalink=\"https:\/\/elmundodelosnegocios.com.do\/v1\/index.php\/2023\/08\/31\/gobierno-acuerda-con-la-fao-fomentar-sistemas-productivos-sostenibles-en-cuencas-hidrograficas\/acuerdo-fao-ma-indrhi\/\" data-orig-file=\"https:\/\/i0.wp.com\/elmundodelosnegocios.com.do\/v1\/wp-content\/uploads\/2023\/08\/Acuerdo-FAO-MA-INDRHI.jpeg?fit=1300%2C731&amp;ssl=1\" data-orig-size=\"1300,731\" data-comments-opened=\"0\" data-image-meta='{\"aperture\":\"0\",\"credit\":\"\",\"camera\":\"\",\"caption\":\"\",\"created_timestamp\":\"0\",\"copyright\":\"\",\"focal_length\":\"0\",\"iso\":\"0\",\"shutter_speed\":\"0\",\"title\":\"\",\"orientation\":\"0\"}' data-image-title=\"Acuerdo-FAO-MA-INDRHI\" data-image-description=\"&lt;p&gt;Acuerdo FAO, MA, INDRHI&lt;\/p&gt;\n\" data-image-caption=\"&lt;p&gt;Acuerdo FAO, MA, INDRHI&lt;\/p&gt;\n\" data-medium-file=\"https:\/\/i0.wp.com\/elmundodelosnegocios.com.do\/v1\/wp-content\/uploads\/2023\/08\/Acuerdo-FAO-MA-INDRHI.jpeg?fit=300%2C169&amp;ssl=1\" data-large-file=\"https:\/\/i0.wp.com\/elmundodelosnegocios.com.do\/v1\/wp-content\/uploads\/2023\/08\/Acuerdo-FAO-MA-INDRHI.jpeg?fit=1024%2C576&amp;ssl=1\" decoding=\"async\" loading=\"lazy\" width=\"1024\" height=\"576\" src=\"https:\/\/i0.wp.com\/elmundodelosnegocios.com.do\/v1\/wp-content\/uploads\/2023\/08\/Acuerdo-FAO-MA-INDRHI-1024x576.jpeg?resize=1024,576&amp;ssl=1\" alt=\"\" class=\"wp-image-31976\" srcset=\"https:\/\/i0.wp.com\/elmundodelosnegocios.com.do\/v1\/wp-content\/uploads\/2023\/08\/Acuerdo-FAO-MA-INDRHI.jpeg?resize=1024%2C576&amp;ssl=1 1024w, https:\/\/i0.wp.com\/elmundodelosnegocios.com.do\/v1\/wp-content\/uploads\/2023\/08\/Acuerdo-FAO-MA-INDRHI.jpeg?resize=300%2C169&amp;ssl=1 300w, https:\/\/i0.wp.com\/elmundodelosnegocios.com.do\/v1\/wp-content\/uploads\/2023\/08\/Acuerdo-FAO-MA-INDRHI.jpeg?resize=768%2C432&amp;ssl=1 768w, https:\/\/i0.wp.com\/elmundodelosnegocios.com.do\/v1\/wp-content\/uploads\/2023\/08\/Acuerdo-FAO-MA-INDRHI.jpeg?w=1300&amp;ssl=1 1300w\" sizes=\"auto, (max-width: 1024px) 100vw, 1024px\" data-recalc-dims=\"1\"><figcaption class=\"wp-element-caption\">Acuerdo FAO, MA, INDRHI<\/figcaption><\/figure>\n<p>El convenio, firmado por\u00a0<strong>Limber Cruz<\/strong>, ministro de Agricultura;\u00a0<strong>Olmedo Caba Romano<\/strong>, director ejecutivo del INDRHI, y\u00a0<strong>Rodrigo Casta\u00f1eda<\/strong>, representante de la FAO en el pa\u00eds, se desarrolla en el marco del Proyecto de Agricultura Resiliente y Gesti\u00f3n Integrada de Recursos H\u00eddricos (<strong>PARGIRH)<\/strong>, financiado por el Banco Mundial, y que tiene como otras instituciones ejecutoras el\u00a0<strong>Ministerio de Medio Ambiente y Recursos Naturales y\u00a0<\/strong>el Instituto Nacional de Aguas Potables y Alcantarillados<strong>\u00a0(INAPA).<\/strong><\/p>\n<p>El proyecto tiene el prop\u00f3sito de promover la\u00a0<strong>gesti\u00f3n sostenible<\/strong>\u00a0de agroecosistemas productivos, mejorar la\u00a0<strong>resiliencia de infraestructuras hidr\u00e1ulicas<\/strong>\u00a0y aumentar la calidad y el acceso a los\u00a0<strong>servicios relacionados con el agua<\/strong>\u00a0en las provincias La Vega, Santiago, Valverde, Santiago Rodr\u00edguez, Montecristi, Monte Plata y Santo Domingo, con\u00a0<strong>impacto para m\u00e1s de 900,000 personas.<\/strong><\/p>\n<p>Durante la firma, el representante de la FAO defini\u00f3 el convenio como una alianza productiva que busca trabajar con\u00a0<strong>agricultores de caf\u00e9, cacao y ganaderos para lograr mayor productividad de la mano con el medio ambiente.<\/strong><\/p>\n<p><em>\u201cEsta intervenci\u00f3n, producto de una fuerte alianza entre la FAO y Banco Mundial, busca la transformaci\u00f3n de los sistemas agroalimentarios\u00a0 y permitir\u00e1 validar el modelo basado en iniciativas de agronegocios competitivas, innovadoras y resilientes al cambio clim\u00e1tico, beneficiando de forma directa 1,200 productores y productoras y 27,000 tareas de las cuencas priorizadas, implementando modelos de agroforester\u00eda en 12,000 tareas de caf\u00e9 y 7,000 tareas de cacao, as\u00ed como 8,000 tareas de ganader\u00eda clim\u00e1ticamente inteligente\u201d,<\/em>\u00a0expres\u00f3 el representante de la FAO en el pa\u00eds.<\/p>\n<figure class=\"wp-block-image\"><img decoding=\"async\" src=\"https:\/\/i0.wp.com\/presidencia.gob.do\/sites\/default\/files\/inline-images\/Firma Acuerdo entre Gobierno Dominicano y FAO.jpeg?w=1110&amp;ssl=1\" alt=\"\" data-recalc-dims=\"1\"><\/figure>\n<p>El ministro de Agricultura, Limber Cruz, manifest\u00f3 que con este proyecto no solo se aumenta la producci\u00f3n y la productividad, sino que tambi\u00e9n se desarrolla una\u00a0<strong>agricultura m\u00e1s responsable y m\u00e1s amiga del medio ambiente.<\/strong><\/p>\n<p>Asimismo, Cruz resalt\u00f3 que este programa impactar\u00e1 en el cultivo de\u00a0<strong>caf\u00e9 y cacao<\/strong>, dos sectores productivos que\u00a0<strong>contribuyen con la foresta y producen divisas<\/strong>\u00a0a trav\u00e9s de las exportaciones, y en el sector ganadero.<\/p>\n<p>Mientras que Olmedo Caba Romano, destac\u00f3 que el trabajo en conjunto plasmado en el acuerdo es\u00a0<strong>un gran paso para el proyecto PARGIRH,\u00a0<\/strong>e indic\u00f3 que ya iniciar\u00e1 su etapa de\u00a0<strong>socializaci\u00f3n<\/strong>\u00a0con las comunidades beneficiadas\u00a0<strong>en septiembre<\/strong>.\u00a0<em>\u201cDesde la gesti\u00f3n del cambio estamos aportando a la seguridad alimentaria y a la reducci\u00f3n del hambre en nuestro pa\u00eds\u201d,<\/em>\u00a0manifest\u00f3 el funcionario, al concluir su intervenci\u00f3n durante la firma.<\/p>\n<figure class=\"wp-block-image\"><img decoding=\"async\" src=\"https:\/\/i0.wp.com\/presidencia.gob.do\/sites\/default\/files\/inline-images\/Mesa de trabajo.jpeg?w=1110&amp;ssl=1\" alt=\"\" data-recalc-dims=\"1\"><\/figure>\n<p>Asistieron, por el Ministerio de Agricultura, los viceministros Eulalio Ram\u00edrez, de Producci\u00f3n y Mercadeo; Miriam Guzm\u00e1n, de Desarrollo Rural; Rafael Ortiz Quezada, de Asuntos Cient\u00edficos y Tecnol\u00f3gicos; Jos\u00e9 Rafael Paulino, de Planificaci\u00f3n Sectorial Agropecuaria, y Dar\u00edo Vargas Mena, de Extensi\u00f3n y Capacitaci\u00f3n Agropecuaria. Tambi\u00e9n, Luis Ernesto P\u00e9rez Cuevas, asesor estrat\u00e9gico del ministro, y Yohan Manuel L\u00f3pez, consultor jur\u00eddico.<\/p>\n<p>Por la FAO tambi\u00e9n estuvieron presentes Patricia Jim\u00e9nez, coordinadora de Alianzas, y Daniel Valerio, especialista en Ganader\u00eda Clim\u00e1ticamente Inteligente.<\/p>\n<p>Del INDRHI participaron Juan Salda\u00f1a, director de Planificaci\u00f3n y Desarrollo; Xiomara Fern\u00e1ndez, coordinadora t\u00e9cnica del Proyecto PARGIRH; Norberto Henr\u00edquez y Perla Su\u00e1rez, de la direcci\u00f3n jur\u00eddica.<\/p>\n<\/div>\n","protected":false},"excerpt":{"rendered":"<p>Santo Domingo.- El Gobierno dominicano, representado por el\u00a0Ministerio de Agricultura\u00a0y el Instituto Nacional de Recursos Hidr\u00e1ulicos\u00a0(INDRHI), acord\u00f3 con la Organizaci\u00f3n de las Naciones Unidas para la Alimentaci\u00f3n y la Agricultura\u00a0(FAO)\u00a0la&hellip; <\/p>\n","protected":false},"author":2,"featured_media":4658,"comment_status":"closed","ping_status":"closed","sticky":false,"template":"","format":"standard","meta":{"fifu_image_url":"https:\/\/i0.wp.com\/elmundodelosnegocios.com.do\/v1\/wp-content\/uploads\/2023\/08\/Acuerdo-FAO-MA-INDRHI-1024x576.jpeg?resize=1024,576&ssl=1","fifu_image_alt":"Gobierno acuerda con la FAO fomentar sistemas productivos sostenibles en cuencas hidrogr\u00e1ficas","footnotes":""},"categories":[63],"tags":[],"class_list":["post-4657","post","type-post","status-publish","format-standard","has-post-thumbnail","hentry","category-actualidad"],"_links":{"self":[{"href":"https:\/\/elmundodelapolitica.com\/v1\/wp-json\/wp\/v2\/posts\/4657","targetHints":{"allow":["GET"]}}],"collection":[{"href":"https:\/\/elmundodelapolitica.com\/v1\/wp-json\/wp\/v2\/posts"}],"about":[{"href":"https:\/\/elmundodelapolitica.com\/v1\/wp-json\/wp\/v2\/types\/post"}],"author":[{"embeddable":true,"href":"https:\/\/elmundodelapolitica.com\/v1\/wp-json\/wp\/v2\/users\/2"}],"replies":[{"embeddable":true,"href":"https:\/\/elmundodelapolitica.com\/v1\/wp-json\/wp\/v2\/comments?post=4657"}],"version-history":[{"count":0,"href":"https:\/\/elmundodelapolitica.com\/v1\/wp-json\/wp\/v2\/posts\/4657\/revisions"}],"wp:featuredmedia":[{"embeddable":true,"href":"https:\/\/elmundodelapolitica.com\/v1\/wp-json\/wp\/v2\/media\/4658"}],"wp:attachment":[{"href":"https:\/\/elmundodelapolitica.com\/v1\/wp-json\/wp\/v2\/media?parent=4657"}],"wp:term":[{"taxonomy":"category","embeddable":true,"href":"https:\/\/elmundodelapolitica.com\/v1\/wp-json\/wp\/v2\/categories?post=4657"},{"taxonomy":"post_tag","embeddable":true,"href":"https:\/\/elmundodelapolitica.com\/v1\/wp-json\/wp\/v2\/tags?post=4657"}],"curies":[{"name":"wp","href":"https:\/\/api.w.org\/{rel}","templated":true}]}}