{"id":4649,"date":"2023-08-30T13:45:45","date_gmt":"2023-08-30T17:45:45","guid":{"rendered":"https:\/\/elmundodelapolitica.com\/v1\/?p=4649"},"modified":"2023-08-30T13:45:45","modified_gmt":"2023-08-30T17:45:45","slug":"republica-dominicana-acoge-importante-reunion-de-la-onu-por-cambio-climatico","status":"publish","type":"post","link":"https:\/\/elmundodelapolitica.com\/v1\/republica-dominicana-acoge-importante-reunion-de-la-onu-por-cambio-climatico\/","title":{"rendered":"Rep\u00fablica Dominicana acoge importante reuni\u00f3n de la ONU por cambio clim\u00e1tico"},"content":{"rendered":"<div>\n<p>Santo Domingo.- A partir de este martes, Rep\u00fablica Dominicana ser\u00e1 sede de la\u00a0<strong>III Reuni\u00f3n del Comit\u00e9 de Transici\u00f3n de la Convenci\u00f3n Marco de Naciones Unidas para el Cambio Clim\u00e1tico (CMNUCC)<\/strong>, un espacio de di\u00e1logo y an\u00e1lisis que trabaja para establecer\u00a0<strong>un fondo enfocado<\/strong>\u00a0en ayudar a pa\u00edses en desarrollo a hacer frente\u00a0<strong>a desastres por efectos del cambio clim\u00e1tico. \u00a0<\/strong><\/p>\n<div class=\"wp-block-image\">\n<figure class=\"aligncenter size-large\"><img loading=\"lazy\" data-attachment-id=\"31958\" data-permalink=\"https:\/\/elmundodelosnegocios.com.do\/v1\/index.php\/2023\/08\/30\/republica-dominicana-acoge-importante-reunion-de-la-onu-por-cambio-climatico\/img_2566\/\" data-orig-file=\"https:\/\/i0.wp.com\/elmundodelosnegocios.com.do\/v1\/wp-content\/uploads\/2023\/08\/IMG_2566.jpeg?fit=1300%2C731&amp;ssl=1\" data-orig-size=\"1300,731\" data-comments-opened=\"0\" data-image-meta='{\"aperture\":\"0\",\"credit\":\"\",\"camera\":\"\",\"caption\":\"\",\"created_timestamp\":\"0\",\"copyright\":\"\",\"focal_length\":\"0\",\"iso\":\"0\",\"shutter_speed\":\"0\",\"title\":\"\",\"orientation\":\"0\"}' data-image-title=\"IMG_2566\" data-image-description=\"\" data-image-caption=\"\" data-medium-file=\"https:\/\/i0.wp.com\/elmundodelosnegocios.com.do\/v1\/wp-content\/uploads\/2023\/08\/IMG_2566.jpeg?fit=300%2C169&amp;ssl=1\" data-large-file=\"https:\/\/i0.wp.com\/elmundodelosnegocios.com.do\/v1\/wp-content\/uploads\/2023\/08\/IMG_2566.jpeg?fit=1024%2C576&amp;ssl=1\" decoding=\"async\" width=\"1024\" height=\"576\" src=\"https:\/\/i0.wp.com\/elmundodelosnegocios.com.do\/v1\/wp-content\/uploads\/2023\/08\/IMG_2566-1024x576.jpeg?resize=1024,576&amp;ssl=1\" alt=\"\" class=\"wp-image-31958\" srcset=\"https:\/\/i0.wp.com\/elmundodelosnegocios.com.do\/v1\/wp-content\/uploads\/2023\/08\/IMG_2566.jpeg?resize=1024%2C576&amp;ssl=1 1024w, https:\/\/i0.wp.com\/elmundodelosnegocios.com.do\/v1\/wp-content\/uploads\/2023\/08\/IMG_2566.jpeg?resize=300%2C169&amp;ssl=1 300w, https:\/\/i0.wp.com\/elmundodelosnegocios.com.do\/v1\/wp-content\/uploads\/2023\/08\/IMG_2566.jpeg?resize=768%2C432&amp;ssl=1 768w, https:\/\/i0.wp.com\/elmundodelosnegocios.com.do\/v1\/wp-content\/uploads\/2023\/08\/IMG_2566.jpeg?w=1300&amp;ssl=1 1300w\" sizes=\"auto, (max-width: 1024px) 100vw, 1024px\" data-recalc-dims=\"1\"><\/figure>\n<\/div>\n<p><strong>La iniciativa<\/strong>\u00a0de especificar un fondo para ayudar a los\u00a0<strong>pa\u00edses particularmente vulnerables<\/strong>\u00a0a enfrentar p\u00e9rdidas y da\u00f1os asociados al cambio clim\u00e1tico\u00a0<strong>fue acordada en la Conferencia de las Naciones Unidas sobre el Cambio Clim\u00e1tico (COP 27).\u00a0<\/strong><\/p>\n<p>La viceministra de Cambio Clim\u00e1tico y Sostenibilidad del Ministerio de Medio Ambiente y Recursos Naturales,\u00a0<strong>Milagros De Camps<\/strong>, representa al Gobierno dominicano en las reuniones t\u00e9cnicas que abordar\u00e1n, entre otros temas, el establecimiento de\u00a0<strong>arreglos institucionales, modalidades, estructura, gobernanza y t\u00e9rminos de referencia para el fondo.\u00a0<\/strong>\u00a0<\/p>\n<p>De Camps explic\u00f3 que\u00a0<em>\u201cen el marco de esta reuni\u00f3n, que es la pen\u00faltima reuni\u00f3n donde ya se tienen que entregar recomendaciones de cara a la CO28 en Dubai, debemos tener resultados concretos, debemos trabajar en base a la solidaridad de los pa\u00edses y la vulnerabilidad de los pa\u00edses m\u00e1s vulnerables al cambio clim\u00e1tico, que es para quienes se ha dise\u00f1ado y estructurado este fondo\u201d.\u00a0<\/em>\u00a0<\/p>\n<p><em>\u201cLos pa\u00edses como nosotros, peque\u00f1os estados insulares en v\u00edas de desarrollo, ya estamos haciendo frente a estos efectos adversos asociados al cambio clim\u00e1tico que nosotros no causamos y eso est\u00e1 limitando nuestra capacidad de desarrollo sostenible y nuestros esfuerzos para reducir la pobreza en nuestros pa\u00edses\u201d,\u00a0<\/em>resalt\u00f3 De Camps.\u00a0<\/p>\n<p>El c\u00f3nclave cuenta con la\u00a0<strong>participaci\u00f3n de 88 representantes oficiales de los pa\u00edses del CMNUCC<\/strong>, as\u00ed como de observadores de\u00a0<strong>organizaciones no gubernamentales y de la sociedad civil.\u00a0<\/strong><\/p>\n<p>Adem\u00e1s de la viceministra De Camps encabezaron el acto de apertura,\u00a0<strong>Richard Sherman y Outi Honkatukia<\/strong>, copresidentes del comit\u00e9 transicional;\u00a0<strong>Daniel Violetti<\/strong>, del Secretariado de la CMNUCC y director de los Medios de Implementaci\u00f3n de la Convenci\u00f3n, y el viceministro de Pol\u00edtica Exterior,\u00a0<strong>Rub\u00e9n Sili\u00e9<\/strong>. \u00a0<\/p>\n<p><strong>El Comit\u00e9 de Transici\u00f3n est\u00e1 compuesto por 24 miembros<\/strong>\u00a0de las Partes en la Convenci\u00f3n y en el Acuerdo de Par\u00eds, de los cuales\u00a0<strong>10 son pa\u00edses desarrollados y 14 en v\u00eda de desarrollo.\u00a0<\/strong><\/p>\n<p>Adem\u00e1s de Rep\u00fablica Dominicana son miembros del Comit\u00e9 de Transici\u00f3n: Egipto, \u00c1frica del Sur, Sud\u00e1n, Zambia, Emiratos \u00c1rabes Unidos, India, Filipinas, Arabia Saudita, China, Rep\u00fablica de Corea, Pakist\u00e1n, Chile, Colombia, Brasil, Venezuela, Barbados, Antigua y Barbuda, Reino Unido, Jap\u00f3n, Dinamarca, Alemania, Pa\u00edses Bajos, Irlanda, Canad\u00e1, Finlandia, Australia, Francia, Estados Unidos, Armenia, But\u00e1n, Noruega, Timor Oriental y Maldivas.\u00a0<\/p>\n<p>Al acoger la cumbre, Rep\u00fablica Dominicana\u00a0<strong>demuestra su compromiso<\/strong>\u00a0con los acuerdos clim\u00e1ticos y, a la vez,\u00a0<strong>llama la atenci\u00f3n sobre su propia vulnerabilidad<\/strong>\u00a0por su posici\u00f3n de pa\u00eds insular en desarrollo.\u00a0 \u00a0<\/p>\n<p>Igualmente,\u00a0<strong>se identificar\u00e1n las posibles fuentes de financiaci\u00f3n<\/strong>, reconociendo la necesidad de apoyo de una amplia variedad de fuentes, incluidas las innovadoras.\u00a0<\/p>\n<p>Durante los encuentros tambi\u00e9n se analizar\u00e1 el\u00a0<strong>panorama actual de las instituciones<\/strong>, incluidas las mundiales, regionales y nacionales, que financian actividades relacionadas con el tratamiento de las p\u00e9rdidas y los da\u00f1os, y\u00a0<strong>las formas en que se puede mejorar la coherencia, la coordinaci\u00f3n y las sinergias entre ellas.<\/strong><\/p>\n<\/div>\n","protected":false},"excerpt":{"rendered":"<p>Santo Domingo.- A partir de este martes, Rep\u00fablica Dominicana ser\u00e1 sede de la\u00a0III Reuni\u00f3n del Comit\u00e9 de Transici\u00f3n de la Convenci\u00f3n Marco de Naciones Unidas para el Cambio Clim\u00e1tico (CMNUCC),&hellip; <\/p>\n","protected":false},"author":2,"featured_media":4650,"comment_status":"closed","ping_status":"closed","sticky":false,"template":"","format":"standard","meta":{"fifu_image_url":"https:\/\/i0.wp.com\/elmundodelosnegocios.com.do\/v1\/wp-content\/uploads\/2023\/08\/IMG_2566-1024x576.jpeg?resize=1024,576&ssl=1","fifu_image_alt":"Rep\u00fablica Dominicana acoge importante reuni\u00f3n de la ONU por cambio clim\u00e1tico","footnotes":""},"categories":[63],"tags":[],"class_list":["post-4649","post","type-post","status-publish","format-standard","has-post-thumbnail","hentry","category-actualidad"],"_links":{"self":[{"href":"https:\/\/elmundodelapolitica.com\/v1\/wp-json\/wp\/v2\/posts\/4649","targetHints":{"allow":["GET"]}}],"collection":[{"href":"https:\/\/elmundodelapolitica.com\/v1\/wp-json\/wp\/v2\/posts"}],"about":[{"href":"https:\/\/elmundodelapolitica.com\/v1\/wp-json\/wp\/v2\/types\/post"}],"author":[{"embeddable":true,"href":"https:\/\/elmundodelapolitica.com\/v1\/wp-json\/wp\/v2\/users\/2"}],"replies":[{"embeddable":true,"href":"https:\/\/elmundodelapolitica.com\/v1\/wp-json\/wp\/v2\/comments?post=4649"}],"version-history":[{"count":0,"href":"https:\/\/elmundodelapolitica.com\/v1\/wp-json\/wp\/v2\/posts\/4649\/revisions"}],"wp:featuredmedia":[{"embeddable":true,"href":"https:\/\/elmundodelapolitica.com\/v1\/wp-json\/wp\/v2\/media\/4650"}],"wp:attachment":[{"href":"https:\/\/elmundodelapolitica.com\/v1\/wp-json\/wp\/v2\/media?parent=4649"}],"wp:term":[{"taxonomy":"category","embeddable":true,"href":"https:\/\/elmundodelapolitica.com\/v1\/wp-json\/wp\/v2\/categories?post=4649"},{"taxonomy":"post_tag","embeddable":true,"href":"https:\/\/elmundodelapolitica.com\/v1\/wp-json\/wp\/v2\/tags?post=4649"}],"curies":[{"name":"wp","href":"https:\/\/api.w.org\/{rel}","templated":true}]}}