{"id":4641,"date":"2023-08-30T13:20:02","date_gmt":"2023-08-30T17:20:02","guid":{"rendered":"https:\/\/elmundodelapolitica.com\/v1\/?p=4641"},"modified":"2023-08-30T13:20:02","modified_gmt":"2023-08-30T17:20:02","slug":"programa-de-naciones-unidas-reconoce-esfuerzos-del-pais-en-lucha-contra-la-violencia","status":"publish","type":"post","link":"https:\/\/elmundodelapolitica.com\/v1\/programa-de-naciones-unidas-reconoce-esfuerzos-del-pais-en-lucha-contra-la-violencia\/","title":{"rendered":"Programa de Naciones Unidas reconoce esfuerzos del pa\u00eds en lucha contra la violencia"},"content":{"rendered":"<div>\n<p>Santo Domingo.-\u00a0<strong>El Ministerio de Interior y Polic\u00eda<\/strong>\u00a0y el Programa de las Naciones Unidas para el Desarrollo\u00a0<strong>(PNUD)<\/strong>\u00a0iniciaron el\u00a0<strong>6.\u00b0 Foro sobre Seguridad Ciudadana y Violencia en Am\u00e9rica Latina<\/strong>, que aborda acciones para reforzar el trabajo contra todo tipo de violencia y abarca el v\u00ednculo entre agresiones y migraci\u00f3n. El organismo internacional reconoci\u00f3 los\u00a0<strong>esfuerzos del pa\u00eds para enfrentar el problema<\/strong>.<\/p>\n<div class=\"wp-block-image\">\n<figure class=\"aligncenter size-large\"><img data-attachment-id=\"31940\" data-permalink=\"https:\/\/elmundodelosnegocios.com.do\/v1\/index.php\/2023\/08\/30\/programa-de-naciones-unidas-reconoce-esfuerzos-del-pais-en-lucha-contra-la-violencia\/000a-2-2\/\" data-orig-file=\"https:\/\/i0.wp.com\/elmundodelosnegocios.com.do\/v1\/wp-content\/uploads\/2023\/08\/000A-2.jpg?fit=1300%2C731&amp;ssl=1\" data-orig-size=\"1300,731\" data-comments-opened=\"0\" data-image-meta='{\"aperture\":\"0\",\"credit\":\"\",\"camera\":\"\",\"caption\":\"\",\"created_timestamp\":\"0\",\"copyright\":\"\",\"focal_length\":\"0\",\"iso\":\"0\",\"shutter_speed\":\"0\",\"title\":\"\",\"orientation\":\"0\"}' data-image-title=\"000A-2\" data-image-description=\"\" data-image-caption=\"\" data-medium-file=\"https:\/\/i0.wp.com\/elmundodelosnegocios.com.do\/v1\/wp-content\/uploads\/2023\/08\/000A-2.jpg?fit=300%2C169&amp;ssl=1\" data-large-file=\"https:\/\/i0.wp.com\/elmundodelosnegocios.com.do\/v1\/wp-content\/uploads\/2023\/08\/000A-2.jpg?fit=1024%2C576&amp;ssl=1\" decoding=\"async\" loading=\"lazy\" width=\"1024\" height=\"576\" src=\"https:\/\/i0.wp.com\/elmundodelosnegocios.com.do\/v1\/wp-content\/uploads\/2023\/08\/000A-2-1024x576.jpg?resize=1024,576&amp;ssl=1\" alt=\"\" class=\"wp-image-31940\" srcset=\"https:\/\/i0.wp.com\/elmundodelosnegocios.com.do\/v1\/wp-content\/uploads\/2023\/08\/000A-2.jpg?resize=1024%2C576&amp;ssl=1 1024w, https:\/\/i0.wp.com\/elmundodelosnegocios.com.do\/v1\/wp-content\/uploads\/2023\/08\/000A-2.jpg?resize=300%2C169&amp;ssl=1 300w, https:\/\/i0.wp.com\/elmundodelosnegocios.com.do\/v1\/wp-content\/uploads\/2023\/08\/000A-2.jpg?resize=768%2C432&amp;ssl=1 768w, https:\/\/i0.wp.com\/elmundodelosnegocios.com.do\/v1\/wp-content\/uploads\/2023\/08\/000A-2.jpg?w=1300&amp;ssl=1 1300w\" sizes=\"auto, (max-width: 1024px) 100vw, 1024px\" data-recalc-dims=\"1\"><\/figure>\n<\/div>\n<p>El c\u00f3nclave discute la\u00a0<strong>labor de gesti\u00f3n y an\u00e1lisis de informaci\u00f3n<\/strong>\u00a0en Belice, Costa Rica, El Salvador, Guatemala Honduras y Rep\u00fablica Dominicana.<\/p>\n<div class=\"wp-block-image\">\n<figure class=\"aligncenter\"><img decoding=\"async\" src=\"https:\/\/i0.wp.com\/presidencia.gob.do\/sites\/default\/files\/inline-images\/pnud.jpg?w=1110&amp;ssl=1\" alt=\"\" data-recalc-dims=\"1\"><\/figure>\n<\/div>\n<p><strong>La representante del PNUD, Inka Mattila<\/strong>, ponder\u00f3 la importancia de la\u00a0<strong>comunicaci\u00f3n entre academias y los tomadores de decisiones\u00a0<\/strong>para luchar contra la violencia.\u00a0<strong>\u00abCompartimos este deseo de que todas las personas vivan en un ambiente seguro\u00bb.<\/strong><\/p>\n<p>Reconoci\u00f3 al viceministro de Seguridad,\u00a0<strong>Jes\u00fas F\u00e9liz<\/strong>, por haber propuesto que el foro fuera en el pa\u00eds.\u00a0<em>\u00abEsto muestra el compromiso de Rep\u00fablica Dominicana con la iniciativa que impulsamos\u00bb.<\/em><\/p>\n<p>Al dar la bienvenida,\u00a0<strong>el ministro Jes\u00fas V\u00e1squez<\/strong>\u00a0destac\u00f3 los logros de\u00a0 Rep\u00fablica Dominicana y expres\u00f3 que todas las instituciones del Estado trabajan en forma articulada y\u00a0<strong>existe una sola l\u00ednea de acci\u00f3n en la materia.<\/strong><\/p>\n<p><em>\u00abDesarrollamos una sola pol\u00edtica de seguridad jam\u00e1s vista\u00bb<\/em>, coment\u00f3 y explic\u00f3 que la actividad tambi\u00e9n tiene dentro de sus objetivos dar\u00a0<strong>protecci\u00f3n a las personas migrantes.<\/strong><\/p>\n<p>Entre las\u00a0 ejecutorias de las autoridades para fortalecer la seguridad, cit\u00f3 la impartici\u00f3n de\u00a0<strong>cursos a l\u00edderes comunitarios sobre prevenci\u00f3n de conflictos<\/strong>\u00a0y la implementaci\u00f3n del programa\u00a0<strong>\u00abDe Vuelta al Barrio\u00bb.<\/strong><\/p>\n<p><strong>Robert Clink<\/strong>, subdirector interino de la Agencia de los Estados Unidos para el desarrollo Internacional\u00a0<strong>(USAID),<\/strong>agradeci\u00f3 al pa\u00eds por su comprensi\u00f3n en la\u00a0<strong>b\u00fasqueda de soluciones para el problema de la seguridad en la regi\u00f3n latinoamericana.<\/strong><\/p>\n<p>Explic\u00f3 que el foro fomenta el\u00a0<strong>di\u00e1logo entre el sector educativo, gobernantes, la sociedad civil y socios internacionales.\u00a0<\/strong><em>\u00abLas pol\u00edticas respaldadas por datos son claves para la b\u00fasqueda de soluciones\u00bb.<\/em><\/p>\n<p>De su lado\u00a0<strong>Cheila Varela<\/strong>, directora del programa de colaboraci\u00f3n Facultad Latinoamericana de Ciencias Sociales\u00a0<strong>(FLACSO),<\/strong>\u00a0destac\u00f3 que el evento que concluye ma\u00f1ana tiene como finalidad principal cooperar en las investigaciones sobre los tipos de violencia.\u00a0<em>\u00abAbogamos por la sostenibilidad de esta iniciativa que impulsa la convivencia pac\u00edfica\u00bb.<\/em><\/p>\n<\/div>\n","protected":false},"excerpt":{"rendered":"<p>Santo Domingo.-\u00a0El Ministerio de Interior y Polic\u00eda\u00a0y el Programa de las Naciones Unidas para el Desarrollo\u00a0(PNUD)\u00a0iniciaron el\u00a06.\u00b0 Foro sobre Seguridad Ciudadana y Violencia en Am\u00e9rica Latina, que aborda acciones para&hellip; <\/p>\n","protected":false},"author":2,"featured_media":4642,"comment_status":"closed","ping_status":"closed","sticky":false,"template":"","format":"standard","meta":{"fifu_image_url":"https:\/\/i0.wp.com\/elmundodelosnegocios.com.do\/v1\/wp-content\/uploads\/2023\/08\/000A-2-1024x576.jpg?resize=1024,576&ssl=1","fifu_image_alt":"Programa de Naciones Unidas reconoce esfuerzos del pa\u00eds en lucha contra la violencia","footnotes":""},"categories":[63],"tags":[],"class_list":["post-4641","post","type-post","status-publish","format-standard","has-post-thumbnail","hentry","category-actualidad"],"_links":{"self":[{"href":"https:\/\/elmundodelapolitica.com\/v1\/wp-json\/wp\/v2\/posts\/4641","targetHints":{"allow":["GET"]}}],"collection":[{"href":"https:\/\/elmundodelapolitica.com\/v1\/wp-json\/wp\/v2\/posts"}],"about":[{"href":"https:\/\/elmundodelapolitica.com\/v1\/wp-json\/wp\/v2\/types\/post"}],"author":[{"embeddable":true,"href":"https:\/\/elmundodelapolitica.com\/v1\/wp-json\/wp\/v2\/users\/2"}],"replies":[{"embeddable":true,"href":"https:\/\/elmundodelapolitica.com\/v1\/wp-json\/wp\/v2\/comments?post=4641"}],"version-history":[{"count":0,"href":"https:\/\/elmundodelapolitica.com\/v1\/wp-json\/wp\/v2\/posts\/4641\/revisions"}],"wp:featuredmedia":[{"embeddable":true,"href":"https:\/\/elmundodelapolitica.com\/v1\/wp-json\/wp\/v2\/media\/4642"}],"wp:attachment":[{"href":"https:\/\/elmundodelapolitica.com\/v1\/wp-json\/wp\/v2\/media?parent=4641"}],"wp:term":[{"taxonomy":"category","embeddable":true,"href":"https:\/\/elmundodelapolitica.com\/v1\/wp-json\/wp\/v2\/categories?post=4641"},{"taxonomy":"post_tag","embeddable":true,"href":"https:\/\/elmundodelapolitica.com\/v1\/wp-json\/wp\/v2\/tags?post=4641"}],"curies":[{"name":"wp","href":"https:\/\/api.w.org\/{rel}","templated":true}]}}