{"id":4632,"date":"2023-08-29T10:39:46","date_gmt":"2023-08-29T14:39:46","guid":{"rendered":"https:\/\/elmundodelapolitica.com\/v1\/?p=4632"},"modified":"2023-08-29T10:39:46","modified_gmt":"2023-08-29T14:39:46","slug":"republica-dominicana-evalua-instalacion-de-paneles-solares-flotantes-en-embalses-de-las-presas","status":"publish","type":"post","link":"https:\/\/elmundodelapolitica.com\/v1\/republica-dominicana-evalua-instalacion-de-paneles-solares-flotantes-en-embalses-de-las-presas\/","title":{"rendered":"Rep\u00fablica Dominicana eval\u00faa instalaci\u00f3n de paneles solares flotantes en embalses de las presas"},"content":{"rendered":"<div>\n<p>Santo Domingo.- Rep\u00fablica Dominicana est\u00e1 evaluando los costos y beneficios asociados a la\u00a0<strong>instalaci\u00f3n de un sistema de paneles solares flotantes en las aguas de los embalses del pa\u00eds<\/strong>, para seguir aumentando la capacidad de generar energ\u00eda el\u00e9ctrica a partir de fuentes naturales.<\/p>\n<figure class=\"wp-block-image size-large\"><img loading=\"lazy\" data-attachment-id=\"31929\" data-permalink=\"https:\/\/elmundodelosnegocios.com.do\/v1\/index.php\/2023\/08\/29\/republica-dominicana-evalua-instalacion-de-paneles-solares-flotantes-en-embalses-de-las-presas\/foto-referencial\/\" data-orig-file=\"https:\/\/i0.wp.com\/elmundodelosnegocios.com.do\/v1\/wp-content\/uploads\/2023\/08\/FOTO-REFERENCIAL.png?fit=1300%2C731&amp;ssl=1\" data-orig-size=\"1300,731\" data-comments-opened=\"0\" data-image-meta='{\"aperture\":\"0\",\"credit\":\"\",\"camera\":\"\",\"caption\":\"\",\"created_timestamp\":\"0\",\"copyright\":\"\",\"focal_length\":\"0\",\"iso\":\"0\",\"shutter_speed\":\"0\",\"title\":\"\",\"orientation\":\"0\"}' data-image-title=\"FOTO-REFERENCIAL\" data-image-description=\"\" data-image-caption=\"\" data-medium-file=\"https:\/\/i0.wp.com\/elmundodelosnegocios.com.do\/v1\/wp-content\/uploads\/2023\/08\/FOTO-REFERENCIAL.png?fit=300%2C169&amp;ssl=1\" data-large-file=\"https:\/\/i0.wp.com\/elmundodelosnegocios.com.do\/v1\/wp-content\/uploads\/2023\/08\/FOTO-REFERENCIAL.png?fit=1024%2C576&amp;ssl=1\" decoding=\"async\" width=\"1024\" height=\"576\" src=\"https:\/\/i0.wp.com\/elmundodelosnegocios.com.do\/v1\/wp-content\/uploads\/2023\/08\/FOTO-REFERENCIAL-1024x576.png?resize=1024,576&amp;ssl=1\" alt=\"\" class=\"wp-image-31929\" srcset=\"https:\/\/i0.wp.com\/elmundodelosnegocios.com.do\/v1\/wp-content\/uploads\/2023\/08\/FOTO-REFERENCIAL.png?resize=1024%2C576&amp;ssl=1 1024w, https:\/\/i0.wp.com\/elmundodelosnegocios.com.do\/v1\/wp-content\/uploads\/2023\/08\/FOTO-REFERENCIAL.png?resize=300%2C169&amp;ssl=1 300w, https:\/\/i0.wp.com\/elmundodelosnegocios.com.do\/v1\/wp-content\/uploads\/2023\/08\/FOTO-REFERENCIAL.png?resize=768%2C432&amp;ssl=1 768w, https:\/\/i0.wp.com\/elmundodelosnegocios.com.do\/v1\/wp-content\/uploads\/2023\/08\/FOTO-REFERENCIAL.png?w=1300&amp;ssl=1 1300w\" sizes=\"auto, (max-width: 1024px) 100vw, 1024px\" data-recalc-dims=\"1\"><\/figure>\n<p>As\u00ed lo inform\u00f3 el vicepresidente ejecutivo del Consejo Nacional para el Cambio Clim\u00e1tico y Mecanismo de Desarrollo Limpio\u00a0<strong>(CNCCMDL),<\/strong>\u00a0<strong>Max Puig<\/strong>, al finalizar su participaci\u00f3n en la\u00a0<strong>Quinta Reuni\u00f3n del Comit\u00e9 Regional para Latinoam\u00e9rica y Caribe de la Alianza Solar Internacional<\/strong>\u00a0(ISA por sus siglas en ingl\u00e9s), organizaci\u00f3n con sede en\u00a0<strong>Nueva Delhi, India.<\/strong><\/p>\n<p>Puig explic\u00f3 que la\u00a0<strong>Alianza Solar Internacional<\/strong>\u00a0podr\u00eda canalizar\u00a0<strong>la asistencia t\u00e9cnica y el financiamiento necesarios<\/strong>\u00a0para la instalaci\u00f3n y establecimiento de un sistema de generaci\u00f3n de energ\u00eda el\u00e9ctrica fotovoltaica,\u00a0<strong>aprovechando la superficie acu\u00e1tica de algunas presas del pa\u00eds.\u00a0<\/strong><\/p>\n<p><em>\u201cAdem\u00e1s de la posibilidad de instalar paneles solares flotantes en las presas, estamos conversando con la ISA; la Comisi\u00f3n Nacional de Energ\u00eda; el Ministerio de Energ\u00eda y Minas; la Comisi\u00f3n de Fomento a la Tecnificaci\u00f3n de Riego; y la representaci\u00f3n en Rep\u00fablica Dominicana de las Organizaci\u00f3n de las Naciones Unidas para la Alimentaci\u00f3n y la Agricultura (FAO) para implementar un programa de suministro de agua para riego agr\u00edcola a partir de bombas operadas con energ\u00eda solar\u201d,<\/em>\u00a0dijo.<\/p>\n<figure class=\"wp-block-image\"><img decoding=\"async\" src=\"https:\/\/i0.wp.com\/presidencia.gob.do\/sites\/default\/files\/inline-images\/MAX ISA .JPG?w=1110&amp;ssl=1\" alt=\"Max Puig\" data-recalc-dims=\"1\"><\/figure>\n<p>Max Puig record\u00f3 que durante la actual administraci\u00f3n se han dado grandes pasos que conducir\u00e1n, a corto plazo, a la\u00a0<strong>ratificaci\u00f3n por el Congreso Nacional del acuerdo de adhesi\u00f3n de Rep\u00fablica Dominicana a la Alianza Solar Internacional<\/strong>, lo cual mejorar\u00eda las posibilidades de que el pa\u00eds participe de programas y proyectos para impulsar la generaci\u00f3n de energ\u00eda el\u00e9ctrica fotovoltaica.\u00a0<\/p>\n<p>La Quinta Reuni\u00f3n del Comit\u00e9 Regional para Latinoam\u00e9rica y Caribe de la ISA\u00a0<strong>fue presidida por la representaci\u00f3n de Venezuela<\/strong>\u00a0y sirvi\u00f3 para pasar balance a distintos programas y actividades de la Alianza, incluyendo los programas de capacitaci\u00f3n; apoyos para la creaci\u00f3n de marcos habilitantes para facilitar la transici\u00f3n energ\u00e9tica basada en fuentes renovables; las ventanillas de financiamiento para proyectos para emprendimientos y la participaci\u00f3n del sector privado en esos procesos.<\/p>\n<p>Adem\u00e1s de Max Puig, Rep\u00fablica Dominicana estuvo representada por Hugo Morales, gerente de Energ\u00edas Renovables del Ministerio de Energ\u00eda y Minas; Alan Ram\u00edrez Risk, director t\u00e9cnico del Consejo Nacional para el Cambio Clim\u00e1tico, as\u00ed como el embajador dominicano en India, David Puig, y el ministro consejero de esa representaci\u00f3n diplom\u00e1tica, Gustavo Sosa.<\/p>\n<\/div>\n","protected":false},"excerpt":{"rendered":"<p>Santo Domingo.- Rep\u00fablica Dominicana est\u00e1 evaluando los costos y beneficios asociados a la\u00a0instalaci\u00f3n de un sistema de paneles solares flotantes en las aguas de los embalses del pa\u00eds, para seguir&hellip; <\/p>\n","protected":false},"author":2,"featured_media":4633,"comment_status":"closed","ping_status":"closed","sticky":false,"template":"","format":"standard","meta":{"fifu_image_url":"https:\/\/i0.wp.com\/elmundodelosnegocios.com.do\/v1\/wp-content\/uploads\/2023\/08\/FOTO-REFERENCIAL-1024x576.png?resize=1024,576&ssl=1","fifu_image_alt":"Rep\u00fablica Dominicana eval\u00faa instalaci\u00f3n de paneles solares flotantes en embalses de las presas","footnotes":""},"categories":[63],"tags":[],"class_list":["post-4632","post","type-post","status-publish","format-standard","has-post-thumbnail","hentry","category-actualidad"],"_links":{"self":[{"href":"https:\/\/elmundodelapolitica.com\/v1\/wp-json\/wp\/v2\/posts\/4632","targetHints":{"allow":["GET"]}}],"collection":[{"href":"https:\/\/elmundodelapolitica.com\/v1\/wp-json\/wp\/v2\/posts"}],"about":[{"href":"https:\/\/elmundodelapolitica.com\/v1\/wp-json\/wp\/v2\/types\/post"}],"author":[{"embeddable":true,"href":"https:\/\/elmundodelapolitica.com\/v1\/wp-json\/wp\/v2\/users\/2"}],"replies":[{"embeddable":true,"href":"https:\/\/elmundodelapolitica.com\/v1\/wp-json\/wp\/v2\/comments?post=4632"}],"version-history":[{"count":0,"href":"https:\/\/elmundodelapolitica.com\/v1\/wp-json\/wp\/v2\/posts\/4632\/revisions"}],"wp:featuredmedia":[{"embeddable":true,"href":"https:\/\/elmundodelapolitica.com\/v1\/wp-json\/wp\/v2\/media\/4633"}],"wp:attachment":[{"href":"https:\/\/elmundodelapolitica.com\/v1\/wp-json\/wp\/v2\/media?parent=4632"}],"wp:term":[{"taxonomy":"category","embeddable":true,"href":"https:\/\/elmundodelapolitica.com\/v1\/wp-json\/wp\/v2\/categories?post=4632"},{"taxonomy":"post_tag","embeddable":true,"href":"https:\/\/elmundodelapolitica.com\/v1\/wp-json\/wp\/v2\/tags?post=4632"}],"curies":[{"name":"wp","href":"https:\/\/api.w.org\/{rel}","templated":true}]}}