{"id":4630,"date":"2023-08-29T10:36:22","date_gmt":"2023-08-29T14:36:22","guid":{"rendered":"https:\/\/elmundodelapolitica.com\/v1\/?p=4630"},"modified":"2023-08-29T10:36:22","modified_gmt":"2023-08-29T14:36:22","slug":"gobierno-ha-incurrido-en-gastos-por-mas-de-rd-5000-millones-por-danos-de-tormenta-franklin","status":"publish","type":"post","link":"https:\/\/elmundodelapolitica.com\/v1\/gobierno-ha-incurrido-en-gastos-por-mas-de-rd-5000-millones-por-danos-de-tormenta-franklin\/","title":{"rendered":"Gobierno ha incurrido en gastos por m\u00e1s de RD 5,000 millones por da\u00f1os de tormenta Franklin"},"content":{"rendered":"<div>\n<p>Santo Domingo.-\u00a0<strong>El presidente Luis Abinader<\/strong>\u00a0inform\u00f3 este lunes que el Gobierno ha incurrido hasta el momento en\u00a0<strong>gastos por unos 5,100 millones de pesos<\/strong>\u00a0para responder a los\u00a0<strong>da\u00f1os causados por la tormenta Franklin\u00a0<\/strong>en las diferentes \u00e1reas del pa\u00eds.<\/p>\n<figure class=\"wp-block-image size-large\"><img data-attachment-id=\"31926\" data-permalink=\"https:\/\/elmundodelosnegocios.com.do\/v1\/index.php\/2023\/08\/29\/gobierno-ha-incurrido-en-gastos-por-mas-de-rd-5000-millones-por-danos-de-tormenta-franklin\/000c-7\/\" data-orig-file=\"https:\/\/i0.wp.com\/elmundodelosnegocios.com.do\/v1\/wp-content\/uploads\/2023\/08\/000c-7.jpg?fit=1300%2C731&amp;ssl=1\" data-orig-size=\"1300,731\" data-comments-opened=\"0\" data-image-meta='{\"aperture\":\"0\",\"credit\":\"\",\"camera\":\"\",\"caption\":\"\",\"created_timestamp\":\"0\",\"copyright\":\"\",\"focal_length\":\"0\",\"iso\":\"0\",\"shutter_speed\":\"0\",\"title\":\"\",\"orientation\":\"0\"}' data-image-title=\"000c-7\" data-image-description=\"\" data-image-caption=\"\" data-medium-file=\"https:\/\/i0.wp.com\/elmundodelosnegocios.com.do\/v1\/wp-content\/uploads\/2023\/08\/000c-7.jpg?fit=300%2C169&amp;ssl=1\" data-large-file=\"https:\/\/i0.wp.com\/elmundodelosnegocios.com.do\/v1\/wp-content\/uploads\/2023\/08\/000c-7.jpg?fit=1024%2C576&amp;ssl=1\" decoding=\"async\" loading=\"lazy\" width=\"1024\" height=\"576\" src=\"https:\/\/i0.wp.com\/elmundodelosnegocios.com.do\/v1\/wp-content\/uploads\/2023\/08\/000c-7-1024x576.jpg?resize=1024,576&amp;ssl=1\" alt=\"\" class=\"wp-image-31926\" srcset=\"https:\/\/i0.wp.com\/elmundodelosnegocios.com.do\/v1\/wp-content\/uploads\/2023\/08\/000c-7.jpg?resize=1024%2C576&amp;ssl=1 1024w, https:\/\/i0.wp.com\/elmundodelosnegocios.com.do\/v1\/wp-content\/uploads\/2023\/08\/000c-7.jpg?resize=300%2C169&amp;ssl=1 300w, https:\/\/i0.wp.com\/elmundodelosnegocios.com.do\/v1\/wp-content\/uploads\/2023\/08\/000c-7.jpg?resize=768%2C432&amp;ssl=1 768w, https:\/\/i0.wp.com\/elmundodelosnegocios.com.do\/v1\/wp-content\/uploads\/2023\/08\/000c-7.jpg?w=1300&amp;ssl=1 1300w\" sizes=\"auto, (max-width: 1024px) 100vw, 1024px\" data-recalc-dims=\"1\"><\/figure>\n<p><em>\u201cHasta la fecha, los da\u00f1os en que se ha incurrido por la tormenta Franklin en las diferentes \u00e1reas y territorios del pa\u00eds, como dije en la parte de infraestructura, tanto vial, el\u00e9ctrica, de agua, al momento es de unos 5,100 millones de pesos\u201d,<\/em>\u00a0expres\u00f3 el mandatario.<\/p>\n<p>Estas declaraciones fueron ofrecidas por el mandatario durante\u00a0<strong>el lanzamiento de la plataforma de comunicaci\u00f3n \u201cLA Semanal con la prensa\u201d,\u00a0<\/strong>una serie de conferencias presenciales que tendr\u00e1n lugar\u00a0<strong>todos los lunes<\/strong>\u00a0a las 4:30 de la tarde en el Sal\u00f3n de las Cari\u00e1tides del Palacio Nacional.<\/p>\n<p>El jefe del Estado precis\u00f3 que hasta el momento el Gobierno ha trabajado con el\u00a0<strong>objetivo de cuidar vidas y que los sectores m\u00e1s afectados por la tormenta son agricultura, agua y obras p\u00fablicas en la parte vial.\u00a0<\/strong><\/p>\n<p>Indic\u00f3 que, dada la labor realizada,\u00a0<strong>ya los acueductos y el servicio el\u00e9ctrico han sido restablecidos.<\/strong><\/p>\n<p>Del mismo modo, manifest\u00f3 que se elabora un\u00a0<strong>plan para soterrar el cableado\u00a0<\/strong>en todo el centro de la ciudad de Santo Domingo a trav\u00e9s de una\u00a0<strong>alianza p\u00fablico-privada.<\/strong><\/p>\n<figure class=\"wp-block-image\"><img decoding=\"async\" src=\"https:\/\/i0.wp.com\/presidencia.gob.do\/sites\/default\/files\/inline-images\/26b889e9-610e-4e81-8791-6e7037e43ef9.jpeg?w=1110&amp;ssl=1\" alt=\"\" data-recalc-dims=\"1\"><\/figure>\n<p>Asimismo, dijo que se solicitaron\u00a0<strong>dos radares m\u00e1s para ONAMET,<\/strong>\u00a0los cuales servir\u00e1n para predecir los fen\u00f3menos atmosf\u00e9ricos y que estar\u00e1n\u00a0<strong>instalados en el centro de la isla y el norte.<\/strong><\/p>\n<p><strong>El alcantarillado<\/strong><\/p>\n<p>Respecto al alcantarillado del Distrito Nacional, sostuvo que en\u00a0<strong>unos 15 d\u00edas se presentar\u00e1 un proyecto que permitir\u00e1 hacerlo m\u00e1s eficiente.<\/strong><\/p>\n<p><strong>Inicio clases<\/strong><\/p>\n<p>En torno a este tema, el gobernante asegur\u00f3 que\u00a0<strong>ante el inicio del a\u00f1o escolar se han entregado 1,700,000 libros y que quedan por entregar 1,400,000.<\/strong><\/p>\n<p>Destac\u00f3 que\u00a0<strong>por primera vez el desayuno y almuerzo escolar se entregan desde el inicio del a\u00f1o escolar.<\/strong><\/p>\n<p><em>\u201cEstamos ante una apertura del a\u00f1o escolar que ha iniciado de la mejor manera. Nosotros nos hemos preparado para que el a\u00f1o escolar sea exitoso\u201d,<\/em>\u00a0indic\u00f3.\u00a0<\/p>\n<p>Dijo que actualmente hay\u00a0<strong>39 polit\u00e9cnicos nuevos<\/strong>\u00a0y que para el a\u00f1o\u00a0<strong>2024 habr\u00e1 unos 350<\/strong>. Agreg\u00f3 adem\u00e1s que el\u00a0<strong>ITLA tendr\u00e1 seis nuevos institutos<\/strong>\u00a0en todo el territorio nacional.\u00a0<\/p>\n<p><strong>Hait\u00ed<\/strong><\/p>\n<p>En torno a este tema, el jefe del Estado reiter\u00f3 que\u00a0<strong>no intervendr\u00e1n en el ordenamiento de Hait\u00ed<\/strong>\u00a0y que solo el Gobierno dominicano prestar\u00e1\u00a0<strong>ayuda humanitaria\u00a0<\/strong>al vecino pa\u00eds en caso de que sea necesario.\u00a0<\/p>\n<p>Sostuvo que, en su pr\u00f3ximo viaje a Estados Unidos para estar\u00a0<strong>en la ONU<\/strong>, \u00e9l\u00a0<strong>le dar\u00e1 seguimiento al tema haitiano con los diferentes l\u00edderes mundiales.<\/strong><\/p>\n<p><strong>La frontera<\/strong><\/p>\n<p>Insisti\u00f3 en que Rep\u00fablica Dominica est\u00e1 preparada para defender la frontera dom\u00ednico-haitiana, al tiempo de afirmar que por eso\u00a0<strong>se ha duplicado el salario a los militares en la frontera<\/strong>\u00a0y ya la verja perimetral tiene un\u00a0<strong>95 % de ejecuci\u00f3n.<\/strong><\/p>\n<p>Asimismo, afirm\u00f3 que tanto el Ej\u00e9rcito Nacional como las Fuerzas Armadas\u00a0<strong>est\u00e1n muy bien equipados<\/strong>\u00a0ante cualquier situaci\u00f3n que se pudiera presentar.<\/p>\n<p><strong>Ayuda para los negocios afectados por la explosi\u00f3n<\/strong><\/p>\n<p>Al tocar el tema de los afectados por la\u00a0<strong>explosi\u00f3n en San Crist\u00f3bal<\/strong>, indico que la\u00a0<strong>Superintendencia de Seguros\u00a0<\/strong>coordina y hace los\u00a0<strong>estudios de lugar<\/strong>\u00a0con las partes afectadas. Dijo que a todos los afectados se les ha dado seguimiento y<strong>\u00a0se atiende a los sobrevivientes en todos los \u00f3rdenes.\u00a0<\/strong><\/p>\n<p><strong>Auditor\u00edas<\/strong><\/p>\n<p>El presidente Abinader tambi\u00e9n destac\u00f3 que por\u00a0<strong>primera vez la Contralor\u00eda General de la Rep\u00fablica ha hecho auditor\u00edas que han sido publicadas y dadas a conocer a la opini\u00f3n p\u00fablica.<\/strong>\u00a0Manifest\u00f3 que faltan unas 90 por ser publicadas.\u00a0<em>\u201cPor primera vez, los dominicanos entrar\u00e1n y ver\u00e1n c\u00f3mo se invierte el dinero y podr\u00e1n hacer las sugerencias de lugar\u201d.<\/em><\/p>\n<p>Estuvieron presentes el ministros de la Presidencia, Joel Santos; el ministro administrativo de la Presidencia, Jos\u00e9 Ignacio Paliza; el de Obras P\u00fablicas y Comunicaciones, Deligne Ascensi\u00f3n, y el de Agricultura, Limber Cruz; tambi\u00e9n, el viceministro de Vivienda y Edificaciones, Ney Garc\u00eda; el director de la CAASD, Felipe Suberv\u00ed, y el del Centro de Operaciones de Emergencias (COE), general retirado Juan Manuel M\u00e9ndez Garc\u00eda, as\u00ed\u00a0 como el presidente del Consejo El\u00e9ctrico, Manuel Bonilla, y representantes de medios de comunicaci\u00f3n.<\/p>\n<\/div>\n","protected":false},"excerpt":{"rendered":"<p>Santo Domingo.-\u00a0El presidente Luis Abinader\u00a0inform\u00f3 este lunes que el Gobierno ha incurrido hasta el momento en\u00a0gastos por unos 5,100 millones de pesos\u00a0para responder a los\u00a0da\u00f1os causados por la tormenta Franklin\u00a0en&hellip; <\/p>\n","protected":false},"author":2,"featured_media":4631,"comment_status":"closed","ping_status":"closed","sticky":false,"template":"","format":"standard","meta":{"fifu_image_url":"https:\/\/i0.wp.com\/elmundodelosnegocios.com.do\/v1\/wp-content\/uploads\/2023\/08\/000c-7-1024x576.jpg?resize=1024,576&ssl=1","fifu_image_alt":"Gobierno ha incurrido en gastos por m\u00e1s de RD 5,000 millones por da\u00f1os de tormenta Franklin","footnotes":""},"categories":[63],"tags":[],"class_list":["post-4630","post","type-post","status-publish","format-standard","has-post-thumbnail","hentry","category-actualidad"],"_links":{"self":[{"href":"https:\/\/elmundodelapolitica.com\/v1\/wp-json\/wp\/v2\/posts\/4630","targetHints":{"allow":["GET"]}}],"collection":[{"href":"https:\/\/elmundodelapolitica.com\/v1\/wp-json\/wp\/v2\/posts"}],"about":[{"href":"https:\/\/elmundodelapolitica.com\/v1\/wp-json\/wp\/v2\/types\/post"}],"author":[{"embeddable":true,"href":"https:\/\/elmundodelapolitica.com\/v1\/wp-json\/wp\/v2\/users\/2"}],"replies":[{"embeddable":true,"href":"https:\/\/elmundodelapolitica.com\/v1\/wp-json\/wp\/v2\/comments?post=4630"}],"version-history":[{"count":0,"href":"https:\/\/elmundodelapolitica.com\/v1\/wp-json\/wp\/v2\/posts\/4630\/revisions"}],"wp:featuredmedia":[{"embeddable":true,"href":"https:\/\/elmundodelapolitica.com\/v1\/wp-json\/wp\/v2\/media\/4631"}],"wp:attachment":[{"href":"https:\/\/elmundodelapolitica.com\/v1\/wp-json\/wp\/v2\/media?parent=4630"}],"wp:term":[{"taxonomy":"category","embeddable":true,"href":"https:\/\/elmundodelapolitica.com\/v1\/wp-json\/wp\/v2\/categories?post=4630"},{"taxonomy":"post_tag","embeddable":true,"href":"https:\/\/elmundodelapolitica.com\/v1\/wp-json\/wp\/v2\/tags?post=4630"}],"curies":[{"name":"wp","href":"https:\/\/api.w.org\/{rel}","templated":true}]}}