{"id":4628,"date":"2023-08-29T10:29:07","date_gmt":"2023-08-29T14:29:07","guid":{"rendered":"https:\/\/elmundodelapolitica.com\/v1\/?p=4628"},"modified":"2023-08-29T10:29:07","modified_gmt":"2023-08-29T14:29:07","slug":"feria-del-libro-ofrece-este-martes-una-atractiva-oferta-literaria-y-tecnologica","status":"publish","type":"post","link":"https:\/\/elmundodelapolitica.com\/v1\/feria-del-libro-ofrece-este-martes-una-atractiva-oferta-literaria-y-tecnologica\/","title":{"rendered":"Feria del Libro ofrece este martes una atractiva oferta literaria y tecnol\u00f3gica"},"content":{"rendered":"<div>\n<p>Santo Domingo. \u2013\u00a0<strong>El Ministerio de Cultura<\/strong>\u00a0sigue este martes 29 de agosto el desarrollo de la concurrida\u00a0<strong>Feria Internacional del Libro Santo Domingo 2023 (FILSD),<\/strong>\u00a0con una cartelera variada de\u00a0<strong>conferencias, charlas, talleres y presentaci\u00f3n de libros<\/strong>, entre otras actividades.<\/p>\n<figure class=\"wp-block-image size-large\"><img data-attachment-id=\"31923\" data-permalink=\"https:\/\/elmundodelosnegocios.com.do\/v1\/index.php\/2023\/08\/29\/feria-del-libro-ofrece-este-martes-una-atractiva-oferta-literaria-y-tecnologica\/0000-2\/\" data-orig-file=\"https:\/\/i0.wp.com\/elmundodelosnegocios.com.do\/v1\/wp-content\/uploads\/2023\/08\/0000.jpeg?fit=1300%2C731&amp;ssl=1\" data-orig-size=\"1300,731\" data-comments-opened=\"0\" data-image-meta='{\"aperture\":\"0\",\"credit\":\"\",\"camera\":\"\",\"caption\":\"\",\"created_timestamp\":\"0\",\"copyright\":\"\",\"focal_length\":\"0\",\"iso\":\"0\",\"shutter_speed\":\"0\",\"title\":\"\",\"orientation\":\"0\"}' data-image-title=\"0000\" data-image-description=\"\" data-image-caption=\"\" data-medium-file=\"https:\/\/i0.wp.com\/elmundodelosnegocios.com.do\/v1\/wp-content\/uploads\/2023\/08\/0000.jpeg?fit=300%2C169&amp;ssl=1\" data-large-file=\"https:\/\/i0.wp.com\/elmundodelosnegocios.com.do\/v1\/wp-content\/uploads\/2023\/08\/0000.jpeg?fit=1024%2C576&amp;ssl=1\" decoding=\"async\" loading=\"lazy\" width=\"1024\" height=\"576\" src=\"https:\/\/i0.wp.com\/elmundodelosnegocios.com.do\/v1\/wp-content\/uploads\/2023\/08\/0000-1024x576.jpeg?resize=1024,576&amp;ssl=1\" alt=\"\" class=\"wp-image-31923\" srcset=\"https:\/\/i0.wp.com\/elmundodelosnegocios.com.do\/v1\/wp-content\/uploads\/2023\/08\/0000.jpeg?resize=1024%2C576&amp;ssl=1 1024w, https:\/\/i0.wp.com\/elmundodelosnegocios.com.do\/v1\/wp-content\/uploads\/2023\/08\/0000.jpeg?resize=300%2C169&amp;ssl=1 300w, https:\/\/i0.wp.com\/elmundodelosnegocios.com.do\/v1\/wp-content\/uploads\/2023\/08\/0000.jpeg?resize=768%2C432&amp;ssl=1 768w, https:\/\/i0.wp.com\/elmundodelosnegocios.com.do\/v1\/wp-content\/uploads\/2023\/08\/0000.jpeg?w=1300&amp;ssl=1 1300w\" sizes=\"auto, (max-width: 1024px) 100vw, 1024px\" data-recalc-dims=\"1\"><\/figure>\n<p><strong>Con el lema \u201cPara todo hay un libro\u201d,<\/strong>\u00a0el evento literario que este a\u00f1o es dedicado a la intelectual\u00a0<strong>Jeannette Miller<\/strong>y cuenta con<strong>\u00a0Israel<\/strong>\u00a0como pa\u00eds invitado, tiene a las 9:00 a. m. en el Pabell\u00f3n de Autores Dominicanos y Talleres Literarios, las\u00a0<strong>lecturas \u201cAmuletos del vac\u00edo\u201d, de Marquelis Valdez, y \u201cAntolog\u00eda Delirium\u201d, del Taller de Narradores de San Crist\u00f3bal.<\/strong><\/p>\n<p>A las 10:00 a. m., la FILSD, ubicada en la remozada Plaza de la Cultura Juan Pablo Duarte, presenta en el imponente Pabell\u00f3n de la Imaginaci\u00f3n,\u00a0<strong>la charla<\/strong>\u00a0\u201c<strong>La formaci\u00f3n STEM (Ciencias-Tecnolog\u00eda-Ingenier\u00eda-Matem\u00e1ticas, por sus siglas en ingl\u00e9s) su impacto para el desarrollo\u201d,<\/strong>\u00a0con la coordinaci\u00f3n de\u00a0<strong>INTEC<\/strong>.<\/p>\n<p>En tanto a las 11:00 a. m., en el Pabell\u00f3n de Identidad y Ciudadan\u00eda del recinto ferial, se realizar\u00e1 el\u00a0<strong>conversatorio \u201cEl estado docente de ayer y hoy\u201d<\/strong>, coordinado por\u00a0<strong>Editorial Universitario Bon\u00f3<\/strong>.<\/p>\n<p><img decoding=\"async\" loading=\"lazy\" src=\"https:\/\/i0.wp.com\/presidencia.gob.do\/sites\/default\/files\/inline-images\/Feria del Libro ofrece este martes una atractiva oferta literaria y tecnol\u00f3gica.jpg?resize=1000,667&amp;ssl=1\" width=\"1000\" height=\"667\" data-recalc-dims=\"1\">A la misma hora, en el Pabell\u00f3n de la Imaginaci\u00f3n se desarrollar\u00e1 la conferencia\u00a0<strong>\u201cNovedades del ecosistema Google for Education\u201d,<\/strong>\u00a0con la ponencia de\u00a0<strong>Alejandro Alm\u00e1nzan Z.<\/strong><\/p>\n<p>La programaci\u00f3n de la Feria Internacional del Libro contin\u00faa a las 2:00 p. m. con el taller\u00a0<strong>\u201cConcept art\/storytelling para animaci\u00f3n\u201d, a cargo de Sebasti\u00e1n Rijo<\/strong>, en el Pabell\u00f3n del C\u00f3mic.<\/p>\n<p>Una hora despu\u00e9s, el Pabell\u00f3n de Autores Dominicanos y Talleres Literarios recibir\u00e1 a los visitantes para una\u00a0<strong>lectura, a cargo del Taller Literario Narradores de Santo Domingo<\/strong>, organizado por\u00a0<strong>Daniel Polanco.<\/strong>\u00a0Simult\u00e1neamente, en la Sala de Encuentros se estar\u00e1 realizando el taller\u00a0<strong>\u201cC\u00f3mo armar un libro con herramientas gratuitas\u201d,<\/strong>\u00a0impartido por Google.<\/p>\n<p>Las 4:00 p. m. es la hora se\u00f1alada para el taller\u00a0<strong>\u201cSiempre dibujando: la importancia de aprender a aprender\u201d,<\/strong>\u00a0en el Pabell\u00f3n del Comic, con el charlista\u00a0<strong>Elkys Nova<\/strong>.<\/p>\n<figure class=\"wp-block-image\"><img decoding=\"async\" src=\"https:\/\/i0.wp.com\/presidencia.gob.do\/sites\/default\/files\/inline-images\/El evento cuenta con Israel como pa\u00eds invitado.jpg?w=1110&amp;ssl=1\" alt=\"\" data-recalc-dims=\"1\"><\/figure>\n<p>Mientras, la Sala de Letras ofrecer\u00e1 a la misma hora la conferencia \u201c<strong>Innovaci\u00f3n israel\u00ed\u201d, a cargo de Avia Levi<\/strong>, c\u00f3nsul de Israel, y el Pabell\u00f3n de la Imaginaci\u00f3n tendr\u00e1 el panel\u00a0<strong>\u201cLas mujeres ingenieras en un mundo globalizado\u201d,\u00a0<\/strong>con la participaci\u00f3n de\u00a0<strong>Ashley Morales, Layi F\u00e9lix y Mirnalin Cherubin<\/strong>, bajo coordinaci\u00f3n de la\u00a0<strong>PUCMM<\/strong>.<\/p>\n<p>A las 5:00 p. m., el Pabell\u00f3n Azul de la Poes\u00eda invita al\u00a0<strong>coloquio<\/strong>\u00a0<strong>\u201cEl (en)canto de la sirena: la traducci\u00f3n como magia\u201d,<\/strong>\u00a0con los expositores\u00a0<strong>Marco Oliveira<\/strong>\u00a0(EE. UU.\/Brasil),\u00a0<strong>Fabian Badejo<\/strong>\u00a0(Nigeria\/St. Marteen) y\u00a0<strong>Chiqui Vicioso<\/strong>(Rep\u00fablica Dominicana).<\/p>\n<p>Una hora m\u00e1s tarde, el evento literario internacional, que se extender\u00e1 hasta el pr\u00f3ximo lunes 4 de septiembre, presenta\u00a0<strong>\u201cLecturas magistrales de la obra po\u00e9tica de Jeannette Miller\u201d, a cargo de Mayra Jim\u00e9nez, ministra de la Mujer,<\/strong>\u00a0en el Pabell\u00f3n dedicado a la autora.<\/p>\n<p>A las 7:00 p. m. en el Pabell\u00f3n de Cine y Literatura habr\u00e1 una proyecci\u00f3n y cinef\u00f3rum sobre el\u00a0<strong>documental \u201cCarta malva\u201d;<\/strong>\u00a0mientras, en la Sala de Letras se realizar\u00e1 el\u00a0<strong>coloquio \u201cMemoria de la violencia: experiencia hist\u00f3rica\/experiencia po\u00e9tica\u201d,<\/strong>\u00a0con las exposiciones de\u00a0<strong>Jos\u00e9 Eduardo Agualusa\u00a0<\/strong>(Angola),\u00a0<strong>Ra\u00fal Zurita<\/strong>\u00a0(Chile),\u00a0<strong>Gioconda Belli<\/strong>\u00a0(Nicaragua) y\u00a0<strong>Tony Raful\u00a0<\/strong>(Rep\u00fablica Dominicana).<\/p>\n<figure class=\"wp-block-image\"><img decoding=\"async\" src=\"https:\/\/i0.wp.com\/presidencia.gob.do\/sites\/default\/files\/inline-images\/Con el lema \u201cPara todo hay un libro\u201d, el evento literario que este a\u00f1o es dedicado a la intelectual Jeannette Miller.JPG?w=1110&amp;ssl=1\" alt=\"\" data-recalc-dims=\"1\"><\/figure>\n<p>Para m\u00e1s informaci\u00f3n y detalles sobre la programaci\u00f3n, los interesados pueden navegar por las redes sociales del MINC (@miculturard) o visitar la p\u00e1gina web<a href=\"https:\/\/presidencia.gob.do\/noticias\/www.cultura.gob.do\">\u00a0www.cultura.gob.do<\/a>.<\/p>\n<p>Asimismo, para dar seguimiento a todas las noticias relacionadas con esta fiesta cultural se puede sintonizar el canal oficial de la XXV Feria Internacional del Libro: Radio Televisi\u00f3n Dominicana (canal 4).<\/p>\n<\/div>\n","protected":false},"excerpt":{"rendered":"<p>Santo Domingo. \u2013\u00a0El Ministerio de Cultura\u00a0sigue este martes 29 de agosto el desarrollo de la concurrida\u00a0Feria Internacional del Libro Santo Domingo 2023 (FILSD),\u00a0con una cartelera variada de\u00a0conferencias, charlas, talleres y&hellip; <\/p>\n","protected":false},"author":2,"featured_media":4629,"comment_status":"closed","ping_status":"closed","sticky":false,"template":"","format":"standard","meta":{"fifu_image_url":"https:\/\/i0.wp.com\/elmundodelosnegocios.com.do\/v1\/wp-content\/uploads\/2023\/08\/0000-1024x576.jpeg?resize=1024,576&ssl=1","fifu_image_alt":"Feria del Libro ofrece este martes una atractiva oferta literaria y tecnol\u00f3gica","footnotes":""},"categories":[63],"tags":[],"class_list":["post-4628","post","type-post","status-publish","format-standard","has-post-thumbnail","hentry","category-actualidad"],"_links":{"self":[{"href":"https:\/\/elmundodelapolitica.com\/v1\/wp-json\/wp\/v2\/posts\/4628","targetHints":{"allow":["GET"]}}],"collection":[{"href":"https:\/\/elmundodelapolitica.com\/v1\/wp-json\/wp\/v2\/posts"}],"about":[{"href":"https:\/\/elmundodelapolitica.com\/v1\/wp-json\/wp\/v2\/types\/post"}],"author":[{"embeddable":true,"href":"https:\/\/elmundodelapolitica.com\/v1\/wp-json\/wp\/v2\/users\/2"}],"replies":[{"embeddable":true,"href":"https:\/\/elmundodelapolitica.com\/v1\/wp-json\/wp\/v2\/comments?post=4628"}],"version-history":[{"count":0,"href":"https:\/\/elmundodelapolitica.com\/v1\/wp-json\/wp\/v2\/posts\/4628\/revisions"}],"wp:featuredmedia":[{"embeddable":true,"href":"https:\/\/elmundodelapolitica.com\/v1\/wp-json\/wp\/v2\/media\/4629"}],"wp:attachment":[{"href":"https:\/\/elmundodelapolitica.com\/v1\/wp-json\/wp\/v2\/media?parent=4628"}],"wp:term":[{"taxonomy":"category","embeddable":true,"href":"https:\/\/elmundodelapolitica.com\/v1\/wp-json\/wp\/v2\/categories?post=4628"},{"taxonomy":"post_tag","embeddable":true,"href":"https:\/\/elmundodelapolitica.com\/v1\/wp-json\/wp\/v2\/tags?post=4628"}],"curies":[{"name":"wp","href":"https:\/\/api.w.org\/{rel}","templated":true}]}}