{"id":4616,"date":"2023-08-28T10:07:33","date_gmt":"2023-08-28T14:07:33","guid":{"rendered":"https:\/\/elmundodelapolitica.com\/v1\/?p=4616"},"modified":"2023-08-28T10:07:33","modified_gmt":"2023-08-28T14:07:33","slug":"desarrollan-gobernador-de-rhode-island-y-amchamdr-agenda-trabajo-fortalecer-relaciones-bilaterales","status":"publish","type":"post","link":"https:\/\/elmundodelapolitica.com\/v1\/desarrollan-gobernador-de-rhode-island-y-amchamdr-agenda-trabajo-fortalecer-relaciones-bilaterales\/","title":{"rendered":"Desarrollan gobernador de Rhode Island y AMCHAMDR agenda trabajo fortalecer relaciones bilaterales"},"content":{"rendered":"<div>\n<p>Providence, Rhode Island. Agosto 28, 2023.- Con la participaci\u00f3n de Daniel McKee, gobernador de Rhode Island\u00a0y Liz Tanner, secretaria de Comercio de ese Estado, la C\u00e1mara Americana de Comercio de la Rep\u00fablica Dominicana (AMCHAMDR) dio inicio el pasado lunes a la Misi\u00f3n Comercial Inbound Rhode Island 2023, un encuentro destinado a fortalecer los lazos comerciales y fomentar la colaboraci\u00f3n entre la Rep\u00fablica Dominicana y el Estado de Rhode Island, en los Estados Unidos.<\/p>\n<figure class=\"wp-block-image size-large\"><img loading=\"lazy\" data-attachment-id=\"31908\" data-permalink=\"https:\/\/elmundodelosnegocios.com.do\/v1\/index.php\/2023\/08\/28\/desarrollan-gobernador-de-rhode-island-y-amchamdr-agenda-trabajo-fortalecer-relaciones-bilaterales\/unnamed-64\/\" data-orig-file=\"https:\/\/i0.wp.com\/elmundodelosnegocios.com.do\/v1\/wp-content\/uploads\/2023\/08\/unnamed.jpg?fit=1600%2C1066&amp;ssl=1\" data-orig-size=\"1600,1066\" data-comments-opened=\"0\" data-image-meta='{\"aperture\":\"0\",\"credit\":\"\",\"camera\":\"\",\"caption\":\"\",\"created_timestamp\":\"0\",\"copyright\":\"\",\"focal_length\":\"0\",\"iso\":\"0\",\"shutter_speed\":\"0\",\"title\":\"\",\"orientation\":\"0\"}' data-image-title=\"unnamed\" data-image-description=\"\" data-image-caption=\"\" data-medium-file=\"https:\/\/i0.wp.com\/elmundodelosnegocios.com.do\/v1\/wp-content\/uploads\/2023\/08\/unnamed.jpg?fit=300%2C200&amp;ssl=1\" data-large-file=\"https:\/\/i0.wp.com\/elmundodelosnegocios.com.do\/v1\/wp-content\/uploads\/2023\/08\/unnamed.jpg?fit=1024%2C682&amp;ssl=1\" decoding=\"async\" width=\"1024\" height=\"682\" src=\"https:\/\/i0.wp.com\/elmundodelosnegocios.com.do\/v1\/wp-content\/uploads\/2023\/08\/unnamed-1024x682.jpg?resize=1024,682&amp;ssl=1\" alt=\"\" class=\"wp-image-31908\" srcset=\"https:\/\/i0.wp.com\/elmundodelosnegocios.com.do\/v1\/wp-content\/uploads\/2023\/08\/unnamed.jpg?resize=1024%2C682&amp;ssl=1 1024w, https:\/\/i0.wp.com\/elmundodelosnegocios.com.do\/v1\/wp-content\/uploads\/2023\/08\/unnamed.jpg?resize=300%2C200&amp;ssl=1 300w, https:\/\/i0.wp.com\/elmundodelosnegocios.com.do\/v1\/wp-content\/uploads\/2023\/08\/unnamed.jpg?resize=768%2C512&amp;ssl=1 768w, https:\/\/i0.wp.com\/elmundodelosnegocios.com.do\/v1\/wp-content\/uploads\/2023\/08\/unnamed.jpg?resize=1536%2C1023&amp;ssl=1 1536w, https:\/\/i0.wp.com\/elmundodelosnegocios.com.do\/v1\/wp-content\/uploads\/2023\/08\/unnamed.jpg?w=1600&amp;ssl=1 1600w\" sizes=\"auto, (max-width: 1024px) 100vw, 1024px\" data-recalc-dims=\"1\"><\/figure>\n<p>Esta misi\u00f3n comercial, que re\u00fane a una delegaci\u00f3n p\u00fablico-privada proveniente de Rhode Island, tuvo como objetivo principal fomentar encuentros entre empresarios y grupos de inter\u00e9s de ambos mercados para la identificaci\u00f3n de oportunidades de negocios en m\u00faltiples sectores econ\u00f3micos. A estos fines, Amcham inform\u00f3 que, durante la semana pasada, se llevaron a cabo importantes y estrat\u00e9gicas citas de negocio, dise\u00f1adas para promover la colaboraci\u00f3n y el crecimiento econ\u00f3mico mutuo.<\/p>\n<figure class=\"wp-block-image size-large\"><img data-attachment-id=\"31909\" data-permalink=\"https:\/\/elmundodelosnegocios.com.do\/v1\/index.php\/2023\/08\/28\/desarrollan-gobernador-de-rhode-island-y-amchamdr-agenda-trabajo-fortalecer-relaciones-bilaterales\/unnamed-1-7\/\" data-orig-file=\"https:\/\/i0.wp.com\/elmundodelosnegocios.com.do\/v1\/wp-content\/uploads\/2023\/08\/unnamed-1.jpg?fit=1600%2C1066&amp;ssl=1\" data-orig-size=\"1600,1066\" data-comments-opened=\"0\" data-image-meta='{\"aperture\":\"0\",\"credit\":\"\",\"camera\":\"\",\"caption\":\"\",\"created_timestamp\":\"0\",\"copyright\":\"\",\"focal_length\":\"0\",\"iso\":\"0\",\"shutter_speed\":\"0\",\"title\":\"\",\"orientation\":\"0\"}' data-image-title=\"unnamed-1\" data-image-description=\"\" data-image-caption=\"\" data-medium-file=\"https:\/\/i0.wp.com\/elmundodelosnegocios.com.do\/v1\/wp-content\/uploads\/2023\/08\/unnamed-1.jpg?fit=300%2C200&amp;ssl=1\" data-large-file=\"https:\/\/i0.wp.com\/elmundodelosnegocios.com.do\/v1\/wp-content\/uploads\/2023\/08\/unnamed-1.jpg?fit=1024%2C682&amp;ssl=1\" decoding=\"async\" loading=\"lazy\" width=\"1024\" height=\"682\" src=\"https:\/\/i0.wp.com\/elmundodelosnegocios.com.do\/v1\/wp-content\/uploads\/2023\/08\/unnamed-1-1024x682.jpg?resize=1024,682&amp;ssl=1\" alt=\"\" class=\"wp-image-31909\" srcset=\"https:\/\/i0.wp.com\/elmundodelosnegocios.com.do\/v1\/wp-content\/uploads\/2023\/08\/unnamed-1.jpg?resize=1024%2C682&amp;ssl=1 1024w, https:\/\/i0.wp.com\/elmundodelosnegocios.com.do\/v1\/wp-content\/uploads\/2023\/08\/unnamed-1.jpg?resize=300%2C200&amp;ssl=1 300w, https:\/\/i0.wp.com\/elmundodelosnegocios.com.do\/v1\/wp-content\/uploads\/2023\/08\/unnamed-1.jpg?resize=768%2C512&amp;ssl=1 768w, https:\/\/i0.wp.com\/elmundodelosnegocios.com.do\/v1\/wp-content\/uploads\/2023\/08\/unnamed-1.jpg?resize=1536%2C1023&amp;ssl=1 1536w, https:\/\/i0.wp.com\/elmundodelosnegocios.com.do\/v1\/wp-content\/uploads\/2023\/08\/unnamed-1.jpg?w=1600&amp;ssl=1 1600w\" sizes=\"auto, (max-width: 1024px) 100vw, 1024px\" data-recalc-dims=\"1\"><\/figure>\n<p>La jornada inaugural, marcada por un coctel de bienvenida, tuvo lugar el pasado lunes, en un entorno de camarader\u00eda y networking. Durante la recepci\u00f3n, el presidente de AMCHAMDR, Edwin De los Santos, dio la bienvenida a la delegaci\u00f3n del Estado de Rhode Island y resalt\u00f3 la hist\u00f3rica y productiva relaci\u00f3n comercial que ha existido entre la Rep\u00fablica Dominicana y Rhode Island.<\/p>\n<p>\u201cLa relaci\u00f3n comercial entre el Estado de Rhode Island y la Rep\u00fablica Dominicana es muy importante, quedando evidenciada en las exportaciones desde el Estado norteamericano a nuestro pa\u00eds, que aumentaron en un 592% desde el 2011 hasta el 2021, ubic\u00e1ndonos como uno de sus principales mercados en todo el mundo\u201d, dijo De los Santos.<\/p>\n<p>En el encuentro, tom\u00f3 la palabra el Gobernador de Rhode Island, Daniel McKee, qui\u00e9n agradeci\u00f3 la hospitalidad de los dominicanos y apunt\u00f3 a continuar ampliando las relaciones comerciales entre ambos destinos.<\/p>\n<p>\u201cQuiero agradecer a las personas que conocimos en nuestra visita a la Rep\u00fablica Dominicana por su hospitalidad. Espero que juntos podamos continuar expandiendo las oportunidades econ\u00f3micas y culturales entre Rhode Island y RD\u201d, se\u00f1al\u00f3 el gobernador McKee.<\/p>\n<p>Adem\u00e1s, la secretaria de Comercio de Rhode Island, Liz Tanner, asegur\u00f3 que esta Misi\u00f3n es un importante logro para ambos territorios, marcando oportunidades de intercambio comercial y cultural entre Rhode Island y la Rep\u00fablica Dominicana.<\/p>\n<p>\u00abLas relaciones s\u00f3lidas entre naciones no solo mejoran las econom\u00edas, sino que tambi\u00e9n fomentan el entendimiento, la amistad y el progreso compartido. A trav\u00e9s de esta misi\u00f3n comercial, Estados Unidos y la Rep\u00fablica Dominicana buscan forjar un puente de oportunidades econ\u00f3mica y cooperaci\u00f3n. Reconocemos el potencial de crecimiento e innovaci\u00f3n mientras seguimos trabajando hacia la futura prosperidad econ\u00f3mica en Rhode Island\u00bb, subray\u00f3 Tanner.<\/p>\n<p>Al darle la bienvenida al pa\u00eds a la delegaci\u00f3n, el encargado de negocios de la Embajada de los Estados Unidos en Rep\u00fablica Dominicana, Isiah Parnell asegur\u00f3 que la Rep\u00fablica Dominicana y EE.UU. continuar\u00e1n fortaleciendo lazos y que misiones como esta, reflejan el gran inter\u00e9s del pa\u00eds y de Estados particulares, como Rhode Island, en expandir sus horizontes comerciales, tomando en cuenta a RD por el gran mercado que representa.<\/p>\n<p>Esta recepci\u00f3n cont\u00f3 con la presencia destacada de empresarios y autoridades de Rhode Island, la delegaci\u00f3n de la embajada de los Estados Unidos en la Rep\u00fablica Dominicana, funcionarios dominicanos, as\u00ed como miembros del Consejo de Directores de AMCHAMDR.<\/p>\n<p>La relaci\u00f3n comercial entre la Rep\u00fablica Dominicana y Rhode Island ha sido fruct\u00edfera y mutuamente beneficiosa a lo largo de los a\u00f1os, coloc\u00e1ndose el pa\u00eds como el tercer mercado de mayor exportaci\u00f3n en todo el mundo para el Estado norteamericano y el primero en Latinoam\u00e9rica. Rhode Island es un importante centro de innovaci\u00f3n y desarrollo en los Estados Unidos, con una econom\u00eda diversificada y sectores de alta tecnolog\u00eda, salud y manufactura. La Rep\u00fablica Dominicana, por su parte, ofrece una ubicaci\u00f3n estrat\u00e9gica en el Caribe y un mercado en crecimiento constante, con sectores como el turismo, la agroindustria y la manufactura ganando prominencia.<\/p>\n<p>La Misi\u00f3n Comercial Inbound Rhode Island 2023 se erige como una oportunidad \u00fanica para que empresas de ambos territorios exploren nuevas colaboraciones, forjen alianzas estrat\u00e9gicas y desarrollen acuerdos comerciales ventajosos. Adem\u00e1s, permite un intercambio de conocimientos y mejores pr\u00e1cticas que contribuir\u00e1 al crecimiento sostenible de ambas econom\u00edas.<\/p>\n<p><strong>Sobre la C\u00e1mara Americana de Comercio de la Rep\u00fablica Dominicana (AMCHAMDR)<\/strong><\/p>\n<p>La C\u00e1mara Americana de Comercio de la Rep\u00fablica Dominicana (AMCHAMDR por sus siglas en ingl\u00e9s) es una asociaci\u00f3n sin fines de lucro, incorporada legalmente el 8 de noviembre de 1923, que fomenta un clima de inversi\u00f3n saludable basado en el acceso de conocimiento, oportunidades y una cultura de mejores pr\u00e1cticas para el desarrollo socioecon\u00f3mico y profesional de sus socios. AMCHAMDR est\u00e1 afiliada a la U.S. Chamber of Commerce y es miembro fundador de la Asociaci\u00f3n de C\u00e1maras Americanas de Comercio en Am\u00e9rica Latina (AACCLA por sus siglas en ingl\u00e9s).<\/p>\n<\/div>\n","protected":false},"excerpt":{"rendered":"<p>Providence, Rhode Island. Agosto 28, 2023.- Con la participaci\u00f3n de Daniel McKee, gobernador de Rhode Island\u00a0y Liz Tanner, secretaria de Comercio de ese Estado, la C\u00e1mara Americana de Comercio de&hellip; <\/p>\n","protected":false},"author":2,"featured_media":4617,"comment_status":"closed","ping_status":"closed","sticky":false,"template":"","format":"standard","meta":{"fifu_image_url":"https:\/\/i0.wp.com\/elmundodelosnegocios.com.do\/v1\/wp-content\/uploads\/2023\/08\/unnamed-1024x682.jpg?resize=1024,682&ssl=1","fifu_image_alt":"Desarrollan gobernador de Rhode Island y AMCHAMDR agenda trabajo fortalecer relaciones bilaterales","footnotes":""},"categories":[63],"tags":[],"class_list":["post-4616","post","type-post","status-publish","format-standard","has-post-thumbnail","hentry","category-actualidad"],"_links":{"self":[{"href":"https:\/\/elmundodelapolitica.com\/v1\/wp-json\/wp\/v2\/posts\/4616","targetHints":{"allow":["GET"]}}],"collection":[{"href":"https:\/\/elmundodelapolitica.com\/v1\/wp-json\/wp\/v2\/posts"}],"about":[{"href":"https:\/\/elmundodelapolitica.com\/v1\/wp-json\/wp\/v2\/types\/post"}],"author":[{"embeddable":true,"href":"https:\/\/elmundodelapolitica.com\/v1\/wp-json\/wp\/v2\/users\/2"}],"replies":[{"embeddable":true,"href":"https:\/\/elmundodelapolitica.com\/v1\/wp-json\/wp\/v2\/comments?post=4616"}],"version-history":[{"count":0,"href":"https:\/\/elmundodelapolitica.com\/v1\/wp-json\/wp\/v2\/posts\/4616\/revisions"}],"wp:featuredmedia":[{"embeddable":true,"href":"https:\/\/elmundodelapolitica.com\/v1\/wp-json\/wp\/v2\/media\/4617"}],"wp:attachment":[{"href":"https:\/\/elmundodelapolitica.com\/v1\/wp-json\/wp\/v2\/media?parent=4616"}],"wp:term":[{"taxonomy":"category","embeddable":true,"href":"https:\/\/elmundodelapolitica.com\/v1\/wp-json\/wp\/v2\/categories?post=4616"},{"taxonomy":"post_tag","embeddable":true,"href":"https:\/\/elmundodelapolitica.com\/v1\/wp-json\/wp\/v2\/tags?post=4616"}],"curies":[{"name":"wp","href":"https:\/\/api.w.org\/{rel}","templated":true}]}}