{"id":4612,"date":"2023-08-28T09:49:50","date_gmt":"2023-08-28T13:49:50","guid":{"rendered":"https:\/\/elmundodelapolitica.com\/v1\/?p=4612"},"modified":"2023-08-28T09:49:50","modified_gmt":"2023-08-28T13:49:50","slug":"reconocen-marranzini-grullon-por-aportes-sector-gastronomico-dominicano","status":"publish","type":"post","link":"https:\/\/elmundodelapolitica.com\/v1\/reconocen-marranzini-grullon-por-aportes-sector-gastronomico-dominicano\/","title":{"rendered":"Reconocen Marranzini Grull\u00f3n por aportes sector gastron\u00f3mico dominicano"},"content":{"rendered":"<div>\n<p>Santo Domingo, R.D. Agosto 2023.- La Asociaci\u00f3n Dominicana de Restaurantes, ADERES, resalt\u00f3 los aportes del licenciado Andr\u00e9s Marranzini Grull\u00f3n, vicepresidente ejecutivo de la Asociaci\u00f3n de Hoteles y Turismo de la Rep\u00fablica Dominicana, ASONAHORES, por sus invaluables aportes al posicionamiento de la gastronom\u00eda\u00a0como un elemento de promoci\u00f3n tur\u00edstica de la amplia y variada experiencia culinaria.<\/p>\n<div class=\"wp-block-image\">\n<figure class=\"aligncenter size-full\"><img data-attachment-id=\"31902\" data-permalink=\"https:\/\/elmundodelosnegocios.com.do\/v1\/index.php\/2023\/08\/28\/reconocen-marranzini-grullon-por-aportes-sector-gastronomico-dominicano\/ariel-tavares-philipo-ciccone-andres-marranzini-grullon-y-omar-cepeda\/\" data-orig-file=\"https:\/\/i0.wp.com\/elmundodelosnegocios.com.do\/v1\/wp-content\/uploads\/2023\/08\/Ariel-Tavares-Philipo-Ciccone-Andres-Marranzini-Grullon-y-Omar-Cepeda.jpeg?fit=1000%2C960&amp;ssl=1\" data-orig-size=\"1000,960\" data-comments-opened=\"0\" data-image-meta='{\"aperture\":\"0\",\"credit\":\"\",\"camera\":\"\",\"caption\":\"\",\"created_timestamp\":\"0\",\"copyright\":\"\",\"focal_length\":\"0\",\"iso\":\"0\",\"shutter_speed\":\"0\",\"title\":\"\",\"orientation\":\"0\"}' data-image-title=\"Ariel-Tavares-Philipo-Ciccone-Andres-Marranzini-Grullon-y-Omar-Cepeda\" data-image-description=\"&lt;p&gt;Ariel Tavares, Philipo Ciccone, Andr\u00e9s Marranzini Grull\u00f3n y Omar Cepeda&lt;\/p&gt;\n\" data-image-caption=\"&lt;p&gt;Ariel Tavares, Philipo Ciccone, Andr\u00e9s Marranzini Grull\u00f3n y Omar Cepeda&lt;\/p&gt;\n\" data-medium-file=\"https:\/\/i0.wp.com\/elmundodelosnegocios.com.do\/v1\/wp-content\/uploads\/2023\/08\/Ariel-Tavares-Philipo-Ciccone-Andres-Marranzini-Grullon-y-Omar-Cepeda.jpeg?fit=300%2C288&amp;ssl=1\" data-large-file=\"https:\/\/i0.wp.com\/elmundodelosnegocios.com.do\/v1\/wp-content\/uploads\/2023\/08\/Ariel-Tavares-Philipo-Ciccone-Andres-Marranzini-Grullon-y-Omar-Cepeda.jpeg?fit=1000%2C960&amp;ssl=1\" decoding=\"async\" loading=\"lazy\" width=\"1000\" height=\"960\" src=\"https:\/\/i0.wp.com\/elmundodelosnegocios.com.do\/v1\/wp-content\/uploads\/2023\/08\/Ariel-Tavares-Philipo-Ciccone-Andres-Marranzini-Grullon-y-Omar-Cepeda.jpeg?resize=1000,960&amp;ssl=1\" alt=\"\" class=\"wp-image-31902\" srcset=\"https:\/\/i0.wp.com\/elmundodelosnegocios.com.do\/v1\/wp-content\/uploads\/2023\/08\/Ariel-Tavares-Philipo-Ciccone-Andres-Marranzini-Grullon-y-Omar-Cepeda.jpeg?w=1000&amp;ssl=1 1000w, https:\/\/i0.wp.com\/elmundodelosnegocios.com.do\/v1\/wp-content\/uploads\/2023\/08\/Ariel-Tavares-Philipo-Ciccone-Andres-Marranzini-Grullon-y-Omar-Cepeda.jpeg?resize=300%2C288&amp;ssl=1 300w, https:\/\/i0.wp.com\/elmundodelosnegocios.com.do\/v1\/wp-content\/uploads\/2023\/08\/Ariel-Tavares-Philipo-Ciccone-Andres-Marranzini-Grullon-y-Omar-Cepeda.jpeg?resize=768%2C737&amp;ssl=1 768w\" sizes=\"auto, (max-width: 1000px) 100vw, 1000px\" data-recalc-dims=\"1\"><figcaption class=\"wp-element-caption\">Ariel Tavares, Philipo Ciccone, Andr\u00e9s Marranzini Grull\u00f3n y Omar Cepeda<\/figcaption><\/figure>\n<\/div>\n<p>El presidente de Aderes, Omar Cepeda. indic\u00f3 que la entidad valora su constante compromiso siendo precursor de importantes iniciativas como SDQ Gastron\u00f3mico y Restaurant Week aportando su visi\u00f3n y dedicaci\u00f3n para resaltar lo mejor del sector culinario.<\/p>\n<p>\u201cPara Aderes es un gran honor entregar este reconocimiento a Andr\u00e9s Marranzini Grull\u00f3n, quien desde su llegada a Asonahores, ha sido un abanderado de la gastronom\u00eda para fortalecer la oferta tur\u00edstica y convertir al pa\u00eds en un referente de destino gastron\u00f3mico en la regi\u00f3n\u201d, afirm\u00f3 Cepeda.<\/p>\n<p>As\u00ed mismo, manifest\u00f3 que gracias a esta visi\u00f3n Aderes ha presentado un crecimiento notable enfocados en ofrecer propuestas que resaltan lo mejor de la gastronom\u00eda del pa\u00eds.<\/p>\n<p>Andr\u00e9s Marranzini Grull\u00f3n agradeci\u00f3 a Aderes y expres\u00f3 que estas iniciativas de apoyo al sector culinario surgieron con el inter\u00e9s de lograr el reconocimiento internacional del pa\u00eds a trav\u00e9s de una oferta gastron\u00f3mica aut\u00f3ctona exhibiendo a los mejores restaurantes del pa\u00eds.<\/p>\n<p>El reconocimiento fue entregado en el lanzamiento de la sexta versi\u00f3n de SDQ Gastron\u00f3mico y Restaurant Week donde anunciaron las distintas actividades que estar\u00e1n realizando para resaltar la diversidad de sabores que ofrece la gastronom\u00eda local.<\/p>\n<\/div>\n","protected":false},"excerpt":{"rendered":"<p>Santo Domingo, R.D. Agosto 2023.- La Asociaci\u00f3n Dominicana de Restaurantes, ADERES, resalt\u00f3 los aportes del licenciado Andr\u00e9s Marranzini Grull\u00f3n, vicepresidente ejecutivo de la Asociaci\u00f3n de Hoteles y Turismo de la&hellip; <\/p>\n","protected":false},"author":2,"featured_media":4613,"comment_status":"closed","ping_status":"closed","sticky":false,"template":"","format":"standard","meta":{"fifu_image_url":"https:\/\/i0.wp.com\/elmundodelosnegocios.com.do\/v1\/wp-content\/uploads\/2023\/08\/Ariel-Tavares-Philipo-Ciccone-Andres-Marranzini-Grullon-y-Omar-Cepeda.jpeg?resize=1000,960&ssl=1","fifu_image_alt":"Reconocen Marranzini Grull\u00f3n por aportes sector gastron\u00f3mico dominicano","footnotes":""},"categories":[63],"tags":[],"class_list":["post-4612","post","type-post","status-publish","format-standard","has-post-thumbnail","hentry","category-actualidad"],"_links":{"self":[{"href":"https:\/\/elmundodelapolitica.com\/v1\/wp-json\/wp\/v2\/posts\/4612","targetHints":{"allow":["GET"]}}],"collection":[{"href":"https:\/\/elmundodelapolitica.com\/v1\/wp-json\/wp\/v2\/posts"}],"about":[{"href":"https:\/\/elmundodelapolitica.com\/v1\/wp-json\/wp\/v2\/types\/post"}],"author":[{"embeddable":true,"href":"https:\/\/elmundodelapolitica.com\/v1\/wp-json\/wp\/v2\/users\/2"}],"replies":[{"embeddable":true,"href":"https:\/\/elmundodelapolitica.com\/v1\/wp-json\/wp\/v2\/comments?post=4612"}],"version-history":[{"count":0,"href":"https:\/\/elmundodelapolitica.com\/v1\/wp-json\/wp\/v2\/posts\/4612\/revisions"}],"wp:featuredmedia":[{"embeddable":true,"href":"https:\/\/elmundodelapolitica.com\/v1\/wp-json\/wp\/v2\/media\/4613"}],"wp:attachment":[{"href":"https:\/\/elmundodelapolitica.com\/v1\/wp-json\/wp\/v2\/media?parent=4612"}],"wp:term":[{"taxonomy":"category","embeddable":true,"href":"https:\/\/elmundodelapolitica.com\/v1\/wp-json\/wp\/v2\/categories?post=4612"},{"taxonomy":"post_tag","embeddable":true,"href":"https:\/\/elmundodelapolitica.com\/v1\/wp-json\/wp\/v2\/tags?post=4612"}],"curies":[{"name":"wp","href":"https:\/\/api.w.org\/{rel}","templated":true}]}}