{"id":4607,"date":"2023-08-28T09:46:15","date_gmt":"2023-08-28T13:46:15","guid":{"rendered":"https:\/\/elmundodelapolitica.com\/v1\/?p=4607"},"modified":"2023-08-28T09:46:18","modified_gmt":"2023-08-28T13:46:18","slug":"destacan-de-camps-jimenez-fue-luchador-incansable-por-democracia-e-institucionalidad","status":"publish","type":"post","link":"https:\/\/elmundodelapolitica.com\/v1\/destacan-de-camps-jimenez-fue-luchador-incansable-por-democracia-e-institucionalidad\/","title":{"rendered":"Destacan De Camps Jim\u00e9nez fue luchador incansable por democracia e institucionalidad"},"content":{"rendered":"\n<p><strong>Santo Domingo<\/strong>, R.D. Agosto 2023.-El Partido Revolucionario Social Dem\u00f3crata (PRSD), que encabeza Lu\u00eds Miguel De Camps Garc\u00eda, realiz\u00f3 la conmemoraci\u00f3n del s\u00e9ptimo aniversario del fallecimiento de su l\u00edder fundador, Hatuey De Camps Jim\u00e9nez.<\/p>\n\n\n\n<p>El acto cont\u00f3 con la presencia del excelent\u00edsimo se\u00f1or presidente de la Rep\u00fablica, Luis Abinader, as\u00ed como la honorable vicepresidenta de la Rep\u00fablica, Raquel Pe\u00f1a; el l\u00edder gu\u00eda del partido, Rafael Gamundi Cordero; el secretario general del PRSD, Juan Est\u00e9vez; Guillermo Villam\u00e1n, secretario de Organizaci\u00f3n; Ricardo Polanco, secretario de Finanzas; familiares de Hatuey, entre otros altos dirigentes.<\/p>\n\n\n\n<p>El presidente Abinader expres\u00f3 que el fenecido l\u00edder Hatuey De Camps, ha sido valorado por todos los sectores, hasta por sus m\u00e1s ac\u00e9rrimos enemigos, es que ten\u00eda una gran valent\u00eda, sobre todo en los momentos m\u00e1s dif\u00edciles de la historia en la lucha por la democracia.<\/p>\n\n\n\n<p>\u201cHatuey que nos ve desde el cielo tiene su pecho hinchado de orgullo y emoci\u00f3n al ver el trabajo que ha realizado Luis Miguel De Camps, Milagros De Camps y los dem\u00e1s funcionarios a favor del pa\u00eds, donde compartimos los mismos principios con un Gobierno con una socialdemocracia moderna, adapt\u00e1ndose a los tiempos\u201d, dijo el Mandatario.<\/p>\n\n\n\n<p>\u201cFelicidades al Partido Revolucionario Social Dem\u00f3crata, felicidades Rafa, Luis Miguel\u2026Esta herencia de principio y de un activo humano extraordinario va a tener mucha influencia en los a\u00f1os que vienen a favor del pa\u00eds\u201d, concluy\u00f3 el presidente.<\/p>\n\n\n\n<p>Acto seguido, el presidente del Partido Revolucionario Social Dem\u00f3crata, Luis Miguel De Camps, manifest\u00f3 \u201choy celebramos la vida del compa\u00f1ero Hatuey al conmemorar un a\u00f1o m\u00e1s de la partida de nuestro l\u00edder en un momento en que parte de los frutos de la democracia lo estamos viviendo gracias a sus siembras\u201d.<\/p>\n\n\n\n<p>\u201cSu vida estuvo marcada por la defensa de la libertad, la democracia y la justicia social; as\u00ed como la transparencia gubernamental y la institucionalidad nacional\u201d, dijo De Camps.<\/p>\n\n\n\n<p>\u201cEl compa\u00f1ero Hatuey no solo naci\u00f3 para servir a su generaci\u00f3n sino tambi\u00e9n a las futuras generaciones. El compa\u00f1ero Hatuey armado con sus convicciones y la fuerza de su integridad sembr\u00f3, y en tiempos dif\u00edciles y de paz, luch\u00f3 por la justicia social y la libertad\u201d, concluy\u00f3 el joven l\u00edder del partido del Toro.<\/p>\n\n\n\n<p>Mientras que Gamundi Cordero record\u00f3 la dilatada carrera de Hatuey desde sus inicios en su natal Cotu\u00ed, cuando a los 13 a\u00f1os ya estaba inscribiendo militantes para el Partido Revolucionario Dominicano.<\/p>\n\n\n\n<p>Manifest\u00f3 tambi\u00e9n como el licenciado De Camps Jimenez asumi\u00f3 el liderazgo estudiantil en la Universidad Aut\u00f3noma de Santo Domingo, al encabezar la lucha por un mayor presupuesto para la alta casa de estudios, logrando que el mismo sea asignado por el gobierno de turno.<\/p>\n\n\n\n<p>Dicha lucha le permiti\u00f3 ascender a una de las m\u00e1s altas posiciones de liderazgo dentro del PRD, convirti\u00e9ndose en una pieza clave para el fortalecimiento del mismo y as\u00ed lograr las victorias obtenidas por la organizaci\u00f3n a la cual sirvi\u00f3 la mayor parte de su vida pol\u00edtica.<\/p>\n\n\n\n<p>Cont\u00f3 que su liderazgo trascendi\u00f3 m\u00e1s all\u00e1 del \u00e1mbito de la Rep\u00fablica Dominicana, siendo durante algunos a\u00f1os, presidente de Am\u00e9rica Latina de la Internacional Socialista y vicepresidente a nivel mundial.<\/p>\n\n\n\n<p>Al finalizar el acto protocolar, los altos dirigentes del PRSD honraron la memoria del extinto l\u00edder con una ofrenda floral en la primera planta de la Casa Nacional del partido.<\/p>\n","protected":false},"excerpt":{"rendered":"<p>Santo Domingo, R.D. Agosto 2023.-El Partido Revolucionario Social Dem\u00f3crata (PRSD), que encabeza Lu\u00eds Miguel De Camps Garc\u00eda, realiz\u00f3 la conmemoraci\u00f3n del s\u00e9ptimo aniversario del fallecimiento de su l\u00edder fundador, Hatuey&hellip; <\/p>\n","protected":false},"author":2,"featured_media":4608,"comment_status":"open","ping_status":"open","sticky":false,"template":"","format":"standard","meta":{"fifu_image_url":"","fifu_image_alt":"","footnotes":""},"categories":[17],"tags":[],"class_list":["post-4607","post","type-post","status-publish","format-standard","has-post-thumbnail","hentry","category-politica"],"_links":{"self":[{"href":"https:\/\/elmundodelapolitica.com\/v1\/wp-json\/wp\/v2\/posts\/4607","targetHints":{"allow":["GET"]}}],"collection":[{"href":"https:\/\/elmundodelapolitica.com\/v1\/wp-json\/wp\/v2\/posts"}],"about":[{"href":"https:\/\/elmundodelapolitica.com\/v1\/wp-json\/wp\/v2\/types\/post"}],"author":[{"embeddable":true,"href":"https:\/\/elmundodelapolitica.com\/v1\/wp-json\/wp\/v2\/users\/2"}],"replies":[{"embeddable":true,"href":"https:\/\/elmundodelapolitica.com\/v1\/wp-json\/wp\/v2\/comments?post=4607"}],"version-history":[{"count":1,"href":"https:\/\/elmundodelapolitica.com\/v1\/wp-json\/wp\/v2\/posts\/4607\/revisions"}],"predecessor-version":[{"id":4609,"href":"https:\/\/elmundodelapolitica.com\/v1\/wp-json\/wp\/v2\/posts\/4607\/revisions\/4609"}],"wp:featuredmedia":[{"embeddable":true,"href":"https:\/\/elmundodelapolitica.com\/v1\/wp-json\/wp\/v2\/media\/4608"}],"wp:attachment":[{"href":"https:\/\/elmundodelapolitica.com\/v1\/wp-json\/wp\/v2\/media?parent=4607"}],"wp:term":[{"taxonomy":"category","embeddable":true,"href":"https:\/\/elmundodelapolitica.com\/v1\/wp-json\/wp\/v2\/categories?post=4607"},{"taxonomy":"post_tag","embeddable":true,"href":"https:\/\/elmundodelapolitica.com\/v1\/wp-json\/wp\/v2\/tags?post=4607"}],"curies":[{"name":"wp","href":"https:\/\/api.w.org\/{rel}","templated":true}]}}