{"id":4599,"date":"2023-08-27T21:28:18","date_gmt":"2023-08-28T01:28:18","guid":{"rendered":"https:\/\/elmundodelapolitica.com\/v1\/?p=4599"},"modified":"2023-08-27T21:28:18","modified_gmt":"2023-08-28T01:28:18","slug":"pollo-cibao-reforesta-350-tareas-en-monte-plata","status":"publish","type":"post","link":"https:\/\/elmundodelapolitica.com\/v1\/pollo-cibao-reforesta-350-tareas-en-monte-plata\/","title":{"rendered":"Pollo Cibao reforesta 350 tareas en Monte Plata"},"content":{"rendered":"<div>\n<p>La empresa Pollo Cibao realiz\u00f3 una jornada de reforestaci\u00f3n en la comunidad El Laurel de Monte Plata, donde sus colaboradores sembraron un \u00e1rea de 350 tareas de tierra.<\/p>\n<figure class=\"wp-block-image size-full\"><img data-attachment-id=\"31883\" data-permalink=\"https:\/\/elmundodelosnegocios.com.do\/v1\/index.php\/2023\/08\/27\/pollo-cibao-reforesta-350-tareas-en-monte-plata\/003-7\/\" data-orig-file=\"https:\/\/i0.wp.com\/elmundodelosnegocios.com.do\/v1\/wp-content\/uploads\/2023\/08\/003.jpg?fit=999%2C662&amp;ssl=1\" data-orig-size=\"999,662\" data-comments-opened=\"0\" data-image-meta='{\"aperture\":\"3.2\",\"credit\":\"\",\"camera\":\"NIKON D7000\",\"caption\":\"\",\"created_timestamp\":\"1692441928\",\"copyright\":\"\",\"focal_length\":\"50\",\"iso\":\"100\",\"shutter_speed\":\"0.0015625\",\"title\":\"\",\"orientation\":\"0\"}' data-image-title=\"003\" data-image-description=\"\" data-image-caption=\"\" data-medium-file=\"https:\/\/i0.wp.com\/elmundodelosnegocios.com.do\/v1\/wp-content\/uploads\/2023\/08\/003.jpg?fit=300%2C199&amp;ssl=1\" data-large-file=\"https:\/\/i0.wp.com\/elmundodelosnegocios.com.do\/v1\/wp-content\/uploads\/2023\/08\/003.jpg?fit=999%2C662&amp;ssl=1\" decoding=\"async\" loading=\"lazy\" width=\"999\" height=\"662\" src=\"https:\/\/i0.wp.com\/elmundodelosnegocios.com.do\/v1\/wp-content\/uploads\/2023\/08\/003.jpg?resize=999,662&amp;ssl=1\" alt=\"\" class=\"wp-image-31883\" srcset=\"https:\/\/i0.wp.com\/elmundodelosnegocios.com.do\/v1\/wp-content\/uploads\/2023\/08\/003.jpg?w=999&amp;ssl=1 999w, https:\/\/i0.wp.com\/elmundodelosnegocios.com.do\/v1\/wp-content\/uploads\/2023\/08\/003.jpg?resize=300%2C199&amp;ssl=1 300w, https:\/\/i0.wp.com\/elmundodelosnegocios.com.do\/v1\/wp-content\/uploads\/2023\/08\/003.jpg?resize=768%2C509&amp;ssl=1 768w\" sizes=\"auto, (max-width: 999px) 100vw, 999px\" data-recalc-dims=\"1\"><\/figure>\n<p>Yleana Rosario, gerente de calidad, fue la encargada de este operativo en el que 50 miembros de la familia de Pollo Cibao plantaron 2 mil \u00e1rboles de caoba hondure\u00f1a y cedro, especies que demandan luz para crecer y se adaptan a una gran variedad de suelos.<\/p>\n<figure class=\"wp-block-image size-full\"><img data-attachment-id=\"31884\" data-permalink=\"https:\/\/elmundodelosnegocios.com.do\/v1\/index.php\/2023\/08\/27\/pollo-cibao-reforesta-350-tareas-en-monte-plata\/004-4\/\" data-orig-file=\"https:\/\/i0.wp.com\/elmundodelosnegocios.com.do\/v1\/wp-content\/uploads\/2023\/08\/004.jpg?fit=999%2C662&amp;ssl=1\" data-orig-size=\"999,662\" data-comments-opened=\"0\" data-image-meta='{\"aperture\":\"3.5\",\"credit\":\"\",\"camera\":\"NIKON D7000\",\"caption\":\"\",\"created_timestamp\":\"1692442464\",\"copyright\":\"\",\"focal_length\":\"50\",\"iso\":\"100\",\"shutter_speed\":\"0.0008\",\"title\":\"\",\"orientation\":\"0\"}' data-image-title=\"004\" data-image-description=\"\" data-image-caption=\"\" data-medium-file=\"https:\/\/i0.wp.com\/elmundodelosnegocios.com.do\/v1\/wp-content\/uploads\/2023\/08\/004.jpg?fit=300%2C199&amp;ssl=1\" data-large-file=\"https:\/\/i0.wp.com\/elmundodelosnegocios.com.do\/v1\/wp-content\/uploads\/2023\/08\/004.jpg?fit=999%2C662&amp;ssl=1\" decoding=\"async\" loading=\"lazy\" width=\"999\" height=\"662\" src=\"https:\/\/i0.wp.com\/elmundodelosnegocios.com.do\/v1\/wp-content\/uploads\/2023\/08\/004.jpg?resize=999,662&amp;ssl=1\" alt=\"\" class=\"wp-image-31884\" srcset=\"https:\/\/i0.wp.com\/elmundodelosnegocios.com.do\/v1\/wp-content\/uploads\/2023\/08\/004.jpg?w=999&amp;ssl=1 999w, https:\/\/i0.wp.com\/elmundodelosnegocios.com.do\/v1\/wp-content\/uploads\/2023\/08\/004.jpg?resize=300%2C199&amp;ssl=1 300w, https:\/\/i0.wp.com\/elmundodelosnegocios.com.do\/v1\/wp-content\/uploads\/2023\/08\/004.jpg?resize=768%2C509&amp;ssl=1 768w\" sizes=\"auto, (max-width: 999px) 100vw, 999px\" data-recalc-dims=\"1\"><\/figure>\n<p>Encabezaron el operativo junto a Rosario, los se\u00f1ores\u00a0Manuela\u00a0Curbelo, gerente de cuentas por cobrar; Rafael Jansen, gerente de compras; Agustina Espinal, gerente de recursos humanos; Danny Berrueta, gerente de costos; y Rodolfo Matos, gerente de auditor\u00eda.<\/p>\n<p>Los ejecutivos trabajaron en la siembra junto a personal de diferentes departamentos, quienes por primera vez se integran a este tipo de jornadas para atenuar las consecuencias del cambio clim\u00e1tico, conservar el agua y reducir la erosi\u00f3n del suelo.<\/p>\n<p>Rosario y Curbelo manifestaron que \u00ablas jornadas de reforestaci\u00f3n son un evento que tiene 2 objetivos: el primero es plantar nuevos \u00e1rboles en \u00e1reas donde \u00e9stos se requieren y el segundo objetivo es que los participantes sean conscientes de la importancia y el cuidado que los \u00e1rboles requieren para sobrevivir y desarrollarse\u00bb.<\/p>\n<p>Pollo Cibao enmarca este operativo dentro del \u00e1rea de responsabilidad social, as\u00ed como la de medio ambiente y calidad.<\/p>\n<p><em>Sobre Pollo Cibao<\/em><\/p>\n<p><em>Pollo Cibao, es una empresa familiar, de inversi\u00f3n extranjera, integrada verticalmente, dedicada a la producci\u00f3n, incubaci\u00f3n, cr\u00eda, engorde, procesamiento de aves y fabricaci\u00f3n de alimento para las mismas. Fue fundada hace m\u00e1s de 20 a\u00f1os en Rep\u00fablica Dominicana y cuenta con m\u00e1s de 2,000 colaboradores directos, y alrededor de 10,000 indirectos, en todo el territorio nacional, que han aportado para posicionar la empresa como l\u00edder en el sector av\u00edcola del pa\u00eds.<\/em><\/p>\n<\/div>\n","protected":false},"excerpt":{"rendered":"<p>La empresa Pollo Cibao realiz\u00f3 una jornada de reforestaci\u00f3n en la comunidad El Laurel de Monte Plata, donde sus colaboradores sembraron un \u00e1rea de 350 tareas de tierra. Yleana Rosario,&hellip; <\/p>\n","protected":false},"author":2,"featured_media":4600,"comment_status":"closed","ping_status":"closed","sticky":false,"template":"","format":"standard","meta":{"fifu_image_url":"https:\/\/i0.wp.com\/elmundodelosnegocios.com.do\/v1\/wp-content\/uploads\/2023\/08\/003.jpg?resize=999,662&ssl=1","fifu_image_alt":"Pollo Cibao reforesta 350 tareas en Monte Plata","footnotes":""},"categories":[63],"tags":[],"class_list":["post-4599","post","type-post","status-publish","format-standard","has-post-thumbnail","hentry","category-actualidad"],"_links":{"self":[{"href":"https:\/\/elmundodelapolitica.com\/v1\/wp-json\/wp\/v2\/posts\/4599","targetHints":{"allow":["GET"]}}],"collection":[{"href":"https:\/\/elmundodelapolitica.com\/v1\/wp-json\/wp\/v2\/posts"}],"about":[{"href":"https:\/\/elmundodelapolitica.com\/v1\/wp-json\/wp\/v2\/types\/post"}],"author":[{"embeddable":true,"href":"https:\/\/elmundodelapolitica.com\/v1\/wp-json\/wp\/v2\/users\/2"}],"replies":[{"embeddable":true,"href":"https:\/\/elmundodelapolitica.com\/v1\/wp-json\/wp\/v2\/comments?post=4599"}],"version-history":[{"count":0,"href":"https:\/\/elmundodelapolitica.com\/v1\/wp-json\/wp\/v2\/posts\/4599\/revisions"}],"wp:featuredmedia":[{"embeddable":true,"href":"https:\/\/elmundodelapolitica.com\/v1\/wp-json\/wp\/v2\/media\/4600"}],"wp:attachment":[{"href":"https:\/\/elmundodelapolitica.com\/v1\/wp-json\/wp\/v2\/media?parent=4599"}],"wp:term":[{"taxonomy":"category","embeddable":true,"href":"https:\/\/elmundodelapolitica.com\/v1\/wp-json\/wp\/v2\/categories?post=4599"},{"taxonomy":"post_tag","embeddable":true,"href":"https:\/\/elmundodelapolitica.com\/v1\/wp-json\/wp\/v2\/tags?post=4599"}],"curies":[{"name":"wp","href":"https:\/\/api.w.org\/{rel}","templated":true}]}}