{"id":4594,"date":"2023-08-27T23:02:27","date_gmt":"2023-08-28T03:02:27","guid":{"rendered":"https:\/\/elmundodelapolitica.com\/v1\/?p=4594"},"modified":"2023-08-27T23:02:29","modified_gmt":"2023-08-28T03:02:29","slug":"delegacion-de-rd-sostiene-encuentros-con-autoridades-canadienses-sobre-crisis-haiti","status":"publish","type":"post","link":"https:\/\/elmundodelapolitica.com\/v1\/delegacion-de-rd-sostiene-encuentros-con-autoridades-canadienses-sobre-crisis-haiti\/","title":{"rendered":"Delegaci\u00f3n de RD sostiene encuentros con autoridades canadienses sobre crisis Hait\u00ed"},"content":{"rendered":"\n<p>Santo Domingo.-&nbsp;<strong>Una nueva delegaci\u00f3n designada por el presidente Luis Abinader,<\/strong>&nbsp;integrada por representantes de partidos pol\u00edticos, del gobierno y acad\u00e9micos, viaj\u00f3 a&nbsp;<strong>Canad\u00e1<\/strong>&nbsp;para desarrollar un&nbsp;<strong>programa de encuentros<\/strong>&nbsp;con autoridades y miembros de diversos sectores sobre&nbsp;<strong>la crisis en Hait\u00ed y su impacto en nuestro pa\u00eds.&nbsp;<\/strong><\/p>\n\n\n\n<p>La comisi\u00f3n est\u00e1 conformada por el viceministro administrativo de la Presidencia,&nbsp;<strong>Andr\u00e9s Lugo Risk<\/strong>; el viceministro de Relaciones Exteriores,&nbsp;<strong>Jos\u00e9 Julio G\u00f3mez<\/strong>; el miembro de la Academia Dominicana de la Lengua, el escritor&nbsp;<strong>Manuel N\u00fa\u00f1ez<\/strong>; de la Comisi\u00f3n Bilateral Mixta RD-Hait\u00ed, el economista&nbsp;<strong>Julio Ortega Tous<\/strong>; la presidenta del Partido Liberal Reformista (PLR),&nbsp;<strong>Karina Aristy<\/strong>; el presidente del Partido Dem\u00f3crata Institucional (PDI),&nbsp;<strong>Ismael Reyes<\/strong>; la presidenta del Partido Solidario Cristiano (PSC),&nbsp;<strong>Soraya Aquino,<\/strong>&nbsp;y el presidente en funciones del Bloque Institucional Social Dem\u00f3crata (BIS),&nbsp;<strong>Jos\u00e9 Francisco Pe\u00f1a Tav\u00e1rez.<\/strong><\/p>\n\n\n\n<p>La agenda en las ciudades de&nbsp;<strong>Ottawa y Montreal<\/strong>&nbsp;incluye las reuniones con la ministra de Turismo de Canad\u00e1,&nbsp;<strong>Soraya Mart\u00ednez Ferrada<\/strong>; el viceministro de Relaciones Exteriores encargado de Am\u00e9rica Latina,&nbsp;<strong>David Morrison<\/strong>; el legislador&nbsp;<strong>Greg Fergus<\/strong>, secretario parlamentario del primer ministro Justin Trudeau; el legislador&nbsp;<strong>Robert Oliphant<\/strong>, secretario parlamentario de la ministra de Relaciones Exteriores, y el l\u00edder de la oposici\u00f3n canadiense,&nbsp;<strong>Pierre Poilievre<\/strong>.&nbsp;<\/p>\n\n\n\n<p>Tambi\u00e9n se est\u00e1n llevando a cabo encuentros, mediante la colaboraci\u00f3n de la embajadora&nbsp;<strong>Michelle Cohen y su equipo<\/strong>, con los altos comisionados de&nbsp;<strong>los pa\u00edses de la Uni\u00f3n Africana y los del Caricom<\/strong>; con las diputadas de Quebec,&nbsp;<strong>Madwa-Nika Cadet y Brigitte Garceau<\/strong>, as\u00ed como con los representantes de las&nbsp;<strong>comunidades dominicanas<\/strong>&nbsp;de ambas ciudades, con l\u00edderes de la&nbsp;<strong>comunidad haitiana<\/strong>, y mesas redondas con&nbsp;<strong>acad\u00e9micos y docentes universitarios.<\/strong><\/p>\n\n\n\n<p>Se recuerda que durante varios meses&nbsp;<strong>representantes partidarios, acad\u00e9micos y de distintas instancias del gobierno<\/strong>, ante un llamado del presidente Abinader el pasado 27 de febrero en la Asamblea Nacional, han estado trabajando en la&nbsp;<strong>elaboraci\u00f3n de un acuerdo nacional para enfrentar los efectos de la crisis haitiana en la Rep\u00fablica Dominicana.&nbsp;<\/strong><\/p>\n\n\n\n<p>En los pr\u00f3ximos d\u00edas se dar\u00e1 a conocer oficialmente el&nbsp;<strong>Pacto de Naci\u00f3n<\/strong>&nbsp;y se efectuar\u00e1 el acto de firmas en un evento en el Palacio Nacional con el liderazgo pol\u00edtico del pa\u00eds, que ha estado unido bajo un&nbsp;<strong>amplio consenso<\/strong>&nbsp;y con un alto sentido de&nbsp;<strong>responsabilidad patri\u00f3tica<\/strong>, sobre un tema de extraordinaria importancia para el presente y futuro de la Rep\u00fablica Dominicana.&nbsp;<\/p>\n\n\n\n<p>En las siguientes semanas&nbsp;<strong>otras comisiones viajar\u00e1n a Europa, Sudam\u00e9rica, Centroam\u00e9rica y \u00c1frica<\/strong>, en pos del mismo objetivo.&nbsp;<\/p>\n\n\n\n<p>Es la primera vez que un gobierno dominicano despliega una&nbsp;<strong>ofensiva diplom\u00e1tica de ese nivel de trascendencia hist\u00f3rica<\/strong>, liderada por el presidente Abinader y ejecutada por el canciller&nbsp;<strong>Roberto \u00c1lvarez<\/strong>&nbsp;junto con un equipo altamente calificado, donde participa la sociedad pol\u00edtica y acad\u00e9mica.<\/p>\n","protected":false},"excerpt":{"rendered":"<p>Santo Domingo.-&nbsp;Una nueva delegaci\u00f3n designada por el presidente Luis Abinader,&nbsp;integrada por representantes de partidos pol\u00edticos, del gobierno y acad\u00e9micos, viaj\u00f3 a&nbsp;Canad\u00e1&nbsp;para desarrollar un&nbsp;programa de encuentros&nbsp;con autoridades y miembros de diversos&hellip; <\/p>\n","protected":false},"author":2,"featured_media":4595,"comment_status":"open","ping_status":"open","sticky":false,"template":"","format":"standard","meta":{"fifu_image_url":"","fifu_image_alt":"","footnotes":""},"categories":[54],"tags":[],"class_list":["post-4594","post","type-post","status-publish","format-standard","has-post-thumbnail","hentry","category-politica_exterior"],"_links":{"self":[{"href":"https:\/\/elmundodelapolitica.com\/v1\/wp-json\/wp\/v2\/posts\/4594","targetHints":{"allow":["GET"]}}],"collection":[{"href":"https:\/\/elmundodelapolitica.com\/v1\/wp-json\/wp\/v2\/posts"}],"about":[{"href":"https:\/\/elmundodelapolitica.com\/v1\/wp-json\/wp\/v2\/types\/post"}],"author":[{"embeddable":true,"href":"https:\/\/elmundodelapolitica.com\/v1\/wp-json\/wp\/v2\/users\/2"}],"replies":[{"embeddable":true,"href":"https:\/\/elmundodelapolitica.com\/v1\/wp-json\/wp\/v2\/comments?post=4594"}],"version-history":[{"count":1,"href":"https:\/\/elmundodelapolitica.com\/v1\/wp-json\/wp\/v2\/posts\/4594\/revisions"}],"predecessor-version":[{"id":4596,"href":"https:\/\/elmundodelapolitica.com\/v1\/wp-json\/wp\/v2\/posts\/4594\/revisions\/4596"}],"wp:featuredmedia":[{"embeddable":true,"href":"https:\/\/elmundodelapolitica.com\/v1\/wp-json\/wp\/v2\/media\/4595"}],"wp:attachment":[{"href":"https:\/\/elmundodelapolitica.com\/v1\/wp-json\/wp\/v2\/media?parent=4594"}],"wp:term":[{"taxonomy":"category","embeddable":true,"href":"https:\/\/elmundodelapolitica.com\/v1\/wp-json\/wp\/v2\/categories?post=4594"},{"taxonomy":"post_tag","embeddable":true,"href":"https:\/\/elmundodelapolitica.com\/v1\/wp-json\/wp\/v2\/tags?post=4594"}],"curies":[{"name":"wp","href":"https:\/\/api.w.org\/{rel}","templated":true}]}}