{"id":4592,"date":"2023-08-27T21:29:59","date_gmt":"2023-08-28T01:29:59","guid":{"rendered":"https:\/\/elmundodelapolitica.com\/v1\/?p=4592"},"modified":"2023-08-27T21:30:01","modified_gmt":"2023-08-28T01:30:01","slug":"articulo-la-lluvia-no-dana-mi-fiesta-de-la-alianza-opositora-rescate-rd","status":"publish","type":"post","link":"https:\/\/elmundodelapolitica.com\/v1\/articulo-la-lluvia-no-dana-mi-fiesta-de-la-alianza-opositora-rescate-rd\/","title":{"rendered":"ARTICULO: La lluvia no da\u00f1a mi fiesta de la alianza opositora Rescate RD"},"content":{"rendered":"\n<p>Analistas, voceros oficiales y oficiosos del oficialismo pronosticaron que la Tormenta Franklin diluir\u00eda el impacto de la \"Alianza opositora rescate RD\" porque la gente centrar\u00eda su atenci\u00f3n en proteger sus vidas, las de los suyos, sus propiedades y atender a las orientaciones de los organismos de socorro.<\/p>\n\n\n\n<p>Por Rafael M\u00e9ndez<\/p>\n\n\n\n<p>Desde los analistas, voceros oficiales y oficiosos, que algunos denominan bocinas, partidarios del partido de gobierno, auguraron como es lo normal, toda suerte de fracaso a la \"Alianza opositora rescate RD\", que concertaron los partidos de la Liberaci\u00f3n Dominicana, Revolucionario Dominicano y Fuerza del Pueblo.<\/p>\n\n\n\n<p>Empero, el augurio m\u00e1s estramb\u00f3tico fue el de aquellos vocingleros que llegaron a pronosticar que la Tormenta Franklin se encargar\u00eda de asestar la primera derrota a esa concertaci\u00f3n opositora, porque la gente tendr\u00eda centrada su atenci\u00f3n en buscar los medios para proteger sus vidas, las de los suyos, sus propiedades, y atender a las orientaciones de los organismos de socorro.<\/p>\n\n\n\n<p>Pero como \"una cosa es llamar al Diablo y otra es verlo venir\", por eso ante la anunciada \"Alianza opositora rescate RD\", los analistas, voceros oficiales y oficiosos, que algunos denominan bocinas, partidarios del partido de gobierno, parecieron perder los estribos ante una decisi\u00f3n pol\u00edtica que cambia totalmente los escenarios electorales del 2024.<\/p>\n\n\n\n<p>Y que, en esos nuevos escenarios electorales del 2024, al Partido Revolucionario Moderno, al gobierno del presidente Luis Abinader, que conforman el proyecto que busca mantenerse en el poder m\u00e1s all\u00e1 de este periodo, a todas luces parece que sus deseos est\u00e1n condenados a \"volverse color de hormiga\".<\/p>\n\n\n\n<p>Y como no ten\u00eda tan fresca la frase \"volverse color de hormiga\" consult\u00e9 a Google y me dijo que \"se dice de lo que tiene mal aspecto, de lo que presenta dificultades enormes o presagia graves problemas\".<\/p>\n\n\n\n<p>Esa definici\u00f3n no pod\u00eda ser m\u00e1s acorde con lo que les espera a quienes hoy se vanaglorian de tener el poder en sus manos y de creer que lo mantendr\u00e1n en los pr\u00f3ximos cuatro a\u00f1os.<\/p>\n\n\n\n<p>Augurar que el agua de la Tormenta Franklin diluir\u00eda el impacto de una decisi\u00f3n pol\u00edtica de tanta trascendencia a pocos meses de unas elecciones me hizo tambi\u00e9n recordar otro refr\u00e1n: \"el que se est\u00e1 cayendo (o entiende que est\u00e1 en inminente peligro de caerse: nota de R.M) se agarra a un clavo ardiendo\", lo que significa que \"una persona en una situaci\u00f3n de peligro es capaz de hacer cualquier cosa por salvarse, y salir de esa situaci\u00f3n\".<\/p>\n","protected":false},"excerpt":{"rendered":"<p>Analistas, voceros oficiales y oficiosos del oficialismo pronosticaron que la Tormenta Franklin diluir\u00eda el impacto de la \"Alianza opositora rescate RD\" porque la gente centrar\u00eda su atenci\u00f3n en proteger sus&hellip; <\/p>\n","protected":false},"author":2,"featured_media":3482,"comment_status":"open","ping_status":"open","sticky":false,"template":"","format":"standard","meta":{"fifu_image_url":"","fifu_image_alt":"","footnotes":""},"categories":[4],"tags":[],"class_list":["post-4592","post","type-post","status-publish","format-standard","has-post-thumbnail","hentry","category-articulo"],"_links":{"self":[{"href":"https:\/\/elmundodelapolitica.com\/v1\/wp-json\/wp\/v2\/posts\/4592","targetHints":{"allow":["GET"]}}],"collection":[{"href":"https:\/\/elmundodelapolitica.com\/v1\/wp-json\/wp\/v2\/posts"}],"about":[{"href":"https:\/\/elmundodelapolitica.com\/v1\/wp-json\/wp\/v2\/types\/post"}],"author":[{"embeddable":true,"href":"https:\/\/elmundodelapolitica.com\/v1\/wp-json\/wp\/v2\/users\/2"}],"replies":[{"embeddable":true,"href":"https:\/\/elmundodelapolitica.com\/v1\/wp-json\/wp\/v2\/comments?post=4592"}],"version-history":[{"count":1,"href":"https:\/\/elmundodelapolitica.com\/v1\/wp-json\/wp\/v2\/posts\/4592\/revisions"}],"predecessor-version":[{"id":4593,"href":"https:\/\/elmundodelapolitica.com\/v1\/wp-json\/wp\/v2\/posts\/4592\/revisions\/4593"}],"wp:featuredmedia":[{"embeddable":true,"href":"https:\/\/elmundodelapolitica.com\/v1\/wp-json\/wp\/v2\/media\/3482"}],"wp:attachment":[{"href":"https:\/\/elmundodelapolitica.com\/v1\/wp-json\/wp\/v2\/media?parent=4592"}],"wp:term":[{"taxonomy":"category","embeddable":true,"href":"https:\/\/elmundodelapolitica.com\/v1\/wp-json\/wp\/v2\/categories?post=4592"},{"taxonomy":"post_tag","embeddable":true,"href":"https:\/\/elmundodelapolitica.com\/v1\/wp-json\/wp\/v2\/tags?post=4592"}],"curies":[{"name":"wp","href":"https:\/\/api.w.org\/{rel}","templated":true}]}}