{"id":4589,"date":"2023-08-27T20:56:40","date_gmt":"2023-08-28T00:56:40","guid":{"rendered":"https:\/\/elmundodelapolitica.com\/v1\/?p=4589"},"modified":"2023-08-27T20:56:42","modified_gmt":"2023-08-28T00:56:42","slug":"victor-mateo-el-deporte-y-la-juventud-seran-una-de-mis-prioridades-como-diputado","status":"publish","type":"post","link":"https:\/\/elmundodelapolitica.com\/v1\/victor-mateo-el-deporte-y-la-juventud-seran-una-de-mis-prioridades-como-diputado\/","title":{"rendered":"V\u00edctor Mateo: El deporte y la juventud ser\u00e1n una de mis prioridades como diputado"},"content":{"rendered":"\n<p>BARAHONA: El precandidato a diputado por el Partido de la Liberaci\u00f3n Dominicana (PLD), V\u00edctor Mateo V\u00e1squez, &nbsp;anunci\u00f3 que el deporte y la &nbsp;juventud ser\u00e1n una de sus &nbsp;prioridades dentro del programa legislativo que desarrollar\u00e1 desde la C\u00e1mara de Diputados.<\/p>\n\n\n\n<p>Mateo V\u00e1squez, quien fue jugador de b\u00e9isbol y baloncesto ha llevado a cabo una admirable obra social en los municipios y distritos municipales de esta provincia.<\/p>\n\n\n\n<p>\"Por ser uno de los factores m\u00e1s importantes en el desarrollo integral de los ni\u00f1os y adolescentes el deporte jugar\u00e1 un rol importante en la gesti\u00f3n que vamos a ejecutar cuando seamos juramentado en la C\u00e1mara Baja el 16 de agosto del 2024&#8243;, declar\u00f3 Mateo V\u00e1squez.<\/p>\n\n\n\n<p>\"Estos proyectos pensamos impulsarlo porque el deporte y la juventud ser\u00e1n una de nuestras prioridades ya nos hemos reunido con dirigentes deportivos con los cuales nos hemos comprometido a apoyarlos con obras y proyectos de leyes que ir\u00e1n en beneficio de miles de ni\u00f1os y j\u00f3venes\", expuso.<\/p>\n\n\n\n<p>Manifest\u00f3 que dentro de los planes est\u00e1 lograr la remodelaci\u00f3n de canchas y campos de b\u00e9isbol menor, as\u00ed como las facilidades de becas de estudios a j\u00f3venes y deportistas.<\/p>\n","protected":false},"excerpt":{"rendered":"<p>BARAHONA: El precandidato a diputado por el Partido de la Liberaci\u00f3n Dominicana (PLD), V\u00edctor Mateo V\u00e1squez, &nbsp;anunci\u00f3 que el deporte y la &nbsp;juventud ser\u00e1n una de sus &nbsp;prioridades dentro del&hellip; <\/p>\n","protected":false},"author":2,"featured_media":4590,"comment_status":"open","ping_status":"open","sticky":false,"template":"","format":"standard","meta":{"fifu_image_url":"","fifu_image_alt":"","footnotes":""},"categories":[12],"tags":[],"class_list":["post-4589","post","type-post","status-publish","format-standard","has-post-thumbnail","hentry","category-agenda-politica"],"_links":{"self":[{"href":"https:\/\/elmundodelapolitica.com\/v1\/wp-json\/wp\/v2\/posts\/4589","targetHints":{"allow":["GET"]}}],"collection":[{"href":"https:\/\/elmundodelapolitica.com\/v1\/wp-json\/wp\/v2\/posts"}],"about":[{"href":"https:\/\/elmundodelapolitica.com\/v1\/wp-json\/wp\/v2\/types\/post"}],"author":[{"embeddable":true,"href":"https:\/\/elmundodelapolitica.com\/v1\/wp-json\/wp\/v2\/users\/2"}],"replies":[{"embeddable":true,"href":"https:\/\/elmundodelapolitica.com\/v1\/wp-json\/wp\/v2\/comments?post=4589"}],"version-history":[{"count":1,"href":"https:\/\/elmundodelapolitica.com\/v1\/wp-json\/wp\/v2\/posts\/4589\/revisions"}],"predecessor-version":[{"id":4591,"href":"https:\/\/elmundodelapolitica.com\/v1\/wp-json\/wp\/v2\/posts\/4589\/revisions\/4591"}],"wp:featuredmedia":[{"embeddable":true,"href":"https:\/\/elmundodelapolitica.com\/v1\/wp-json\/wp\/v2\/media\/4590"}],"wp:attachment":[{"href":"https:\/\/elmundodelapolitica.com\/v1\/wp-json\/wp\/v2\/media?parent=4589"}],"wp:term":[{"taxonomy":"category","embeddable":true,"href":"https:\/\/elmundodelapolitica.com\/v1\/wp-json\/wp\/v2\/categories?post=4589"},{"taxonomy":"post_tag","embeddable":true,"href":"https:\/\/elmundodelapolitica.com\/v1\/wp-json\/wp\/v2\/tags?post=4589"}],"curies":[{"name":"wp","href":"https:\/\/api.w.org\/{rel}","templated":true}]}}