{"id":4586,"date":"2023-08-27T19:44:05","date_gmt":"2023-08-27T23:44:05","guid":{"rendered":"https:\/\/elmundodelapolitica.com\/v1\/?p=4586"},"modified":"2023-08-27T19:44:07","modified_gmt":"2023-08-27T23:44:07","slug":"articulo-malas-noticias-capitan","status":"publish","type":"post","link":"https:\/\/elmundodelapolitica.com\/v1\/articulo-malas-noticias-capitan\/","title":{"rendered":"Art\u00edculo: \u00bfMalas noticias, capit\u00e1n?"},"content":{"rendered":"\n<p>Por: Agust\u00edn Perozo Barinas<\/p>\n\n\n\n<p>El mensaje de Xi Jinping, presidente y m\u00e1ximo jefe militar de la Rep\u00fablica Popular China, en la Ceremonia de Clausura del Foro Empresarial del BRICS en Johannesburgo, en agosto del 2023, nos recuerda la canci\u00f3n \u00abImagine\u00bb de John Lennon. El tambi\u00e9n m\u00e1ximo jefe del Partido Comunista de China, dijo:<\/p>\n\n\n\n<p>\"Un antiguo pensador chino observ\u00f3 que \u00abseguir la tendencia subyacente llevar\u00e1 a uno al \u00e9xito, mientras que ir en contra de \u00e9sta solo puede causarle el fracaso\u00bb. Lo que anhelan los pueblos de los diversos pa\u00edses no es en absoluto una nueva Guerra Fr\u00eda ni un peque\u00f1o bloque exclusivo; lo que ellos desean es un mundo abierto, inclusivo, limpio y hermoso que disfruta de la paz duradera, la seguridad universal y la prosperidad com\u00fan. Esto constituye la l\u00f3gica del avance hist\u00f3rico y la tendencia del desarrollo de nuestro tiempo\".<\/p>\n\n\n\n<p>Los bien intencionados ciudadanos del mundo desear\u00edamos un mundo as\u00ed, valga la redundancia, pero es una utop\u00eda. Hay que vivir y viajar lo suficiente para conocer muy a fondo la naturaleza humana. \u00bfO hacemos del mundo una Suiza global?&nbsp;<\/p>\n\n\n\n<p>Estamos viviendo tiempos de altos riesgos globales: econ\u00f3micos, sanitarios, nucleares, migratorios, medioambientales y, como agravante, estupidez generalizada. Un escenario como este no es para los llamados \u00abbuenistas\u00bb, d\u00edcese de la actitud de quienes ante los graves problemas y conflictos espinosos rebajan su gravedad, ceden con benevolencia o act\u00faan con excesiva tolerancia.&nbsp;<\/p>\n\n\n\n<p>Se abre el tel\u00f3n:&nbsp;<\/p>\n\n\n\n<figure class=\"wp-block-embed is-type-video is-provider-youtube wp-block-embed-youtube wp-embed-aspect-16-9 wp-has-aspect-ratio\"><div class=\"wp-block-embed__wrapper\">\n<iframe loading=\"lazy\" title=\"John Lennon - Imagine [sub. Espa\u00f1ol]\" width=\"1110\" height=\"624\" src=\"https:\/\/www.youtube.com\/embed\/aSoAaeMy_Gw?feature=oembed\" frameborder=\"0\" allow=\"accelerometer; autoplay; clipboard-write; encrypted-media; gyroscope; picture-in-picture; web-share\" allowfullscreen><\/iframe>\n<\/div><\/figure>\n\n\n\n<p>La inesperada tormenta arrecia y el oleaje mantiene un ritmo desordenado y amenazante. El silbido del viento cortante y los truenos en alocada sucesi\u00f3n ensordecen y acompa\u00f1an la lluvia que con fuerza golpea los rostros de los agotados marinos y empeora la visibilidad que advierta la cercan\u00eda de arrecifes. Al tim\u00f3n se aferra el engallado capit\u00e1n, de esos que Antonio Porchia tipific\u00f3: \u00abUn alma fuerte no nace de un para\u00edso, sino de un infierno\u00bb.&nbsp;<\/p>\n\n\n\n<p>Es un hombre crudo, impulsivo, sin credos&#8230; igual que Anatole France piensa que si cincuenta millones de personas creen una tonter\u00eda, sigue siendo una tonter\u00eda. Para \u00e9l, los barriles de aguardiente en la bodega del barco superan en valor a su tripulaci\u00f3n quienes luchan en aparente desconcierto para mantener el nav\u00edo a flote&#8230;<\/p>\n\n\n\n<p>Este piratesco timonel, de piel curtida y manos callosas, no cree en pr\u00e9dicas ni dogmas de ninguna \u00edndole, pues son, como la pol\u00edtica, \"el arte de vender la misma porquer\u00eda a los mismos idiotas\", seg\u00fan su mentalidad. Dice de s\u00ed mismo que es vil y perverso, pero nunca bruto.&nbsp;<\/p>\n\n\n\n<p>Es c\u00ednico ante los buenistas a quienes les recuerda que \"el mundo est\u00e1 saturado de buenas noticias: aire para respirar (viciado y contaminado), agua para beber (desmineralizada y embotellada en pl\u00e1sticos) y alimento para comer (procesado, refinado y alterado, causando enfermedades cr\u00f3nicas). Lo dem\u00e1s cae por a\u00f1adidura con su cuota de esfuerzo&#8230; que el hombre es su memoria, su lenguaje, sus sentidos, sus emociones y su pensamiento, y que aunque ciertas culturas perniciosas pudieran confundirlo ello es manejable con una buena fusta y alguna promesa\".&nbsp;<\/p>\n\n\n\n<p>Se jacta de dar ese ejemplo a su tropa marina en quienes tampoco conf\u00eda&#8230; es oportunista, estafador, hip\u00f3crita e indolente. Le atrae la idea del monopolio de la fuerza, de la violencia y el legalismo, tres pivotes exclusivos de los estados, pues sabe que con ello estos se aseguran un robo mayor: el cobro de impuestos y el dominio soberano sobre las decisiones presupuestarias y, \u00bfpor qu\u00e9 no? \u00a1abracadabra!, el secuestro de los fondos de pensiones, la generaci\u00f3n de deuda p\u00fablica, entre otros no menos relevantes. Es fan\u00e1tico de la mentira y de la adulaci\u00f3n, \u00e9sta cuando le conviene, pues tampoco dirige requiebros al d\u00e9bil ni al despose\u00eddo. Donde a\u00fan no le conocen se hace respetar y puede ver el susto en cualquier rostro de los aminalados que abundan entre los buenistas.<\/p>\n\n\n\n<p>Cierta vez, en un raro acto de cortes\u00eda desconocido en \u00e9l, invita a su cabina a un buenista que conoci\u00f3 en un puerto en el Caribe insular mientras descargaban lo leg\u00edtimo -y el contrabando- antes de zarpar, y quien le coment\u00f3 una frase del patricio dominicano Juan Pablo Duarte: \"Sed justos, lo primero, si quer\u00e9is ser felices\". Con su m\u00e1scara habitual, pues nunca muestra cre\u00edbles expresiones faciales, solo gestos vulgares e indescifrables, se\u00f1ala un viejo pergamino con un texto de Milan Kundera en desusadas cursivas algo borrosas: \u00abDon Quijote explica a Sancho que Homero y Virgilio no describ\u00edan a los personajes \"como ellos fueron, sino como hab\u00edan de ser para quedar ejemplo a los venideros hombres de sus virtudes\". Ahora bien, el propio Don Quijote es cualquier cosa menos un ejemplo a seguir. Los personajes novelescos no piden que se les admire por sus virtudes. Piden que se les comprenda, lo cual es algo totalmente distinto. Los h\u00e9roes de epopeya vencen o, si son vencidos, conservan hasta el \u00faltimo suspiro su grandeza. Don Quijote ha sido vencido. Y sin grandeza alguna. Porque, de golpe, todo queda claro: la vida humana como tal es una derrota. Lo \u00fanico que nos queda ante esta irremediable derrota que llamamos vida es intentar comprenderla. Esta es la raz\u00f3n de ser del arte de la novela\u00bb.<\/p>\n\n\n\n<p>Acto seguido, siempre fr\u00edo y calculador, le coment\u00f3 a su improvisado invitado que Jofre Oliveras se hab\u00eda desbordado cuando escribi\u00f3: \"Los grandes emperadores y reyes se involucraron en una atractiva idea, una gran maquinaci\u00f3n que empez\u00f3 en un discurso que todos los gobernantes y los poderosos han querido integrar para persuadir a la gente y ejercer control; donde prevalecen todos los tratados de moral y \u00e9tica, ideas que evolucionaron en el concepto de una humanidad civilizada, el bien com\u00fan o, incluso, los Derechos Humanos, aunque nunca fueron aplicados y solo sirvieron para adornar las constituciones. Todos fueron conceptos desencadenados de esos gobernantes que han querido dominar a trav\u00e9s de la idea del bien. Porque, al fin y al cabo, seguro que ning\u00fan gobernante tuvo que respetar nunca todos los mandamientos o todas las leyes: la \"justicia\" la impone el m\u00e1s fuerte. La historia habla por s\u00ed sola; revela que incluso nos hemos cre\u00eddo que la humanidad pod\u00eda ser mejor. Que seguramente detr\u00e1s de todos los avances a los que hemos llegado, con todo el progreso social de todos estos siglos, con la evoluci\u00f3n de toda ciencia, tecnolog\u00eda y estudio, siempre ha habido la esperanza de ser mejores personas. Nos cre\u00edmos ser mejores y m\u00e1s humanos cuando al final seguimos siendo peor que los animales salvajes\".<\/p>\n\n\n\n<p>Las olas poderosas no se enfrentan de frente, sino en su \u00e1ngulo de ataque apropiado. As\u00ed act\u00faa este ambicioso simulador, siempre torcido e impredecible. Sabe que tiene eso en com\u00fan con las tormentas y, conociendo su adversario, le da cierta ventaja. Quienes nos gobiernan, desde el gran capital global hasta su brazo ejecutor, el sistema pol\u00edtico, no tienen nada que envidiarle. En un mundo que penaliza al ratero de poca monta pero acomoda al gran ladr\u00f3n de recursos p\u00fablicos su figura es pat\u00e9tica, demasiado esfuerzo a cambio del met\u00e1lico que obtiene.<\/p>\n\n\n\n<p>El buenista le pregunt\u00f3 atrevidamente a este personaje, mezcla de filibustero, corsario y bucanero, si una vida tan desgraciada ten\u00eda alg\u00fan prop\u00f3sito&#8230; este le respondi\u00f3 sin inmutarse: \"Llevar este barco a puerto seguro\".<\/p>\n\n\n\n<p>Se cierra el tel\u00f3n.<\/p>\n\n\n\n<p>Curiosamente, el t\u00e9rmino latino 'tormenta' es el plural de 'tormentum' y este significaba literalmente tormento, tortura. As\u00ed como suplicio, sufrimiento, que era lo que padec\u00edan quienes recib\u00edan la lluvia de proyectiles del 'tormentum', una eficaz arma de guerra similar a una catapulta que era utilizada para lanzar piedras, objetos incendiarios o metralla sobre un objetivo. Aquellos que eran atacados ve\u00edan como ca\u00eda sobre ellos una lluvia de proyectiles o fuego, motivo por el que empez\u00f3 a denominarse como tormenta a las inclemencias meteorol\u00f3gicas.&nbsp;<\/p>\n\n\n\n<p>La realidad es que, con la humanidad con la mente monetizada y endeudada hasta el cuello, depred\u00e1ndose entre s\u00ed, y para colmo, alienada y embrutecida en sus mayor\u00edas, el horizonte no luce prometedor. La incre\u00edble capacidad organizacional del ser humano es m\u00e1s que evidente en sus ciudades, instituciones, tecnolog\u00edas, en fin, en sus sociedades como un todo. Pero todo avance tiene su tal\u00f3n de Aquiles&#8230; estamos expuestos a riesgos producto de nuestros logros: una ca\u00edda global de la Internet por tiempo indefinido o una conflagraci\u00f3n nuclear, por ejemplo.&nbsp;<\/p>\n\n\n\n<p>En la Rep\u00fablica Dominicana tenemos dos dramas en uno: \u00b9un sistema pol\u00edtico controlado por corruptos-corruptores (doble da\u00f1o), \u00b2sustentado por mayor\u00edas idiotizadas que anulan cualquier iniciativa de cambio. Luego de m\u00e1s de medio siglo en la misma francachela estos \"l\u00edderes\" proclaman que nuestra democracia a\u00fan est\u00e1 en formaci\u00f3n y que los problemas estructurales, como la pobreza, necesitan m\u00e1s tiempo mientras se avanza con los problemas coyunturales. \u00bfNecesitan otro medio siglo? Tambi\u00e9n pregonan que \"lucharon\" primero por la libertad y la democracia y que la tarea al presente es por la justicia social. Cuestionamos, \u00bfqui\u00e9nes lucharon y dieron su sangre por esa libertad, democracia y justicia social? Desde aquel infecto litoral una voz grave nos respondi\u00f3: \"\u00a1Esos vientos no tumban cocos!\"&nbsp;<\/p>\n\n\n\n<p>El ejemplo para las masas viene desde arriba. Si las c\u00fapulas pol\u00edticas son corruptas los de abajo seguir\u00e1n ese ejemplo. En cambio, si el ejemplo desde arriba es la virtud, la \u00e9tica y la honestidad, los de abajo seguir\u00e1n esos ejemplos \u00abpor la raz\u00f3n o por la fuerza\u00bb, como el escudo chileno. O, m\u00e1s suave, \"por la fuerza de la raz\u00f3n\". El lema fue propuesto por los chilenos Jos\u00e9 Miguel Carrera y Manuel Rodr\u00edguez. Su texto completo era: \u00abTras las tinieblas la luz, por la raz\u00f3n o la fuerza\u00bb.<\/p>\n\n\n\n<p>Para los buenistas podr\u00eda preocupar el rosal y las mascotas, pero la capacidad de autodestrucci\u00f3n que tenemos como especie justifica el comportamiento de nuestro ingrato y desalmado capit\u00e1n.&nbsp;<\/p>\n","protected":false},"excerpt":{"rendered":"<p>Por: Agust\u00edn Perozo Barinas El mensaje de Xi Jinping, presidente y m\u00e1ximo jefe militar de la Rep\u00fablica Popular China, en la Ceremonia de Clausura del Foro Empresarial del BRICS en&hellip; <\/p>\n","protected":false},"author":2,"featured_media":4587,"comment_status":"open","ping_status":"open","sticky":false,"template":"","format":"standard","meta":{"fifu_image_url":"","fifu_image_alt":"","footnotes":""},"categories":[4],"tags":[],"class_list":["post-4586","post","type-post","status-publish","format-standard","has-post-thumbnail","hentry","category-articulo"],"_links":{"self":[{"href":"https:\/\/elmundodelapolitica.com\/v1\/wp-json\/wp\/v2\/posts\/4586","targetHints":{"allow":["GET"]}}],"collection":[{"href":"https:\/\/elmundodelapolitica.com\/v1\/wp-json\/wp\/v2\/posts"}],"about":[{"href":"https:\/\/elmundodelapolitica.com\/v1\/wp-json\/wp\/v2\/types\/post"}],"author":[{"embeddable":true,"href":"https:\/\/elmundodelapolitica.com\/v1\/wp-json\/wp\/v2\/users\/2"}],"replies":[{"embeddable":true,"href":"https:\/\/elmundodelapolitica.com\/v1\/wp-json\/wp\/v2\/comments?post=4586"}],"version-history":[{"count":1,"href":"https:\/\/elmundodelapolitica.com\/v1\/wp-json\/wp\/v2\/posts\/4586\/revisions"}],"predecessor-version":[{"id":4588,"href":"https:\/\/elmundodelapolitica.com\/v1\/wp-json\/wp\/v2\/posts\/4586\/revisions\/4588"}],"wp:featuredmedia":[{"embeddable":true,"href":"https:\/\/elmundodelapolitica.com\/v1\/wp-json\/wp\/v2\/media\/4587"}],"wp:attachment":[{"href":"https:\/\/elmundodelapolitica.com\/v1\/wp-json\/wp\/v2\/media?parent=4586"}],"wp:term":[{"taxonomy":"category","embeddable":true,"href":"https:\/\/elmundodelapolitica.com\/v1\/wp-json\/wp\/v2\/categories?post=4586"},{"taxonomy":"post_tag","embeddable":true,"href":"https:\/\/elmundodelapolitica.com\/v1\/wp-json\/wp\/v2\/tags?post=4586"}],"curies":[{"name":"wp","href":"https:\/\/api.w.org\/{rel}","templated":true}]}}