{"id":4579,"date":"2023-08-26T01:11:52","date_gmt":"2023-08-26T05:11:52","guid":{"rendered":"https:\/\/elmundodelapolitica.com\/v1\/?p=4579"},"modified":"2023-08-26T01:11:52","modified_gmt":"2023-08-26T05:11:52","slug":"resumen-monaco-desvincula-a-najib-mikati-y-a-miembros-de-su-familia-de-las-acusaciones-de-lavado-de-dinero","status":"publish","type":"post","link":"https:\/\/elmundodelapolitica.com\/v1\/resumen-monaco-desvincula-a-najib-mikati-y-a-miembros-de-su-familia-de-las-acusaciones-de-lavado-de-dinero\/","title":{"rendered":"Resumen: M\u00f3naco desvincula a Najib Mikati y a miembros de su familia de las acusaciones de lavado de dinero"},"content":{"rendered":"<p>M\u00d3NACO&#8211;(BUSINESS WIRE)&#8211;Una investigaci\u00f3n sobre Najib Mikati y su familia concluy\u00f3 en la desestimaci\u00f3n de todas las acusaciones y el cierre del caso.<br \/>\nTras una exhaustiva investigaci\u00f3n, el 23 de agosto la Polic\u00eda Judicial de M\u00f3naco confirm\u00f3 que no se encontraron evidencias de ninguna irregularidad relacionada con las acusaciones de lavado de dinero realizadas hace m\u00e1s de tres a\u00f1os.<br \/>\nEn una carta, el fiscal general adjunto de M\u00f3naco afirm\u00f3 que el caso, que pas\u00f3 a la Polic\u00eda Judicial de M\u00f3naco el 15 de julio de 2020, se hab\u00eda cerrado. Estos acontecimientos confirman que las espurias acusaciones y las especulaciones que las acompa\u00f1aron eran infundadas.<br \/>\nLa familia Mikati siempre tuvo confianza en que este ser\u00eda el resultado, ya que sab\u00eda que las acusaciones no ten\u00edan fundamentos.<br \/>\nEl comunicado en el idioma original es la versi\u00f3n oficial y autorizada del mismo. Esta traducci\u00f3n es solamente un medio de ayuda y deber\u00e1 ser comparada con el texto en idioma original, que es la \u00fanica versi\u00f3n del texto que tendr\u00e1 validez legal. Contacts<br \/>\nContacto de prensa para m\u00e1s informaci\u00f3n:<br \/>\nZiad S. Mikati<br \/>\nM\u00f3vil: +961 3 380 333<br \/>\nCorreo electr\u00f3nico: ziadsmikati@gmail.com<\/p>\n","protected":false},"excerpt":{"rendered":"<div>\n<p>M\u00d3NACO&#8211;(BUSINESS WIRE)&#8211;Una investigaci\u00f3n sobre Najib Mikati y su familia concluy\u00f3 en la desestimaci\u00f3n de todas las acusaciones y el cierre del caso.<\/p>\n<p>\nTras una exhaustiva investigaci\u00f3n, el 23 de agosto la Polic\u00eda Judicial de M\u00f3naco confirm\u00f3 que no se encontraron evidencias de ninguna irregularidad relacionada con las acusaciones de lavado de dinero realizadas hace m\u00e1s de tres a\u00f1os.<\/p>\n<p>\nEn una carta, el fiscal general adjunto de M\u00f3naco afirm\u00f3 que el caso, que pas\u00f3 a la Polic\u00eda Judicial de M\u00f3naco el 15 de julio de 2020, se hab\u00eda cerrado. Estos acontecimientos confirman que las espurias acusaciones y las especulaciones que las acompa\u00f1aron eran infundadas.<\/p>\n<p>\nLa familia Mikati siempre tuvo confianza en que este ser\u00eda el resultado, ya que sab\u00eda que las acusaciones no ten\u00edan fundamentos.<\/p>\n<p>\nEl comunicado en el idioma original es la versi\u00f3n oficial y autorizada del mismo. Esta traducci\u00f3n es solamente un medio de ayuda y deber\u00e1 ser comparada con el texto en idioma original, que es la \u00fanica versi\u00f3n del texto que tendr\u00e1 validez legal.<\/p>\n<p> <b>Contacts<\/b> <\/p>\n<p>\nContacto de prensa para m\u00e1s informaci\u00f3n:<br \/>\n<br \/>Ziad S. Mikati<br \/>\n<br \/>M\u00f3vil: +961 3 380 333<br \/>\n<br \/>Correo electr\u00f3nico: <a target=\"_blank\" href=\"mailto:ziadsmikati@gmail.com\" rel=\"nofollow noopener\">ziadsmikati@gmail.com<\/a><\/p>\n<\/div>\n","protected":false},"author":2,"featured_media":0,"comment_status":"closed","ping_status":"closed","sticky":false,"template":"","format":"standard","meta":{"fifu_image_url":"","fifu_image_alt":"","footnotes":""},"categories":[44],"tags":[],"class_list":["post-4579","post","type-post","status-publish","format-standard","hentry","category-business-wire"],"_links":{"self":[{"href":"https:\/\/elmundodelapolitica.com\/v1\/wp-json\/wp\/v2\/posts\/4579","targetHints":{"allow":["GET"]}}],"collection":[{"href":"https:\/\/elmundodelapolitica.com\/v1\/wp-json\/wp\/v2\/posts"}],"about":[{"href":"https:\/\/elmundodelapolitica.com\/v1\/wp-json\/wp\/v2\/types\/post"}],"author":[{"embeddable":true,"href":"https:\/\/elmundodelapolitica.com\/v1\/wp-json\/wp\/v2\/users\/2"}],"replies":[{"embeddable":true,"href":"https:\/\/elmundodelapolitica.com\/v1\/wp-json\/wp\/v2\/comments?post=4579"}],"version-history":[{"count":0,"href":"https:\/\/elmundodelapolitica.com\/v1\/wp-json\/wp\/v2\/posts\/4579\/revisions"}],"wp:attachment":[{"href":"https:\/\/elmundodelapolitica.com\/v1\/wp-json\/wp\/v2\/media?parent=4579"}],"wp:term":[{"taxonomy":"category","embeddable":true,"href":"https:\/\/elmundodelapolitica.com\/v1\/wp-json\/wp\/v2\/categories?post=4579"},{"taxonomy":"post_tag","embeddable":true,"href":"https:\/\/elmundodelapolitica.com\/v1\/wp-json\/wp\/v2\/tags?post=4579"}],"curies":[{"name":"wp","href":"https:\/\/api.w.org\/{rel}","templated":true}]}}