{"id":4571,"date":"2023-08-25T16:43:32","date_gmt":"2023-08-25T20:43:32","guid":{"rendered":"https:\/\/elmundodelapolitica.com\/v1\/?p=4571"},"modified":"2023-08-25T16:43:32","modified_gmt":"2023-08-25T20:43:32","slug":"reconocen-trayectoria-periodista-carrillo","status":"publish","type":"post","link":"https:\/\/elmundodelapolitica.com\/v1\/reconocen-trayectoria-periodista-carrillo\/","title":{"rendered":"Reconocen trayectoria periodista Carrillo"},"content":{"rendered":"<div>\n<p>Miami, FL., 25 de agosto 2023.- Media Force Global + Partners \u2013 El presente mes de agosto, le fue entregado a la presentadora y productora barranquillera Stephanie Carrillo, un reconocimiento por su trayectoria period\u00edstica, por parte del gobierno de los Estados Unidos y en alianza con la alcald\u00eda de Barranquilla, Colombia.<\/p>\n<div class=\"wp-block-image\">\n<figure class=\"aligncenter size-full\"><img data-attachment-id=\"31856\" data-permalink=\"https:\/\/elmundodelosnegocios.com.do\/v1\/index.php\/2023\/08\/25\/reconocen-trayectoria-periodista-carrillo\/001-5-2\/\" data-orig-file=\"https:\/\/i0.wp.com\/elmundodelosnegocios.com.do\/v1\/wp-content\/uploads\/2023\/08\/001-5.jpg?fit=996%2C739&amp;ssl=1\" data-orig-size=\"996,739\" data-comments-opened=\"0\" data-image-meta='{\"aperture\":\"0\",\"credit\":\"\",\"camera\":\"\",\"caption\":\"\",\"created_timestamp\":\"0\",\"copyright\":\"\",\"focal_length\":\"0\",\"iso\":\"0\",\"shutter_speed\":\"0\",\"title\":\"\",\"orientation\":\"0\"}' data-image-title=\"001-5\" data-image-description=\"\" data-image-caption=\"\" data-medium-file=\"https:\/\/i0.wp.com\/elmundodelosnegocios.com.do\/v1\/wp-content\/uploads\/2023\/08\/001-5.jpg?fit=300%2C223&amp;ssl=1\" data-large-file=\"https:\/\/i0.wp.com\/elmundodelosnegocios.com.do\/v1\/wp-content\/uploads\/2023\/08\/001-5.jpg?fit=996%2C739&amp;ssl=1\" decoding=\"async\" loading=\"lazy\" width=\"996\" height=\"739\" src=\"https:\/\/i0.wp.com\/elmundodelosnegocios.com.do\/v1\/wp-content\/uploads\/2023\/08\/001-5.jpg?resize=996,739&amp;ssl=1\" alt=\"\" class=\"wp-image-31856\" srcset=\"https:\/\/i0.wp.com\/elmundodelosnegocios.com.do\/v1\/wp-content\/uploads\/2023\/08\/001-5.jpg?w=996&amp;ssl=1 996w, https:\/\/i0.wp.com\/elmundodelosnegocios.com.do\/v1\/wp-content\/uploads\/2023\/08\/001-5.jpg?resize=300%2C223&amp;ssl=1 300w, https:\/\/i0.wp.com\/elmundodelosnegocios.com.do\/v1\/wp-content\/uploads\/2023\/08\/001-5.jpg?resize=768%2C570&amp;ssl=1 768w\" sizes=\"auto, (max-width: 996px) 100vw, 996px\" data-recalc-dims=\"1\"><\/figure>\n<\/div>\n<p>Por su labor period\u00edstica en los medios de habla hispana de los Estados Unidos y al ser embajadora de la hermandad entre ambas ciudades, le fue otorgado a Carrillo un reconocimiento el pasado viernes.<\/p>\n<p>La ceremonia tuvo lugar en el Centro del Gobierno de la ciudad del Doral en Estados Unidos, contando con la presencia de varias personalidades barranquilleras y colombianas, sobresalientes en el sur de la Florida.<\/p>\n<p>Stephanie posee quince a\u00f1os de trayectoria, dejando huella en importantes medios de comunicaci\u00f3n de Colombia y USA como lo son CNN en Espa\u00f1ol, Telemundo, NBC, Unimas, Caracol TV, Canal Uno y actualmente en ViX, la plataforma de streaming de TelevisaUnivision.<\/p>\n<p>\u201cEste reconocimiento es algo importante no s\u00f3lo para m\u00ed, sino para todos los inmigrantes que tienen sue\u00f1os y vienen detr\u00e1s de m\u00ed. Esto es por m\u00ed y por todas esas ni\u00f1as con sue\u00f1os grandes, que vean que es posible. Esto es para honrar a mi mami que est\u00e1 en el cielo y todos sus esfuerzos\u201d, puntualiza la panelista de \u2018Sin Rollo Extra\u2019.<\/p>\n<\/div>\n","protected":false},"excerpt":{"rendered":"<p>Miami, FL., 25 de agosto 2023.- Media Force Global + Partners \u2013 El presente mes de agosto, le fue entregado a la presentadora y productora barranquillera Stephanie Carrillo, un reconocimiento&hellip; <\/p>\n","protected":false},"author":2,"featured_media":4572,"comment_status":"closed","ping_status":"closed","sticky":false,"template":"","format":"standard","meta":{"fifu_image_url":"https:\/\/i0.wp.com\/elmundodelosnegocios.com.do\/v1\/wp-content\/uploads\/2023\/08\/001-5.jpg?resize=996,739&ssl=1","fifu_image_alt":"Reconocen trayectoria periodista Carrillo","footnotes":""},"categories":[63],"tags":[],"class_list":["post-4571","post","type-post","status-publish","format-standard","has-post-thumbnail","hentry","category-actualidad"],"_links":{"self":[{"href":"https:\/\/elmundodelapolitica.com\/v1\/wp-json\/wp\/v2\/posts\/4571","targetHints":{"allow":["GET"]}}],"collection":[{"href":"https:\/\/elmundodelapolitica.com\/v1\/wp-json\/wp\/v2\/posts"}],"about":[{"href":"https:\/\/elmundodelapolitica.com\/v1\/wp-json\/wp\/v2\/types\/post"}],"author":[{"embeddable":true,"href":"https:\/\/elmundodelapolitica.com\/v1\/wp-json\/wp\/v2\/users\/2"}],"replies":[{"embeddable":true,"href":"https:\/\/elmundodelapolitica.com\/v1\/wp-json\/wp\/v2\/comments?post=4571"}],"version-history":[{"count":0,"href":"https:\/\/elmundodelapolitica.com\/v1\/wp-json\/wp\/v2\/posts\/4571\/revisions"}],"wp:featuredmedia":[{"embeddable":true,"href":"https:\/\/elmundodelapolitica.com\/v1\/wp-json\/wp\/v2\/media\/4572"}],"wp:attachment":[{"href":"https:\/\/elmundodelapolitica.com\/v1\/wp-json\/wp\/v2\/media?parent=4571"}],"wp:term":[{"taxonomy":"category","embeddable":true,"href":"https:\/\/elmundodelapolitica.com\/v1\/wp-json\/wp\/v2\/categories?post=4571"},{"taxonomy":"post_tag","embeddable":true,"href":"https:\/\/elmundodelapolitica.com\/v1\/wp-json\/wp\/v2\/tags?post=4571"}],"curies":[{"name":"wp","href":"https:\/\/api.w.org\/{rel}","templated":true}]}}