{"id":4566,"date":"2023-08-25T03:38:38","date_gmt":"2023-08-25T07:38:38","guid":{"rendered":"https:\/\/elmundodelapolitica.com\/v1\/?p=4566"},"modified":"2023-08-25T03:38:38","modified_gmt":"2023-08-25T07:38:38","slug":"la-fundacion-cultural-latin-grammy-otorga-la-beca-nicky-jam-al-pianista-leomar-cordero","status":"publish","type":"post","link":"https:\/\/elmundodelapolitica.com\/v1\/la-fundacion-cultural-latin-grammy-otorga-la-beca-nicky-jam-al-pianista-leomar-cordero\/","title":{"rendered":"LA FUNDACI\u00d3N CULTURAL LATIN GRAMMY\u00ae OTORGA LA BECA NICKY JAM AL PIANISTA LEOMAR CORDERO"},"content":{"rendered":"<div>\n<p>La Fundaci\u00f3n tambi\u00e9n otorg\u00f3 43 becas adicionales a estudiantes de m\u00fasica en todo el mundo y anunci\u00f3 la creaci\u00f3n del Scholarship Alumni Network<br \/>\nPara im\u00e1genes, haga clic aqu\u00edCr\u00e9dito: Fundaci\u00f3n Cultural Latin GRAMMY\/John Parra\/Getty ImagesMIAMI\u2013(BUSINESS WIRE)\u2013La Fundaci\u00f3n Cultural Latin GRAMMY\u00ae otorg\u00f3 la Beca Nicky Jam al pianista dominicano Leomar Cordero durante una presentaci\u00f3n especial con el artista en Miami, en la que el ganador del Latin GRAMMY\u00ae se present\u00f3 con Cordero y becados adicionales.<br \/>\nTambi\u00e9n conocida como la Beca Prodigio y patrocinada por un \u00eddolo de la m\u00fasica latina, se cre\u00f3 hace nueve a\u00f1os para apoyar la educaci\u00f3n musical y los g\u00e9neros de m\u00fasica latina. Tiene un valor m\u00e1ximo de $200,000 d\u00f3lares y permitir\u00e1 que Cordero curse una licenciatura a partir del oto\u00f1o en el Berklee College of Music en Boston. Entre los patrocinadores anteriores est\u00e1n: Sofia Carson (2022), Juanes (2021), Julio Iglesias (2020), Emilio y Gloria Estefan (2019), Carlos Vives (2018), Miguel Bos\u00e9 (2017), Juan Luis Guerra (2016) y Enrique Iglesias (2015).<br \/>\nCordero es un m\u00fasico de 19 a\u00f1os de La Romana que fue seleccionado por el Comit\u00e9 de Becas de la Fundaci\u00f3n entre un grupo muy competitivo de cientos de solicitantes de todo el mundo. Desde que se cre\u00f3, la Fundaci\u00f3n Cultural Latin GRAMMY ha asignado la extraordinaria suma de m\u00e1s de $9.3 millones de d\u00f3lares a becas, subvenciones, instrumentos musicales y programas educativos en todo Estados Unidos e Iberoam\u00e9rica.<br \/>\n\u201cDesde la creaci\u00f3n de la Fundaci\u00f3n hace casi una d\u00e9cada, su misi\u00f3n inquebrantable ha sido apoyar y cultivar a la pr\u00f3xima generaci\u00f3n de creadores de m\u00fasica latina. Es un honor para m\u00ed anunciar al ganador de nuestra novena Beca Prodigio y continuar esta misi\u00f3n\u201d, dijo Raquel \u00abRocky\u00bb Egusquiza, directora ejecutiva de la Fundaci\u00f3n Cultural Latin GRAMMY\u00ae. \u201cCon la extraordinaria generosidad de respetados artistas musicales como Nicky Jam, tenemos el singular privilegio de fomentar la educaci\u00f3n de generaciones futuras de creadores, prepararando as\u00ed el terreno para que den rienda suelta a sus sue\u00f1os, y continuar el rico legado de la m\u00fasica latina\u201d.<br \/>\nNicky Jam comparti\u00f3, \u201cMe embarga la alegr\u00eda al unirme a la Fundaci\u00f3n Cultural Latin GRAMMY para otorgar la Beca Nicky Jam al extraordinario pianista Leomar Cordero. Se trata de m\u00e1s que una beca; es una sinfon\u00eda de sue\u00f1os que armonizan con la dedicaci\u00f3n. Ser testigo del poder de la m\u00fasica que nos une a todos, ser parte de las vivencias de Leomar, es un honor que no puedo describir. Por medio de la educaci\u00f3n, promovemos las melod\u00edas del futuro y mantenemos viva el alma de la m\u00fasica latina. Felicitaciones, Leomar. Deja que tu m\u00fasica pinte al mundo de colores que solo puedes imaginarte con el coraz\u00f3n\u201d.<br \/>\n\u201cEstoy sumamente agradecido con la Fundaci\u00f3n Cultural Latin GRAMMY y Nicky Jam por recompensar mis esfuerzos y motivarme no solo a m\u00ed, sino tambi\u00e9n a muchos dedicados m\u00fasicos j\u00f3venes que tienen en com\u00fan un amor infinito por la m\u00fasica y nuestra rica cultura\u201d, dijo Cordero. \u201cTengo el compromiso de sacarle el mayor partido a esta fabulosa oportunidad y dejar un impacto perdurable en el mundo de la m\u00fasica\u201d.<br \/>\nLa Fundaci\u00f3n tambi\u00e9n anunci\u00f3 a los ganadores de las Becas Talento para Matr\u00edcula y Becas de Asistencia para Matr\u00edculas, que les dar\u00e1 a 43 talentosos estudiantes de diversos or\u00edgenes la oportunidad de estudiar en algunas de las m\u00e1s prestigiosas instituciones musicales del mundo.<br \/>\nAdem\u00e1s, tras concluir sus estudios, Cordero y todos los beneficiarios de la Beca Talento para Matr\u00edcula y de Asistencia para Matr\u00edcula que se enumeran abajo tendr\u00e1n la oportunidad de unirse a la reci\u00e9n creada red de exalumnos de la Fundaci\u00f3n Cultural Latin GRAMMY. Esta red, Scholarship Alumni Network, de la Fundaci\u00f3n Cultural Latin GRAMMY, formaliza el compromiso continuo de la Fundaci\u00f3n con el servicio, m\u00e1s all\u00e1 de las becas, al ofrecer a los graduados oportunidades de ser mentores de actuales becarios, hacer contactos con profesionales del sector, tener acceso a eventos y recursos exclusivos, adem\u00e1s de hacer aportes a la comunidad.<br \/>\nGanadores de la Beca Talento para Matr\u00edcula:<br \/>\nEstos tres estudiantes recibir\u00e1n la Beca Talento para Matr\u00edcula, cada una con un valor m\u00e1ximo de $100,000 d\u00f3lares, que contribuir\u00e1 al costo de matr\u00edcula en la universidad o instituci\u00f3n de su selecci\u00f3n durante cuatro a\u00f1os:<\/p>\n<p>Gabriel Am\u00e9rico, guitarrista de Brasil<\/p>\n<p>Camilo Astiazar\u00e1n, guitarrista de Uruguay<\/p>\n<p>Olivia Soler Espinosa, int\u00e9rprete del tres cubano de Cuba<\/p>\n<p>Ganadores de la Beca de Asistencia para Matr\u00edcula:<br \/>\nAdem\u00e1s, cada uno de los siguientes 40 estudiantes la Beca de Asistencia para Matr\u00edcula por un a\u00f1o, con un valor m\u00e1ximo de $10,000 d\u00f3lares, para pagar la matr\u00edcula de la universidad o instituci\u00f3n de su selecci\u00f3n:<\/p>\n<p>Nombre<br \/>\nPa\u00eds<br \/>\nInstrumento<br \/>\nUniversidad<\/p>\n<p>Sof\u00eda Almeida<br \/>\nPortugal<br \/>\nVoz<br \/>\nBerklee College Of Music<\/p>\n<p>Juan Diego Alv\u00e1n Madue\u00f1o<br \/>\nPer\u00fa<br \/>\nPiano<br \/>\nLos Angeles College<\/p>\n<p>Cobe Isai Banda Salcido<br \/>\nM\u00e9xico<br \/>\nGuitarra<br \/>\nTecnol\u00f3gico de Monterrey<\/p>\n<p>Gabriel Braga<br \/>\nBrasil<br \/>\nTromb\u00f3n<br \/>\nFaculdade de M\u00fasica Souza Lima<\/p>\n<p>Sebasti\u00e1n Castillo<br \/>\nPanam\u00e1<br \/>\nPiano<br \/>\nBoston Conservatory<\/p>\n<p>Pedro Henrique Cheik Costantin<br \/>\nBrasil<br \/>\nGuitarra<br \/>\nFaculdade de M\u00fasica Souza Lima<\/p>\n<p>Lorenzo Curik<br \/>\nArgentina<br \/>\nBater\u00eda<br \/>\nBerklee College of Music<\/p>\n<p>Abner Felipe Dos Santos Martins<br \/>\nBrasil<br \/>\nGuitarra el\u00e9ctrica<br \/>\nFaculdade de M\u00fasica Souza Lima<\/p>\n<p>Juan Pablo Faundez<br \/>\nChile<br \/>\nBater\u00eda<br \/>\nBerklee College of Music<\/p>\n<p>Marien Femerling Garc\u00eda<br \/>\nM\u00e9xico<br \/>\nPiano<br \/>\nManhattan School of Music<\/p>\n<p>Rodrigo Garc\u00eda Vargas<br \/>\nM\u00e9xico<br \/>\nPiano<br \/>\nManhattan School of Music<\/p>\n<p>Yandy Garc\u00eda-Palacio<br \/>\nCuba<br \/>\nBater\u00eda<br \/>\nBerklee College of Music<\/p>\n<p>Francisco Garrido<br \/>\nVenezuela<br \/>\nGuitarra<br \/>\nConservatorium van Amsterdam, Holanda<\/p>\n<p>Luis Gonz\u00e1lez<br \/>\nVenezuela<br \/>\nViolonchelo<br \/>\nChicago College of Performing Arts<\/p>\n<p>Andr\u00e9s Guerra<br \/>\nVenezuela<br \/>\nGuitarra<br \/>\nMannes School of Music at The New School<\/p>\n<p>Sebasti\u00e1n Guerrero<br \/>\nColombia<br \/>\nBajo el\u00e9ctrico<br \/>\nLongy School of Music<\/p>\n<p>Mar\u00eda Insuasti<br \/>\nColombia<br \/>\nVoz<br \/>\nConcordia University Irvine<\/p>\n<p>Julieta Iric\u00edbar<br \/>\nArgentina<br \/>\nVoz<br \/>\nThe New School<\/p>\n<p>Pau Jorba Bonastre<br \/>\nEspa\u00f1a<br \/>\nSaxof\u00f3n<br \/>\nThe New School<\/p>\n<p>Marina Marchi Silveira<br \/>\nBrasil<br \/>\nVoz<br \/>\nFaculdade de M\u00fasica Souza Lima<\/p>\n<p>Sim\u00f3n Mart\u00ednez<br \/>\nEcuador<br \/>\nPiano<br \/>\nBerklee College of Music<\/p>\n<p>Laia Mart\u00ednez Gelabert<br \/>\nEspa\u00f1a<br \/>\nBajo el\u00e9ctrico<br \/>\nBerklee College of Music<\/p>\n<p>John Maruri<br \/>\nEstados Unidos<br \/>\nBater\u00eda<br \/>\nJacobs School of Music, Indiana University Bloomington<\/p>\n<p>Mar\u00eda Medina Almaguer<br \/>\nCuba<br \/>\nPiano<br \/>\nBerklee College of Music<\/p>\n<p>Pedro Mujica<br \/>\nVenezuela<br \/>\nFlauta<br \/>\nJacobs School of Music, Indiana University Bloomington<\/p>\n<p>Rafael Ernesto Nocedo<br \/>\nCuba<br \/>\nPiano<br \/>\nBerklee College of Music<\/p>\n<p>Daniel Olivero<br \/>\nVenezuela<br \/>\nVoz<br \/>\nBerklee College of Music<\/p>\n<p>Estevan Olmos<br \/>\nEstados Unidos<br \/>\nPercusi\u00f3n<br \/>\nUniversity of Southern California<\/p>\n<p>Andr\u00e9s Felipe Palacios Rodas<br \/>\nColombia<br \/>\nGuitarra<br \/>\nPeabody Institute de Johns Hopkins University<\/p>\n<p>Andy Popescu<br \/>\nAustralia<br \/>\nBajo el\u00e9ctrico<br \/>\nBerklee College of Music<\/p>\n<p>Murilo Reis Teixeira<br \/>\nBrasil<br \/>\nPiano<br \/>\nFaculdade de M\u00fasica Souza Lima<\/p>\n<p>Kalebe Requena<br \/>\nBrasil<br \/>\nTrompeta<br \/>\nFaculdade de M\u00fasica Souza Lima<\/p>\n<p>Oscar Rojas<br \/>\nM\u00e9xico<br \/>\nPiano<br \/>\nBerklee College of Music<\/p>\n<p>Juan Sebasti\u00e1n S\u00e1nchez<br \/>\nColombia<br \/>\nPercusi\u00f3n<br \/>\nBerklee College of Music<\/p>\n<p>Arthur Scarpini<br \/>\nBrasil<br \/>\nGuitarra<br \/>\nFaculdade de M\u00fasica Souza Lima<\/p>\n<p>Kristalis Sotomayor Matos<br \/>\nPuerto Rico<br \/>\nFlauta<br \/>\nBoston Conservatory<\/p>\n<p>Cristian Tamblay<br \/>\nChile<br \/>\nBater\u00eda<br \/>\nNYU Steinhardt<\/p>\n<p>Gustavo Tenes de Oliveira<br \/>\nBrasil<br \/>\nBajo<br \/>\nFaculdade de M\u00fasica Souza Lima<\/p>\n<p>Guillermo Wan<br \/>\nEcuador<br \/>\nBajo el\u00e9ctrico<br \/>\nBerklee College of Music<\/p>\n<p>Tianxiang Ni<br \/>\nChina<br \/>\nPiano<br \/>\nBard College<\/p>\n<p>ACERCA DE LA FUNDACI\u00d3N CULTURAL LATIN GRAMMY:<br \/>\nLa Fundaci\u00f3n Cultural Latin GRAMMY\u00ae es una organizaci\u00f3n ben\u00e9fica 501(c)(3) establecida por La Academia Latina de la Grabaci\u00f3n\u00ae en 2014 para incrementar el inter\u00e9s y la apreciaci\u00f3n internacional de los significativos aportes de la m\u00fasica latina y sus creadores a la cultura mundial. La Fundaci\u00f3n ofrece becas universitarias, programas educativos y subvenciones para apoyar la investigaci\u00f3n y preservaci\u00f3n de su rico legado musical, y hasta la fecha ha donado m\u00e1s de $9.3 millones de d\u00f3lares con el apoyo de miembros de La Academia Latina, artistas, patrocinadores corporativos y otros generosos donantes. Para obtener m\u00e1s informaci\u00f3n o hacer una donaci\u00f3n, por favor, visite latingrammyculturalfoundation.com o nuestra p\u00e1gina de Facebook. Y s\u00edganos en @latingrammyfdn en X e Instagram, y La Fundaci\u00f3n Cultural Latin GRAMMY en Facebook.<br \/>\nACERCA DE NICKY JAM:<br \/>\nNick Rivera Caminero, conocido como Nicky Jam, es un \u00eddolo del g\u00e9nero urbano de la m\u00fasica latina. La singular perspectiva del cantante puertorrique\u00f1o lo hizo un pionero del reggaet\u00f3n a comienzos de siglo y durante la \u00faltima d\u00e9cada, lo que ayud\u00f3 a que el g\u00e9nero pasara a ser un fen\u00f3meno mundial. El ganador del Latin GRAMMY sigue teniendo \u00e9xito con muchas canciones multiplatino y giras mundiales para las que se agotan las entradas, los que contribuyen a su inspirador legado.<br \/>\nA los 11 a\u00f1os, Nicky Jam irrumpi\u00f3 en el mundo del reggaet\u00f3n en Puerto Rico con su primer \u00e1lbum, Diferente a los dem\u00e1s. Durante la adolescencia, fue una estrella ascendiente del g\u00e9nero con \u00e9xitos como \u201cYo no soy tu marido\u201d, \u201cMe voy pa\u2019l party\u201d, \u201cFiel a tu piel\u201d y \u201cLa combi completa\u201d. Tambi\u00e9n fue parte del d\u00fao Los Cangris de lado de otro pionero de la m\u00fasica, Daddy Yankee. Sin embargo, poco despu\u00e9s, el tiempo que pas\u00f3 en la c\u00e1rcel y una depresi\u00f3n profunda arruinaron la carrera de Nicky Jam.<br \/>\nTres a\u00f1os m\u00e1s tarde, se mud\u00f3 a Colombia con \u00e1nimos renovados para recuperar su carrera. Tras ausentarse de los cuadros de popularidad durante 10 a\u00f1os, Nicky Jam volvi\u00f3 con \u201cTravesuras\u201d, que figur\u00f3 entre las canciones latinas m\u00e1s populares de Billboard durante m\u00e1s de 20 semanas en 2014. El a\u00f1o siguiente alcanz\u00f3 otro \u00e9xito mundial, \u201cEl perd\u00f3n\u201d, con Enrique Iglesias, que gan\u00f3 el Latin GRAMMY por Mejor Interpretaci\u00f3n Urbana. Logr\u00f3 el mayor \u00e9xito de 2016 con \u201cHasta el amanecer\u201d. Las canciones fueron parte de su \u00e1lbum de reaparici\u00f3n, F\u00e9nix, en 2017, al que se atribuye el renovado inter\u00e9s internacional en el reggaet\u00f3n.<br \/>\nLas canciones de Nicky Jam se han escuchado m\u00e1s de 14,500 millones de veces en YouTube 1,100 millones de veces en Spotify. Entre sus m\u00e1s recientes \u00e9xitos est\u00e1n \u201cX\u201d con J Balvin, el que ha alcanzado nivel platino 35 veces, y la single \u201cTe bot\u00e9\u201d con Casper M\u00e1gico, Nio Garc\u00eda, Darell, Bad Bunny y Ozuna. En 2019, Nicky Jam hizo de su inspiradora historia una exitosa serie, El ganador, en la que fue el protagonista. Tambi\u00e9n hizo su gran debut en la pantalla grande con Bad Boys For Life de lado de Will Smith y Martin Lawrence. Contacts<br \/>\nLa Academia Latina de la Grabaci\u00f3nNathalie Alberto<br \/>\nNathalie.Alberto@grammy.com<br \/>\nBODEN Agency en nombre de La Academia Latina de la Grabaci\u00f3nValentina Rojas<br \/>\nValentina@bodenagency.com<\/p>\n<\/div>\n","protected":false},"excerpt":{"rendered":"<p>La Fundaci\u00f3n tambi\u00e9n otorg\u00f3 43 becas adicionales a estudiantes de m\u00fasica en todo el mundo y anunci\u00f3 la creaci\u00f3n del Scholarship Alumni Network Para im\u00e1genes, haga clic aqu\u00edCr\u00e9dito: Fundaci\u00f3n Cultural&hellip; <\/p>\n","protected":false},"author":2,"featured_media":0,"comment_status":"closed","ping_status":"closed","sticky":false,"template":"","format":"standard","meta":{"fifu_image_url":"","fifu_image_alt":"","footnotes":""},"categories":[63],"tags":[],"class_list":["post-4566","post","type-post","status-publish","format-standard","hentry","category-actualidad"],"_links":{"self":[{"href":"https:\/\/elmundodelapolitica.com\/v1\/wp-json\/wp\/v2\/posts\/4566","targetHints":{"allow":["GET"]}}],"collection":[{"href":"https:\/\/elmundodelapolitica.com\/v1\/wp-json\/wp\/v2\/posts"}],"about":[{"href":"https:\/\/elmundodelapolitica.com\/v1\/wp-json\/wp\/v2\/types\/post"}],"author":[{"embeddable":true,"href":"https:\/\/elmundodelapolitica.com\/v1\/wp-json\/wp\/v2\/users\/2"}],"replies":[{"embeddable":true,"href":"https:\/\/elmundodelapolitica.com\/v1\/wp-json\/wp\/v2\/comments?post=4566"}],"version-history":[{"count":0,"href":"https:\/\/elmundodelapolitica.com\/v1\/wp-json\/wp\/v2\/posts\/4566\/revisions"}],"wp:attachment":[{"href":"https:\/\/elmundodelapolitica.com\/v1\/wp-json\/wp\/v2\/media?parent=4566"}],"wp:term":[{"taxonomy":"category","embeddable":true,"href":"https:\/\/elmundodelapolitica.com\/v1\/wp-json\/wp\/v2\/categories?post=4566"},{"taxonomy":"post_tag","embeddable":true,"href":"https:\/\/elmundodelapolitica.com\/v1\/wp-json\/wp\/v2\/tags?post=4566"}],"curies":[{"name":"wp","href":"https:\/\/api.w.org\/{rel}","templated":true}]}}