{"id":4549,"date":"2023-08-24T11:33:38","date_gmt":"2023-08-24T15:33:38","guid":{"rendered":"https:\/\/elmundodelapolitica.com\/v1\/?p=4549"},"modified":"2023-08-24T11:33:38","modified_gmt":"2023-08-24T15:33:38","slug":"ministros-de-turismo-y-educacion-firman-acuerdo-para-llevar-el-turismo-a-las-escuelas","status":"publish","type":"post","link":"https:\/\/elmundodelapolitica.com\/v1\/ministros-de-turismo-y-educacion-firman-acuerdo-para-llevar-el-turismo-a-las-escuelas\/","title":{"rendered":"Ministros de Turismo y Educaci\u00f3n firman acuerdo para llevar el turismo a las escuelas"},"content":{"rendered":"<div>\n<p>Destacan sobre crear una conciencia de la importancia que tiene el turismo para el pa\u00eds y su impacto en la econom\u00eda<\/p>\n<p><em>Santo Domingo<\/em>.-El ministro de Turismo, David Collado y el de Educaci\u00f3n, \u00c1ngel Hern\u00e1ndez, suscribieron un acuerdo interinstitucional para llevar el turismo a las escuelas y fortalecer la materia en los liceos y polit\u00e9cnicos donde se imparte.<\/p>\n<div class=\"wp-block-image\">\n<figure class=\"aligncenter size-full\"><img loading=\"lazy\" data-attachment-id=\"31824\" data-permalink=\"https:\/\/elmundodelosnegocios.com.do\/v1\/index.php\/2023\/08\/24\/ministros-de-turismo-y-educacion-firman-acuerdo-para-llevar-el-turismo-a-las-escuelas\/000c-5\/\" data-orig-file=\"https:\/\/i0.wp.com\/elmundodelosnegocios.com.do\/v1\/wp-content\/uploads\/2023\/08\/000c-5.jpg?fit=1024%2C682&amp;ssl=1\" data-orig-size=\"1024,682\" data-comments-opened=\"0\" data-image-meta='{\"aperture\":\"0\",\"credit\":\"\",\"camera\":\"\",\"caption\":\"\",\"created_timestamp\":\"0\",\"copyright\":\"\",\"focal_length\":\"0\",\"iso\":\"0\",\"shutter_speed\":\"0\",\"title\":\"\",\"orientation\":\"0\"}' data-image-title=\"000c-5\" data-image-description=\"\" data-image-caption=\"\" data-medium-file=\"https:\/\/i0.wp.com\/elmundodelosnegocios.com.do\/v1\/wp-content\/uploads\/2023\/08\/000c-5.jpg?fit=300%2C200&amp;ssl=1\" data-large-file=\"https:\/\/i0.wp.com\/elmundodelosnegocios.com.do\/v1\/wp-content\/uploads\/2023\/08\/000c-5.jpg?fit=1024%2C682&amp;ssl=1\" decoding=\"async\" width=\"1024\" height=\"682\" src=\"https:\/\/i0.wp.com\/elmundodelosnegocios.com.do\/v1\/wp-content\/uploads\/2023\/08\/000c-5.jpg?resize=1024,682\" alt=\"\" class=\"wp-image-31824\" srcset=\"https:\/\/i0.wp.com\/elmundodelosnegocios.com.do\/v1\/wp-content\/uploads\/2023\/08\/000c-5.jpg?w=1024&amp;ssl=1 1024w, https:\/\/i0.wp.com\/elmundodelosnegocios.com.do\/v1\/wp-content\/uploads\/2023\/08\/000c-5.jpg?resize=300%2C200&amp;ssl=1 300w, https:\/\/i0.wp.com\/elmundodelosnegocios.com.do\/v1\/wp-content\/uploads\/2023\/08\/000c-5.jpg?resize=768%2C512&amp;ssl=1 768w\" sizes=\"auto, (max-width: 1024px) 100vw, 1024px\" data-recalc-dims=\"1\"><\/figure>\n<\/div>\n<p>El convenio tiene como prop\u00f3sito aunar esfuerzos para la promoci\u00f3n, el aprendizaje y la creaci\u00f3n de una cultura ciudadana de apoyo al turismo en los estudiantes de los diferentes niveles y modalidades del sistema educativo preuniversitario a nivel nacional, sobre todo, en los principales destinos tur\u00edsticos del pa\u00eds.<\/p>\n<p>Para ampliar el alcance de la alianza, ambas instituciones firmaron protocolos adicionales en los que se establece un plan de trabajo, un presupuesto anual y los recursos humanos involucrados, entre otros puntos.<\/p>\n<p>El ministro Collado destac\u00f3 la trascendencia de ese acuerdo, ya que es una garant\u00eda de convertir a Rep\u00fablica Dominicana en una poderosa potencia del turismo en el caribe.<\/p>\n<p>\u201cNos hemos dado cuenta de que si queremos ser una potencia tur\u00edstica, como de hecho ya lo somos en el Caribe, debemos inculcar en nuestros ni\u00f1os, ni\u00f1as y adolescentes el tema de la importancia del turismo en la Rep\u00fablica Dominicana\u201d, dijo Collado.<\/p>\n<p>Entiende que se debe fortalecer el tema del turismo en las escuelas, liceos y polit\u00e9cnicos que tiene el Ministerio de Educaci\u00f3n en todo el pa\u00eds.<\/p>\n<p>El ministro de Educaci\u00f3n dijo que ve con mucho agrado la firma del acuerdo, tomando en consideraci\u00f3n lo que genera el sector tur\u00edstico y su impacto en la econom\u00eda.<\/p>\n<p>\u201cEl turismo no es solo la actividad donde la gente solo viene a divertirse y a ver la playa, es tambi\u00e9n una actividad cultural, hist\u00f3rica, es un aporte al desarrollo, dijo el ministro Hern\u00e1ndez.<\/p>\n<figure class=\"wp-block-image\"><img decoding=\"async\" src=\"https:\/\/i0.wp.com\/www.mitur.gob.do\/wp-content\/uploads\/2023\/08\/IMG-20230821-WA0014-300x200.webp?resize=300,200&amp;ssl=1\" alt=\"\" class=\"wp-image-39059\" data-recalc-dims=\"1\"><\/figure>\n<p><strong><em>Compromisos<\/em><\/strong><\/p>\n<p>A trav\u00e9s del convenio, el MINERD se compromete a realizar los procedimientos necesarios para integrar el Turismo como salida optativa en el bachillerato; promover e incorporar en el sistema educativo dominicano preuniversitario la ense\u00f1anza de las capacidades requeridas para desarrollar emprendimientos, formular propuestas y prestar servicios en el sector tur\u00edstico; ofrecer y facilitar acciones formativas en esa materia e implementar los programas de capacitaci\u00f3n y actualizaci\u00f3n continua de los docentes en esa \u00e1rea.<\/p>\n<p>Asimismo, el MITUR se compromete a proporcionar al MINERD la asistencia de especialistas en ese sector y las informaciones requeridas, as\u00ed como la implementaci\u00f3n del plan de trabajo acordado y el dise\u00f1o y actualizaci\u00f3n de las capacitaciones; colaborar con la instituci\u00f3n educativa en la actualizaci\u00f3n curricular de la modalidad T\u00e9cnico Profesional.<\/p>\n<p>Tambi\u00e9n, realizar un levantamiento para detectar las necesidades de capacitaci\u00f3n del sector tur\u00edstico que servir\u00e1n de insumos para el dise\u00f1o de las formaciones y su inclusi\u00f3n en el sistema educativo; colaborar y servir de canal para gestionar con el sector privado los aportes t\u00e9cnicos o econ\u00f3micos que sean requeridos para el desarrollo del proyecto en los sectores y subsectores productivos de turismo, y facilitar a los estudiantes egresados de la oferta educativa de la modalidad T\u00e9cnico Profesional las pasant\u00edas en sus dependencias e instituciones colaboradoras del MITUR.<\/p>\n<\/div>\n","protected":false},"excerpt":{"rendered":"<p>Destacan sobre crear una conciencia de la importancia que tiene el turismo para el pa\u00eds y su impacto en la econom\u00eda Santo Domingo.-El ministro de Turismo, David Collado y el&hellip; <\/p>\n","protected":false},"author":2,"featured_media":4550,"comment_status":"closed","ping_status":"closed","sticky":false,"template":"","format":"standard","meta":{"fifu_image_url":"https:\/\/i0.wp.com\/elmundodelosnegocios.com.do\/v1\/wp-content\/uploads\/2023\/08\/000c-5.jpg?resize=1024,682","fifu_image_alt":"Ministros de Turismo y Educaci\u00f3n firman acuerdo para llevar el turismo a las escuelas","footnotes":""},"categories":[63],"tags":[],"class_list":["post-4549","post","type-post","status-publish","format-standard","has-post-thumbnail","hentry","category-actualidad"],"_links":{"self":[{"href":"https:\/\/elmundodelapolitica.com\/v1\/wp-json\/wp\/v2\/posts\/4549","targetHints":{"allow":["GET"]}}],"collection":[{"href":"https:\/\/elmundodelapolitica.com\/v1\/wp-json\/wp\/v2\/posts"}],"about":[{"href":"https:\/\/elmundodelapolitica.com\/v1\/wp-json\/wp\/v2\/types\/post"}],"author":[{"embeddable":true,"href":"https:\/\/elmundodelapolitica.com\/v1\/wp-json\/wp\/v2\/users\/2"}],"replies":[{"embeddable":true,"href":"https:\/\/elmundodelapolitica.com\/v1\/wp-json\/wp\/v2\/comments?post=4549"}],"version-history":[{"count":0,"href":"https:\/\/elmundodelapolitica.com\/v1\/wp-json\/wp\/v2\/posts\/4549\/revisions"}],"wp:featuredmedia":[{"embeddable":true,"href":"https:\/\/elmundodelapolitica.com\/v1\/wp-json\/wp\/v2\/media\/4550"}],"wp:attachment":[{"href":"https:\/\/elmundodelapolitica.com\/v1\/wp-json\/wp\/v2\/media?parent=4549"}],"wp:term":[{"taxonomy":"category","embeddable":true,"href":"https:\/\/elmundodelapolitica.com\/v1\/wp-json\/wp\/v2\/categories?post=4549"},{"taxonomy":"post_tag","embeddable":true,"href":"https:\/\/elmundodelapolitica.com\/v1\/wp-json\/wp\/v2\/tags?post=4549"}],"curies":[{"name":"wp","href":"https:\/\/api.w.org\/{rel}","templated":true}]}}