{"id":4523,"date":"2023-08-23T10:16:43","date_gmt":"2023-08-23T14:16:43","guid":{"rendered":"https:\/\/elmundodelapolitica.com\/v1\/?p=4523"},"modified":"2023-08-23T10:16:45","modified_gmt":"2023-08-23T14:16:45","slug":"victor-mateo-llama-a-la-militancia-del-pld-integrarse-a-operativos-ante-el-paso-de-la-tormenta-franklin","status":"publish","type":"post","link":"https:\/\/elmundodelapolitica.com\/v1\/victor-mateo-llama-a-la-militancia-del-pld-integrarse-a-operativos-ante-el-paso-de-la-tormenta-franklin\/","title":{"rendered":"V\u00edctor Mateo llama a la militancia del PLD integrarse a operativos ante el paso de la Tormenta Franklin"},"content":{"rendered":"\n<p>BARAHONA: El precandidato a diputado V\u00edctor Mateo V\u00e1squez, llam\u00f3 a la militancia del Partido de la Liberaci\u00f3n Dominicana (PLD) a estar prestos para ayudar en cualquier situaci\u00f3n de emergencia que se presente como resultado del paso de la Tormenta Tropical Franklin por esta provincia.<\/p>\n\n\n\n<p>Mateo V\u00e1squez, pidi\u00f3 a la militancia pelede\u00edsta ponerse a disposici\u00f3n de los organismos de socorro, las alcald\u00edas, las juntas distritales, las iglesias y otras entidades que puedan prestar asistencia a familias que pudieren ser afectadas con el paso del fen\u00f3meno atmosf\u00e9rico.<\/p>\n\n\n\n<p>El dirigente pol\u00edtico manifest\u00f3 que, sin distinci\u00f3n, ni partidos, los dirigentes medios y altos de esa organizaci\u00f3n y su militancia en sentido general deben sumarse a cualquier tarea de ayuda y asistencia, ante la eventualidad del meteoro.<\/p>\n\n\n\n<p>Mateo V\u00e1squez recomend\u00f3 a las personas abstenerse de cruzar r\u00edos, arroyos y ca\u00f1adas que presenten alto volumen de agua y no hacer uso de balnearios (r\u00edos), en las provincias bajo alerta.<\/p>\n\n\n\n<p>El Centro de Operaciones de Emergencias (COE) coloc\u00f3 14 provincias en alerta roja y 18 en amarilla por posibles crecidas de r\u00edos, arroyos y ca\u00f1adas, as\u00ed como inundaciones repentinas o urbanas, debido a que el centro de la tormenta Franklin se ubica a unos 370 km al sur de Santo Domingo.<\/p>\n\n\n\n<p>Las provincias en alerta roja son: Santo Domingo, Distrito Nacional, San Crist\u00f3bal, Peravia, Barahona, San Juan, Independencia, San Pedro de Macor\u00eds, La Romana, San Jos\u00e9 de Ocoa, Azua, Pedernales, Bahoruco y El\u00edas Pi\u00f1a.<\/p>\n\n\n\n<p>Mientras que en alerta amarilla se encuentran: Puerto Plata, Duarte, Hato Mayor, El Seibo, Mar\u00eda Trinidad S\u00e1nchez, Monte Plata, La Altagracia ,La Vega, Santiago Rodr\u00edguez, Dajab\u00f3n, Monte Cristi, Hermanas Mirabal, Espaillat, Saman\u00e1, Monse\u00f1or Nouel, Santiago, S\u00e1nchez Ram\u00edrez y Valverde<\/p>\n","protected":false},"excerpt":{"rendered":"<p>BARAHONA: El precandidato a diputado V\u00edctor Mateo V\u00e1squez, llam\u00f3 a la militancia del Partido de la Liberaci\u00f3n Dominicana (PLD) a estar prestos para ayudar en cualquier situaci\u00f3n de emergencia que&hellip; <\/p>\n","protected":false},"author":2,"featured_media":4524,"comment_status":"open","ping_status":"open","sticky":false,"template":"","format":"standard","meta":{"fifu_image_url":"","fifu_image_alt":"","footnotes":""},"categories":[12],"tags":[],"class_list":["post-4523","post","type-post","status-publish","format-standard","has-post-thumbnail","hentry","category-agenda-politica"],"_links":{"self":[{"href":"https:\/\/elmundodelapolitica.com\/v1\/wp-json\/wp\/v2\/posts\/4523","targetHints":{"allow":["GET"]}}],"collection":[{"href":"https:\/\/elmundodelapolitica.com\/v1\/wp-json\/wp\/v2\/posts"}],"about":[{"href":"https:\/\/elmundodelapolitica.com\/v1\/wp-json\/wp\/v2\/types\/post"}],"author":[{"embeddable":true,"href":"https:\/\/elmundodelapolitica.com\/v1\/wp-json\/wp\/v2\/users\/2"}],"replies":[{"embeddable":true,"href":"https:\/\/elmundodelapolitica.com\/v1\/wp-json\/wp\/v2\/comments?post=4523"}],"version-history":[{"count":1,"href":"https:\/\/elmundodelapolitica.com\/v1\/wp-json\/wp\/v2\/posts\/4523\/revisions"}],"predecessor-version":[{"id":4525,"href":"https:\/\/elmundodelapolitica.com\/v1\/wp-json\/wp\/v2\/posts\/4523\/revisions\/4525"}],"wp:featuredmedia":[{"embeddable":true,"href":"https:\/\/elmundodelapolitica.com\/v1\/wp-json\/wp\/v2\/media\/4524"}],"wp:attachment":[{"href":"https:\/\/elmundodelapolitica.com\/v1\/wp-json\/wp\/v2\/media?parent=4523"}],"wp:term":[{"taxonomy":"category","embeddable":true,"href":"https:\/\/elmundodelapolitica.com\/v1\/wp-json\/wp\/v2\/categories?post=4523"},{"taxonomy":"post_tag","embeddable":true,"href":"https:\/\/elmundodelapolitica.com\/v1\/wp-json\/wp\/v2\/tags?post=4523"}],"curies":[{"name":"wp","href":"https:\/\/api.w.org\/{rel}","templated":true}]}}