{"id":4500,"date":"2023-08-21T13:55:06","date_gmt":"2023-08-21T17:55:06","guid":{"rendered":"https:\/\/elmundodelapolitica.com\/v1\/?p=4500"},"modified":"2023-08-21T13:55:06","modified_gmt":"2023-08-21T17:55:06","slug":"activo-edesur-plan-contingencia-ante-posible-paso-tormenta-franklin","status":"publish","type":"post","link":"https:\/\/elmundodelapolitica.com\/v1\/activo-edesur-plan-contingencia-ante-posible-paso-tormenta-franklin\/","title":{"rendered":"Activo Edesur plan contingencia ante posible paso tormenta Franklin"},"content":{"rendered":"<div>\n<p>Santo Domingo, R. D. Agosto 21, 2023.-Edesur Dominicana activ\u00f3 su Plan de Contingencia para la Temporada Cicl\u00f3nica, y declar\u00f3 en sesi\u00f3n permanente su Comit\u00e9 de Contingencia ante el posible paso de la tormenta tropical Franklin por territorio bajo su responsabilidad.<\/p>\n<figure class=\"wp-block-image size-full\"><img data-attachment-id=\"31765\" data-permalink=\"https:\/\/elmundodelosnegocios.com.do\/v1\/index.php\/2023\/08\/21\/activo-edesur-plan-contingencia-ante-posible-paso-tormenta-franklin\/000c-3\/\" data-orig-file=\"https:\/\/i0.wp.com\/elmundodelosnegocios.com.do\/v1\/wp-content\/uploads\/2023\/08\/000c-3.jpg?fit=1000%2C667&amp;ssl=1\" data-orig-size=\"1000,667\" data-comments-opened=\"0\" data-image-meta='{\"aperture\":\"1.8\",\"credit\":\"\",\"camera\":\"Canon EOS 7D Mark II\",\"caption\":\"\",\"created_timestamp\":\"1692615979\",\"copyright\":\"\",\"focal_length\":\"50\",\"iso\":\"400\",\"shutter_speed\":\"0.005\",\"title\":\"\",\"orientation\":\"0\"}' data-image-title=\"000c-3\" data-image-description=\"\" data-image-caption=\"\" data-medium-file=\"https:\/\/i0.wp.com\/elmundodelosnegocios.com.do\/v1\/wp-content\/uploads\/2023\/08\/000c-3.jpg?fit=300%2C200&amp;ssl=1\" data-large-file=\"https:\/\/i0.wp.com\/elmundodelosnegocios.com.do\/v1\/wp-content\/uploads\/2023\/08\/000c-3.jpg?fit=1000%2C667&amp;ssl=1\" decoding=\"async\" loading=\"lazy\" width=\"1000\" height=\"667\" src=\"https:\/\/i0.wp.com\/elmundodelosnegocios.com.do\/v1\/wp-content\/uploads\/2023\/08\/000c-3.jpg?resize=1000,667&amp;ssl=1\" alt=\"\" class=\"wp-image-31765\" srcset=\"https:\/\/i0.wp.com\/elmundodelosnegocios.com.do\/v1\/wp-content\/uploads\/2023\/08\/000c-3.jpg?w=1000&amp;ssl=1 1000w, https:\/\/i0.wp.com\/elmundodelosnegocios.com.do\/v1\/wp-content\/uploads\/2023\/08\/000c-3.jpg?resize=300%2C200&amp;ssl=1 300w, https:\/\/i0.wp.com\/elmundodelosnegocios.com.do\/v1\/wp-content\/uploads\/2023\/08\/000c-3.jpg?resize=768%2C512&amp;ssl=1 768w\" sizes=\"auto, (max-width: 1000px) 100vw, 1000px\" data-recalc-dims=\"1\"><\/figure>\n<p>Milton Morrison, administrador general de Edesur, encabez\u00f3 una reuni\u00f3n la ma\u00f1ana de este lunes y declar\u00f3 en sesi\u00f3n permanente el Comit\u00e9 de Contingencia, el cual preside, y en el que intervienen diversas \u00e1reas sensibles de la empresa ante el paso de una tormenta o hurac\u00e1n.<\/p>\n<p>Milton Morrison dijo que desde Edesur Dominicana se dispuso un reforzamiento a las subestaciones; y se realizan podas preventivas de \u00e1rboles con ramas largas, para evitar que hagan contacto con cables el\u00e9ctricos de media tensi\u00f3n, provoquen aver\u00edas, tragedias en zonas residenciales o que obstaculicen las v\u00edas.<\/p>\n<p>Brigadas especializadas de Edesur ser\u00e1n desplazadas en puntos estrat\u00e9gicos las 24 horas del d\u00eda, ante cualquier eventualidad, dar respuesta a la mayor brevedad posible ante cualquier eventualidad.<\/p>\n<p>\u201cEstamos listos en Edesur Dominicana. Todas las \u00e1reas se han motorizado desde el punto de vista log\u00edstico.\u00a0 Se han tomado medidas de reforzamiento que abarcan las subestaciones y la poda preventiva de \u00e1rboles. Estamos preparados con nuestro equipo para dar respuesta lo antes posible ante cualquier emergencia\u201d, dijo Milton Morrison.<\/p>\n<p>El Plan de Contingencia de Edesur dar\u00e1 prioridad a los circuitos que alimentan centros de seguridad nacional, hospitales, acueductos, refugios y otras instituciones sensibles del Estado.\u00a0<\/p>\n<p>Edesur reiter\u00f3 su llamado a la poblaci\u00f3n de guardar distancias de cables y postes ca\u00eddos del tendido el\u00e9ctrico y record\u00f3 que las aver\u00edas o emergencias pueden reportarse a la l\u00ednea 809-683-9393, disponible las 24 horas del d\u00eda.<\/p>\n<p>Igualmente recomend\u00f3 mantenerse atento a las informaciones que emiten los organismos de emergencias oficiales.<\/p>\n<\/div>\n","protected":false},"excerpt":{"rendered":"<p>Santo Domingo, R. D. Agosto 21, 2023.-Edesur Dominicana activ\u00f3 su Plan de Contingencia para la Temporada Cicl\u00f3nica, y declar\u00f3 en sesi\u00f3n permanente su Comit\u00e9 de Contingencia ante el posible paso&hellip; <\/p>\n","protected":false},"author":2,"featured_media":4501,"comment_status":"closed","ping_status":"closed","sticky":false,"template":"","format":"standard","meta":{"fifu_image_url":"https:\/\/i0.wp.com\/elmundodelosnegocios.com.do\/v1\/wp-content\/uploads\/2023\/08\/000c-3.jpg?resize=1000,667&ssl=1","fifu_image_alt":"Activo Edesur plan contingencia ante posible paso tormenta Franklin","footnotes":""},"categories":[63],"tags":[],"class_list":["post-4500","post","type-post","status-publish","format-standard","has-post-thumbnail","hentry","category-actualidad"],"_links":{"self":[{"href":"https:\/\/elmundodelapolitica.com\/v1\/wp-json\/wp\/v2\/posts\/4500","targetHints":{"allow":["GET"]}}],"collection":[{"href":"https:\/\/elmundodelapolitica.com\/v1\/wp-json\/wp\/v2\/posts"}],"about":[{"href":"https:\/\/elmundodelapolitica.com\/v1\/wp-json\/wp\/v2\/types\/post"}],"author":[{"embeddable":true,"href":"https:\/\/elmundodelapolitica.com\/v1\/wp-json\/wp\/v2\/users\/2"}],"replies":[{"embeddable":true,"href":"https:\/\/elmundodelapolitica.com\/v1\/wp-json\/wp\/v2\/comments?post=4500"}],"version-history":[{"count":0,"href":"https:\/\/elmundodelapolitica.com\/v1\/wp-json\/wp\/v2\/posts\/4500\/revisions"}],"wp:featuredmedia":[{"embeddable":true,"href":"https:\/\/elmundodelapolitica.com\/v1\/wp-json\/wp\/v2\/media\/4501"}],"wp:attachment":[{"href":"https:\/\/elmundodelapolitica.com\/v1\/wp-json\/wp\/v2\/media?parent=4500"}],"wp:term":[{"taxonomy":"category","embeddable":true,"href":"https:\/\/elmundodelapolitica.com\/v1\/wp-json\/wp\/v2\/categories?post=4500"},{"taxonomy":"post_tag","embeddable":true,"href":"https:\/\/elmundodelapolitica.com\/v1\/wp-json\/wp\/v2\/tags?post=4500"}],"curies":[{"name":"wp","href":"https:\/\/api.w.org\/{rel}","templated":true}]}}