{"id":4496,"date":"2023-08-21T10:58:43","date_gmt":"2023-08-21T14:58:43","guid":{"rendered":"https:\/\/elmundodelapolitica.com\/v1\/?p=4496"},"modified":"2023-08-21T10:58:43","modified_gmt":"2023-08-21T14:58:43","slug":"sns-fortalece-red-publica-de-salud-con-remozamiento-de-24-hospitales-y-mas-de-500-cpn","status":"publish","type":"post","link":"https:\/\/elmundodelapolitica.com\/v1\/sns-fortalece-red-publica-de-salud-con-remozamiento-de-24-hospitales-y-mas-de-500-cpn\/","title":{"rendered":"SNS fortalece Red P\u00fablica de Salud con remozamiento de 24 hospitales y m\u00e1s de 500 CPN"},"content":{"rendered":"<div>\n<p>Santo Domingo.- La actual gesti\u00f3n del Servicio Nacional de Salud\u00a0<strong>(SNS)<\/strong>\u00a0que encabeza el\u00a0<strong>doctor Mario Lama<\/strong>, ha fortalecido la Red P\u00fablica con el\u00a0<strong>remozamiento, en tres a\u00f1os, de 24 hospitales y 532 Centros de Atenci\u00f3n Primaria<\/strong>.\u00a0<\/p>\n<p>El doctor Lama indic\u00f3 que las acciones implementadas desde el SNS para optimizar la atenci\u00f3n que reciben los usuarios en los centros sanitarios, van en\u00a0<strong>cumplimiento de la promesa del presidente Luis Abinader<\/strong>\u00a0de garantizar a los dominicanos el derecho de acceder a\u00a0<strong>servicios de salud de manera oportuna.\u00a0<\/strong><\/p>\n<figure class=\"wp-block-image size-large\"><img loading=\"lazy\" data-attachment-id=\"31758\" data-permalink=\"https:\/\/elmundodelosnegocios.com.do\/v1\/index.php\/2023\/08\/21\/sns-fortalece-red-publica-de-salud-con-remozamiento-de-24-hospitales-y-mas-de-500-cpn\/1_1-2\/\" data-orig-file=\"https:\/\/i0.wp.com\/elmundodelosnegocios.com.do\/v1\/wp-content\/uploads\/2023\/08\/1_1.jpeg?fit=1300%2C731&amp;ssl=1\" data-orig-size=\"1300,731\" data-comments-opened=\"0\" data-image-meta='{\"aperture\":\"0\",\"credit\":\"\",\"camera\":\"\",\"caption\":\"\",\"created_timestamp\":\"0\",\"copyright\":\"\",\"focal_length\":\"0\",\"iso\":\"0\",\"shutter_speed\":\"0\",\"title\":\"\",\"orientation\":\"0\"}' data-image-title=\"1_1\" data-image-description=\"\" data-image-caption=\"\" data-medium-file=\"https:\/\/i0.wp.com\/elmundodelosnegocios.com.do\/v1\/wp-content\/uploads\/2023\/08\/1_1.jpeg?fit=300%2C169&amp;ssl=1\" data-large-file=\"https:\/\/i0.wp.com\/elmundodelosnegocios.com.do\/v1\/wp-content\/uploads\/2023\/08\/1_1.jpeg?fit=1024%2C576&amp;ssl=1\" decoding=\"async\" width=\"1024\" height=\"576\" src=\"https:\/\/i0.wp.com\/elmundodelosnegocios.com.do\/v1\/wp-content\/uploads\/2023\/08\/1_1-1024x576.jpeg?resize=1024,576&amp;ssl=1\" alt=\"\" class=\"wp-image-31758\" srcset=\"https:\/\/i0.wp.com\/elmundodelosnegocios.com.do\/v1\/wp-content\/uploads\/2023\/08\/1_1.jpeg?resize=1024%2C576&amp;ssl=1 1024w, https:\/\/i0.wp.com\/elmundodelosnegocios.com.do\/v1\/wp-content\/uploads\/2023\/08\/1_1.jpeg?resize=300%2C169&amp;ssl=1 300w, https:\/\/i0.wp.com\/elmundodelosnegocios.com.do\/v1\/wp-content\/uploads\/2023\/08\/1_1.jpeg?resize=768%2C432&amp;ssl=1 768w, https:\/\/i0.wp.com\/elmundodelosnegocios.com.do\/v1\/wp-content\/uploads\/2023\/08\/1_1.jpeg?w=1300&amp;ssl=1 1300w\" sizes=\"auto, (max-width: 1024px) 100vw, 1024px\" data-recalc-dims=\"1\"><\/figure>\n<p><em>\u201cLos trabajos de infraestructura que hemos realizado en estos 36 meses incluyen remozamientos generales de hospitales, ampliaci\u00f3n de Emergencias, intervenciones de \u00c1reas Maternas y Unidades de Cuidados Intensivos, entre otras\u201d,\u00a0<\/em>detall\u00f3 Lama.\u00a0<\/p>\n<figure class=\"wp-block-image\"><img decoding=\"async\" src=\"https:\/\/i0.wp.com\/presidencia.gob.do\/sites\/default\/files\/inline-images\/2_10.jpeg?w=1110&amp;ssl=1\" alt=\"\" data-recalc-dims=\"1\"><\/figure>\n<p><strong>Hospitales entregados<\/strong><\/p>\n<p>En Santo Domingo se intervinieron las\u00a0<strong>Emergencias del Hospital F\u00e9lix Mar\u00eda Goico y del Infantil Doctor Robert Reid Cabral<\/strong>, pertenecientes a la regional Metropolitana; en el Servicio Regional de Salud (SRS) Valdesia se entreg\u00f3 la Emergencia del\u00a0<strong>Provincial San Jos\u00e9 de Ocoa<\/strong>\u00a0y el \u00e1rea de Maternidad del Hospital\u00a0<strong>Nuestra Se\u00f1ora de Regla<\/strong>, en Ban\u00ed.\u00a0<\/p>\n<p>Mientras que en el SRS Norcentral se entregaron remozamientos y ampliaci\u00f3n de Emergencias de los municipales\u00a0<strong>Luis Espaillat\u00a0<\/strong>de Sabana Iglesia<strong>, Napier D\u00edaz\u00a0<\/strong>de Villa Gonz\u00e1lez<strong>\u00a0y Lilian Fern\u00e1ndez\u00a0<\/strong>de Navarrete, tres centros de la provincia Santiago; adem\u00e1s el\u00a0<strong>Municipal de Imbert<\/strong>, en Puerto Plata.\u00a0<\/p>\n<p>En la regional Nordeste se pusieron a disposici\u00f3n de la poblaci\u00f3n Emergencias y otras \u00e1reas renovadas de los\u00a0<strong>hospitales Felipe J. Ach\u00e9car, Regional San Vicente de Pa\u00fal, los municipales Arenoso y Federico Lavandier<\/strong>\u00a0en la provincia Duarte; el\u00a0<strong>\u00c1ngel Concepci\u00f3n Lajara y Villa Tapia<\/strong>\u00a0de Hermanas Mirabal y el\u00a0<strong>Luis Bonilla Castillo<\/strong>\u00a0en Matancitas, Mar\u00eda Trinidad S\u00e1nchez.\u00a0<\/p>\n<p>Igualmente, en Enriquillo fueron intervenidos el\u00a0<strong>Hospital Municipal Galv\u00e1n\u00a0<\/strong>de Bahoruco<strong>\u00a0y el Te\u00f3filo Gautier<\/strong>\u00a0en Barahona; en el Este el\u00a0<strong>Jaime Oliver Pino,<\/strong>\u00a0de San Pedro de Macor\u00eds, donde se remozaron las unidades UCI Adultos y de Di\u00e1lisis. Tambi\u00e9n se trabaj\u00f3 en el\u00a0<strong>Leopoldo Mart\u00ednez,\u00a0<\/strong>de Hato Mayor, con ampliaci\u00f3n de la Emergencia.\u00a0<\/p>\n<p>Del SRS El Valle los hospitales remozados y con ampliaci\u00f3n de Emergencia son el\u00a0<strong>Regional Taiw\u00e1n 19 de Marzo, Nuestra Se\u00f1ora del Carmen, Guayabal y Peralta<\/strong>\u00a0en Azua; mientras que en Cibao Central se entreg\u00f3 recientemente el\u00a0<strong>Hospital Municipal Jima Abajo<\/strong>\u00a0de La Vega.\u00a0<\/p>\n<figure class=\"wp-block-image\"><img decoding=\"async\" src=\"https:\/\/i0.wp.com\/presidencia.gob.do\/sites\/default\/files\/inline-images\/0a26333c-aa45-4070-993a-28427ed7fe42.jpeg?w=1110&amp;ssl=1\" alt=\"\" data-recalc-dims=\"1\"><\/figure>\n<p><strong>Centros de Primer Nivel<\/strong>\u00a0<\/p>\n<p>De agosto 2020 a la fecha se inauguraron<strong>\u00a013 Centros de Primer Nivel y se remozaron 471,<\/strong>\u00a0asimismo se inauguraron\u00a0<strong>6 Centros Cl\u00ednicos y Diagn\u00f3sticos de Atenci\u00f3n Primaria y se remozaron 42<\/strong>\u00a0en los nueve Servicios Regionales de Salud. El SNS ha dotado\u00a0<strong>196 hospitales y CPN de nuevos equipos\u00a0<\/strong>con una inversi\u00f3n de\u00a0<strong>RD 1,465,776,046.20.\u00a0<\/strong><\/p>\n<p><strong>Aumento provisi\u00f3n de servicios y reconocimientos\u00a0<\/strong><\/p>\n<p>Estas y otras acciones implementadas permitieron ofrecer\u00a0<strong>19,519,116 servicios en los hospitales de la Red P\u00fablica\u00a0<\/strong>en el primer semestre de este a\u00f1o, para un aumento de un\u00a0<strong>75 %<\/strong>\u00a0en comparaci\u00f3n con el mismo per\u00edodo de 2020, donde el total fue de 11,145,883.\u00a0<\/p>\n<p>Como resultado de los logros y avances durante la actual gesti\u00f3n, el<strong>\u00a0Servicio Nacional de Salud ha recibido importantes reconocimientos<\/strong>, como el Premio Nacional a la Calidad del Sector P\u00fablico Dominicano 2022 (medalla de Bronce), Premio a la Calidad International Diamond Prize for \u201cExcellence in Quality 2023\u201d, Reconocimiento por las buenas pr\u00e1cticas e iniciativas implementadas en la reducci\u00f3n de la mortalidad materna neonatal e infantil en la Rep\u00fablica Dominicana 2022, sello Plata y Bronce a las Buenas Pr\u00e1cticas Inclusivas para las Personas con Discapacidad \u201cRD Incluye 2021 y 2022\u201d, entre otros.<\/p>\n<\/div>\n","protected":false},"excerpt":{"rendered":"<p>Santo Domingo.- La actual gesti\u00f3n del Servicio Nacional de Salud\u00a0(SNS)\u00a0que encabeza el\u00a0doctor Mario Lama, ha fortalecido la Red P\u00fablica con el\u00a0remozamiento, en tres a\u00f1os, de 24 hospitales y 532 Centros&hellip; <\/p>\n","protected":false},"author":2,"featured_media":4497,"comment_status":"closed","ping_status":"closed","sticky":false,"template":"","format":"standard","meta":{"fifu_image_url":"https:\/\/i0.wp.com\/elmundodelosnegocios.com.do\/v1\/wp-content\/uploads\/2023\/08\/1_1-1024x576.jpeg?resize=1024,576&ssl=1","fifu_image_alt":"SNS fortalece Red P\u00fablica de Salud con remozamiento de 24 hospitales y m\u00e1s de 500 CPN","footnotes":""},"categories":[63],"tags":[],"class_list":["post-4496","post","type-post","status-publish","format-standard","has-post-thumbnail","hentry","category-actualidad"],"_links":{"self":[{"href":"https:\/\/elmundodelapolitica.com\/v1\/wp-json\/wp\/v2\/posts\/4496","targetHints":{"allow":["GET"]}}],"collection":[{"href":"https:\/\/elmundodelapolitica.com\/v1\/wp-json\/wp\/v2\/posts"}],"about":[{"href":"https:\/\/elmundodelapolitica.com\/v1\/wp-json\/wp\/v2\/types\/post"}],"author":[{"embeddable":true,"href":"https:\/\/elmundodelapolitica.com\/v1\/wp-json\/wp\/v2\/users\/2"}],"replies":[{"embeddable":true,"href":"https:\/\/elmundodelapolitica.com\/v1\/wp-json\/wp\/v2\/comments?post=4496"}],"version-history":[{"count":0,"href":"https:\/\/elmundodelapolitica.com\/v1\/wp-json\/wp\/v2\/posts\/4496\/revisions"}],"wp:featuredmedia":[{"embeddable":true,"href":"https:\/\/elmundodelapolitica.com\/v1\/wp-json\/wp\/v2\/media\/4497"}],"wp:attachment":[{"href":"https:\/\/elmundodelapolitica.com\/v1\/wp-json\/wp\/v2\/media?parent=4496"}],"wp:term":[{"taxonomy":"category","embeddable":true,"href":"https:\/\/elmundodelapolitica.com\/v1\/wp-json\/wp\/v2\/categories?post=4496"},{"taxonomy":"post_tag","embeddable":true,"href":"https:\/\/elmundodelapolitica.com\/v1\/wp-json\/wp\/v2\/tags?post=4496"}],"curies":[{"name":"wp","href":"https:\/\/api.w.org\/{rel}","templated":true}]}}