{"id":4488,"date":"2023-08-21T10:40:01","date_gmt":"2023-08-21T14:40:01","guid":{"rendered":"https:\/\/elmundodelapolitica.com\/v1\/?p=4488"},"modified":"2023-08-21T10:40:01","modified_gmt":"2023-08-21T14:40:01","slug":"activo-el-idac-comite-emergencia-ante-posible-paso-tormenta-franklin","status":"publish","type":"post","link":"https:\/\/elmundodelapolitica.com\/v1\/activo-el-idac-comite-emergencia-ante-posible-paso-tormenta-franklin\/","title":{"rendered":"Activo el IDAC comit\u00e9 emergencia ante posible paso tormenta Franklin"},"content":{"rendered":"<div>\n<p><strong>SANTO DOMINGO<\/strong>, R.D. Agosto 21, 2023.-\u00a0El Instituto Dominicano de Aviaci\u00f3n Civil (IDAC) anunci\u00f3 la activaci\u00f3n de su comit\u00e9 de emergencia y acord\u00f3 aplicar los protocolos de prevenci\u00f3n de la instituci\u00f3n, ante la posible presencia de la tormenta Franklin a partir de este martes 22 de agosto.<\/p>\n<figure class=\"wp-block-image size-large\"><img data-attachment-id=\"31745\" data-permalink=\"https:\/\/elmundodelosnegocios.com.do\/v1\/index.php\/2023\/08\/21\/activo-el-idac-comite-emergencia-ante-posible-paso-tormenta-franklin\/000c\/\" data-orig-file=\"https:\/\/i0.wp.com\/elmundodelosnegocios.com.do\/v1\/wp-content\/uploads\/2023\/08\/000c.jpg?fit=1600%2C1066&amp;ssl=1\" data-orig-size=\"1600,1066\" data-comments-opened=\"0\" data-image-meta='{\"aperture\":\"0\",\"credit\":\"\",\"camera\":\"\",\"caption\":\"\",\"created_timestamp\":\"0\",\"copyright\":\"\",\"focal_length\":\"0\",\"iso\":\"0\",\"shutter_speed\":\"0\",\"title\":\"\",\"orientation\":\"1\"}' data-image-title=\"000c\" data-image-description=\"\" data-image-caption=\"\" data-medium-file=\"https:\/\/i0.wp.com\/elmundodelosnegocios.com.do\/v1\/wp-content\/uploads\/2023\/08\/000c.jpg?fit=300%2C200&amp;ssl=1\" data-large-file=\"https:\/\/i0.wp.com\/elmundodelosnegocios.com.do\/v1\/wp-content\/uploads\/2023\/08\/000c.jpg?fit=1024%2C682&amp;ssl=1\" decoding=\"async\" loading=\"lazy\" width=\"1024\" height=\"682\" src=\"https:\/\/i0.wp.com\/elmundodelosnegocios.com.do\/v1\/wp-content\/uploads\/2023\/08\/000c-1024x682.jpg?resize=1024,682&amp;ssl=1\" alt=\"\" class=\"wp-image-31745\" srcset=\"https:\/\/i0.wp.com\/elmundodelosnegocios.com.do\/v1\/wp-content\/uploads\/2023\/08\/000c.jpg?resize=1024%2C682&amp;ssl=1 1024w, https:\/\/i0.wp.com\/elmundodelosnegocios.com.do\/v1\/wp-content\/uploads\/2023\/08\/000c.jpg?resize=300%2C200&amp;ssl=1 300w, https:\/\/i0.wp.com\/elmundodelosnegocios.com.do\/v1\/wp-content\/uploads\/2023\/08\/000c.jpg?resize=768%2C512&amp;ssl=1 768w, https:\/\/i0.wp.com\/elmundodelosnegocios.com.do\/v1\/wp-content\/uploads\/2023\/08\/000c.jpg?resize=1536%2C1023&amp;ssl=1 1536w, https:\/\/i0.wp.com\/elmundodelosnegocios.com.do\/v1\/wp-content\/uploads\/2023\/08\/000c.jpg?w=1600&amp;ssl=1 1600w\" sizes=\"auto, (max-width: 1024px) 100vw, 1024px\" data-recalc-dims=\"1\"><\/figure>\n<p>El director general del IDAC, H\u00e9ctor Porcella, instruy\u00f3 a los directores de \u00e1reas de la entidad mantenerse en alerta para disponer las medidas que correspondan, siguiendo las orientaciones del Centro de Operaciones de Emergencias (COE).<\/p>\n<p>Igualmente dispuso adoptar las medidas de protecci\u00f3n al personal y a los equipos aeron\u00e1uticos, y estar disponible a tiempo completo, de acuerdo a la evoluci\u00f3n del fen\u00f3meno atmosf\u00e9rico.<\/p>\n<p>Las recomendaciones trazadas al personal de IDAC incluyen consultar o seguir las orientaciones de las autoridades de protecci\u00f3n civil y participar en cualquier iniciativa de apoyo a la poblaci\u00f3n general, en caso de contingencias.<\/p>\n<p>Porcella hizo el anuncio luego que el Centro de Operaciones de Emergencias colocara las 32 provincias del pa\u00eds en alerta amarilla y verde, por el proyectado paso, este martes, de la tormenta. Las autoridades prev\u00e9n que de mantener su trayectoria el fen\u00f3meno podr\u00eda producir 300 mil\u00edmetros de lluvia en la Rep\u00fablica Dominicana.<\/p>\n<\/div>\n","protected":false},"excerpt":{"rendered":"<p>SANTO DOMINGO, R.D. Agosto 21, 2023.-\u00a0El Instituto Dominicano de Aviaci\u00f3n Civil (IDAC) anunci\u00f3 la activaci\u00f3n de su comit\u00e9 de emergencia y acord\u00f3 aplicar los protocolos de prevenci\u00f3n de la instituci\u00f3n,&hellip; <\/p>\n","protected":false},"author":2,"featured_media":4489,"comment_status":"closed","ping_status":"closed","sticky":false,"template":"","format":"standard","meta":{"fifu_image_url":"https:\/\/i0.wp.com\/elmundodelosnegocios.com.do\/v1\/wp-content\/uploads\/2023\/08\/000c-1024x682.jpg?resize=1024,682&ssl=1","fifu_image_alt":"Activo el IDAC comit\u00e9 emergencia ante posible paso tormenta Franklin","footnotes":""},"categories":[63],"tags":[],"class_list":["post-4488","post","type-post","status-publish","format-standard","has-post-thumbnail","hentry","category-actualidad"],"_links":{"self":[{"href":"https:\/\/elmundodelapolitica.com\/v1\/wp-json\/wp\/v2\/posts\/4488","targetHints":{"allow":["GET"]}}],"collection":[{"href":"https:\/\/elmundodelapolitica.com\/v1\/wp-json\/wp\/v2\/posts"}],"about":[{"href":"https:\/\/elmundodelapolitica.com\/v1\/wp-json\/wp\/v2\/types\/post"}],"author":[{"embeddable":true,"href":"https:\/\/elmundodelapolitica.com\/v1\/wp-json\/wp\/v2\/users\/2"}],"replies":[{"embeddable":true,"href":"https:\/\/elmundodelapolitica.com\/v1\/wp-json\/wp\/v2\/comments?post=4488"}],"version-history":[{"count":0,"href":"https:\/\/elmundodelapolitica.com\/v1\/wp-json\/wp\/v2\/posts\/4488\/revisions"}],"wp:featuredmedia":[{"embeddable":true,"href":"https:\/\/elmundodelapolitica.com\/v1\/wp-json\/wp\/v2\/media\/4489"}],"wp:attachment":[{"href":"https:\/\/elmundodelapolitica.com\/v1\/wp-json\/wp\/v2\/media?parent=4488"}],"wp:term":[{"taxonomy":"category","embeddable":true,"href":"https:\/\/elmundodelapolitica.com\/v1\/wp-json\/wp\/v2\/categories?post=4488"},{"taxonomy":"post_tag","embeddable":true,"href":"https:\/\/elmundodelapolitica.com\/v1\/wp-json\/wp\/v2\/tags?post=4488"}],"curies":[{"name":"wp","href":"https:\/\/api.w.org\/{rel}","templated":true}]}}