{"id":4479,"date":"2023-08-20T23:52:35","date_gmt":"2023-08-21T03:52:35","guid":{"rendered":"https:\/\/elmundodelapolitica.com\/v1\/?p=4479"},"modified":"2023-08-20T23:52:37","modified_gmt":"2023-08-21T03:52:37","slug":"presidente-abinader-destaca-su-gobierno-ha-priorizado-inversion-social-en-estos-tres-anos","status":"publish","type":"post","link":"https:\/\/elmundodelapolitica.com\/v1\/presidente-abinader-destaca-su-gobierno-ha-priorizado-inversion-social-en-estos-tres-anos\/","title":{"rendered":"Presidente Abinader destaca su Gobierno ha priorizado inversi\u00f3n social en estos tres a\u00f1os"},"content":{"rendered":"\n<p>La Altagracia.-&nbsp;<strong>El presidente Luis Abinader<\/strong>&nbsp;manifest\u00f3 este s\u00e1bado que su&nbsp;<strong>Gobierno ha priorizado la inversi\u00f3n social&nbsp;<\/strong>en estos tres a\u00f1os para dar&nbsp;<strong>seguro m\u00e9dico<\/strong>&nbsp;a cada dominicano, adem\u00e1s de duplicar la&nbsp;<strong>ayuda social<\/strong>, construyendo, remozando y ampliando los&nbsp;<strong>hospitales p\u00fablicos<\/strong>.<\/p>\n\n\n\n<p>Los pronunciamientos del presidente se produjeron al dejar inaugurado el&nbsp;<strong>Hospital Municipal de Ver\u00f3n,<\/strong>&nbsp;con una inversi\u00f3n superior a los&nbsp;<strong>RD 965 millones<\/strong>.&nbsp;<\/p>\n\n\n\n<p>Esta obra, que inici\u00f3 a finales del 2019 y despu\u00e9s estuvo paralizada, fue&nbsp;<strong>ejecutada en un 80 %<\/strong>&nbsp;por el Ministerio de Vivienda y Edificaciones&nbsp;<strong>(MIVED)<\/strong>&nbsp;<strong>en menos de tres a\u00f1os.&nbsp;<\/strong><\/p>\n\n\n\n<p><em>\"En el Gobierno que he presidido en estos tres a\u00f1os, nos hemos enfocado en aumentar el gasto social. El gasto social duplicando las ayudas sociales, llevando un seguro m\u00e9dico a cada dominicano y dominicana, invirtiendo tambi\u00e9n en salud por dos v\u00edas, por el remozamiento y ampliaci\u00f3n de los hospitales, que lo hace directamente el Servicio Nacional de Salud, o con la construcci\u00f3n de nuevos hospitales que en ese caso lo hace el Ministerio de Vivienda y Edificaciones\",<\/em>&nbsp;explic\u00f3 el gobernante.<\/p>\n\n\n\n<figure class=\"wp-block-image\"><img decoding=\"async\" src=\"https:\/\/presidencia.gob.do\/sites\/default\/files\/inline-images\/Hospital%20Municipal%20de%20Ver%C3%B3n.jpg\" alt=\"\"\/><\/figure>\n\n\n\n<p><strong>Continuidad de las obras del Estado<\/strong><\/p>\n\n\n\n<p>Destac\u00f3 adem\u00e1s que en todo el Gobierno tambi\u00e9n se han caracterizado por dar<strong>&nbsp;seguimiento a los proyectos iniciados en otras administraciones<\/strong>,&nbsp;<em>\"porque de eso se trata, de dar continuidad del Estado. Hemos iniciado proyectos nuevos de construcci\u00f3n de hospitales, pero tambi\u00e9n y principalmente hemos continuado porque esto se hace con dinero del pueblo no con dinero de un Gobierno de un presidente sino con el dinero del pueblo\",<\/em>indic\u00f3 el presidente Abinader.<\/p>\n\n\n\n<p>El mandatario le pidi\u00f3 al fundador del Grupo Punta Cana y Presidente de la Fundaci\u00f3n Punta Cana,&nbsp;<strong>Frank Rafael Rainieri<\/strong>, la ayuda para la&nbsp;<strong>creaci\u00f3n de un voluntariado<\/strong>&nbsp;que d\u00e9 seguimiento y apoyo a las instalaciones inauguradas.<\/p>\n\n\n\n<p>Abinader sostuvo que en 15 d\u00edas enviar\u00e1 una representaci\u00f3n de la&nbsp;<strong>Comisi\u00f3n Nacional de Voluntariado<\/strong>&nbsp;para nombrar un equipo y que desde su puesta en funcionamiento d\u00e9&nbsp;<strong>seguimiento a las instalaciones del hospital inaugurado<\/strong>.<\/p>\n\n\n\n<figure class=\"wp-block-image\"><img decoding=\"async\" src=\"https:\/\/presidencia.gob.do\/sites\/default\/files\/inline-images\/Hospital%20Municipal%20de%20Ver%C3%B3n%20Fachada.jpg\" alt=\"Hospital Municipal de Ver\u00f3n Fachada\"\/><\/figure>\n\n\n\n<p><strong>Instalaciones de calidad y completamente equipado<\/strong><\/p>\n\n\n\n<p>De su lado,&nbsp;<strong>el ministro de Vivienda, Carlos Bonilla,<\/strong>&nbsp;expres\u00f3 que los habitantes de la provincia est\u00e1n recibiendo&nbsp;<strong>un hospital con instalaciones de calidad y completamente equipado.&nbsp;<\/strong><\/p>\n\n\n\n<p>Expuso, adem\u00e1s, que en 3 a\u00f1os han entregado&nbsp;<strong>10 centros de atenci\u00f3n primaria, as\u00ed como 6 hospitales,&nbsp;<\/strong>y que contin\u00faan trabajando sin descanso para seguir construyendo un&nbsp;<strong>mejor futuro para todos los dominicanos.&nbsp;<\/strong><\/p>\n\n\n\n<p>El centro se construy\u00f3 sobre 3,105 metros cuadrados y cuenta con&nbsp;<strong>28 camas<\/strong>&nbsp;de hospitalizaci\u00f3n, las cuales&nbsp;<strong>se suman a las m\u00e1s de 500 entregadas<\/strong>&nbsp;bajo el mandato del presidente Abinader y del ministro Bonilla al frente del MIVED.&nbsp;&nbsp;<\/p>\n\n\n\n<figure class=\"wp-block-image\"><img decoding=\"async\" src=\"https:\/\/presidencia.gob.do\/sites\/default\/files\/inline-images\/Hospital%20Municipal%20de%20Ver%C3%B3n%20Equipado.jpg\" alt=\"Hospital Municipal de Ver\u00f3n Equipado\"\/><\/figure>\n\n\n\n<p><strong>Transformaci\u00f3n de la salud de los dominicanos<\/strong><\/p>\n\n\n\n<p>Mientras que el director ejecutivo del Servicio Nacional de Salud (SNS),&nbsp;<strong>Mario Lama<\/strong>, manifest\u00f3 que con la entrega de este hospital se est\u00e1 dando continuidad al proyecto de&nbsp;<strong>transformaci\u00f3n de la salud de los dominicanos.<\/strong><\/p>\n\n\n\n<p><em>\"Es por eso que no pasa una o dos semanas donde una nueva unidad de servicio sea construida o remozada. Desde el&nbsp; SNS m\u00e1s de 30 hospitales han sido entregados, m\u00e1s de 2,000 millones de pesos invertidos en equipos distribuidos en unos 150 hospitales, igualmente m\u00e1s de 500 unidades de Atenci\u00f3n Primaria&nbsp; incorporadas, remozadas y equipadas\"<\/em>, dijo el director del SNS.&nbsp;<\/p>\n\n\n\n<p>Este hospital cuenta con Unidad de Cuidados Intensivos (UCI), Unidad Quir\u00fargica, Maternidad, Laboratorio, Unidad de Salud Integral, as\u00ed como tambi\u00e9n con \u00e1reas de Vacunas, Medicina Interna, Ginecolog\u00eda, Odontolog\u00eda, Pediatr\u00eda, Cardiolog\u00eda, Emergencia, Im\u00e1genes, Farmacia, Servicios Generales, adem\u00e1s de los espacios para Tuberculosis y Anatom\u00eda Patol\u00f3gica.<\/p>\n\n\n\n<p><strong>Entrega de un polideportivo en Hig\u00fcey y otro Hato Mayor<\/strong><\/p>\n\n\n\n<p>Posteriormente, el gobernante dej\u00f3 inaugurado el remozamiento del&nbsp;<strong>polideportivo Luciola Pi\u00f3n,<\/strong>&nbsp;en el municipio cabecera de Hig\u00fcey, y en Hato Mayor&nbsp;<strong>el H\u00e9ctor Monegro \"El Vikingo\"&nbsp;<\/strong>con una inversi\u00f3n de&nbsp;<strong>RD 58,500,000<\/strong>.<\/p>\n\n\n\n<p><img loading=\"lazy\" decoding=\"async\" src=\"https:\/\/presidencia.gob.do\/sites\/default\/files\/inline-images\/Polideportivo%20Luciola%20Pion%20.jpeg\" alt=\"Polideportivo Luciola Pi\u00f3n\" width=\"1024\" height=\"683\"><strong>M\u00e1s apoyo al deporte en Hig\u00fcey<\/strong><\/p>\n\n\n\n<p>En el acto inaugural,&nbsp;<strong>el ministro de Deportes, Francisco Camacho,<\/strong>&nbsp;indic\u00f3 que la inversi\u00f3n de la obra fue de&nbsp;<strong>5.5 millones de pesos, y llevaba 39 a\u00f1os completamente abandonada<\/strong>. Ahora la misma beneficiar\u00e1 a&nbsp;<strong>cientos de j\u00f3venes<\/strong>&nbsp;del municipio.<\/p>\n\n\n\n<p><em>\"En esta instalaci\u00f3n, que ten\u00eda 39 a\u00f1os abandonada, se\u00f1or presidente, nadie se ocup\u00f3 ni se preocup\u00f3 de que esos j\u00f3venes y esos atletas tuvieran verdaderas condiciones para venir a hacer deporte en este polideportivo\",<\/em>&nbsp;dijo Camacho.<\/p>\n\n\n\n<p>En nombre de los atletas habl\u00f3 el entrenador de voleibol y maestro de Educaci\u00f3n F\u00edsica,&nbsp;<strong>Anyely Moni Mart\u00ednez<\/strong>, quien valor\u00f3 el apoyo del mandatario al deporte y tambi\u00e9n&nbsp;<strong>hizo entrega de una camiseta al presidente Abinader.<\/strong><\/p>\n\n\n\n<figure class=\"wp-block-image\"><img decoding=\"async\" src=\"https:\/\/presidencia.gob.do\/sites\/default\/files\/inline-images\/Polideportivo%20H%C3%A9ctor%20Monegro%20%2522El%20Vikingo%2522.jpeg\" alt=\"\"\/><\/figure>\n\n\n\n<p><strong>Un nuevo polideportivo en Hato Mayor<\/strong><\/p>\n\n\n\n<p>Luego el mandatario se traslad\u00f3 a la provincia de Hato Mayor, donde entreg\u00f3&nbsp; remozado el&nbsp;<strong>Polideportivo H\u00e9ctor Monegro \"El Vikingo<\/strong>\" con una inversi\u00f3n de&nbsp;<strong>RD 53 millones.<\/strong><\/p>\n\n\n\n<p>El presidente de la Comisi\u00f3n Presidencial de Apoyo al Desarrollo Provincial&nbsp;<strong>(Cpadp), \u00c1ngel de la Cruz<\/strong>&nbsp;dijo que esta obra beneficiar\u00e1 a&nbsp;<strong>m\u00e1s de 10,000 j\u00f3venes y ni\u00f1os de la provincia.<\/strong><\/p>\n\n\n\n<p>Destac\u00f3 el inter\u00e9s del presidente Abinader de poner al servicio de las comunidades&nbsp;<strong>mecanismos de crecimiento, esparcimiento y entretenimiento<\/strong>.&nbsp;<\/p>\n\n\n\n<p>El titular de la CPADP manifest\u00f3 que se revivieron los artes que adornan la infraestructura y se realiz\u00f3&nbsp;<strong>un mural<\/strong>&nbsp;en honor a la figura m\u00e1s emblem\u00e1tica del deporte de esta provincia, Hector Monegro \u201cEl Vikingo\u201d.<\/p>\n\n\n\n<p>Acompa\u00f1aron al presidente Abinader, el viceministro administrativo de la Presidencia, Igor Rodr\u00edguez, y el de Obras P\u00fablicas Luis Germ\u00e1n Bastardo; la gobernadora, Martina Pep\u00edn; el senador Virgilio Cedano; el alcalde de Hig\u00fcey, Rafael Bar\u00f3n Duluc \u201cCholit\u00edn\"; el presidente CEO de Grupo Punta Cana, Frank El\u00edas Rainieri; el fundador del Grupo Punta Cana y presidente de la Fundaci\u00f3n Punta Cana, Frank Rafael Rainieri Marranzini.<\/p>\n\n\n\n<p>Tambi\u00e9n, el director de Autoridad Portuaria, Jean Luis Rodr\u00edguez, y del INFOTEP, Rafael Santos Bad\u00eda; el presidente del Consejo de Administraci\u00f3n de Autoridad Portuaria, Frank Alejandro Campos \u00c1lvarez; el gerente general de la Fiduciaria Banreservas, Andr\u00e9s Vander Horst; los diputados Francisco Antonio Solim\u00e1n, Francisco Rodolfo Villegas, Karina Aristy y Manuel de Le\u00f3n.<\/p>\n\n\n\n<p>En Hato Mayor, estuvieron presentes la gobernadora Julia Mery V\u00e1squez; el senador Crist\u00f3bal Castillo; el obispo de la Di\u00f3cesis de San Pedro de Macor\u00eds, monse\u00f1or Santiago Rodr\u00edguez; el director de Presupuesto, Jos\u00e9 Rijo Presbot; el alcalde Amado de la Cruz y el exjugador de baloncesto, H\u00e9ctor Moreno \"El Vikingo\"<\/p>\n","protected":false},"excerpt":{"rendered":"<p>La Altagracia.-&nbsp;El presidente Luis Abinader&nbsp;manifest\u00f3 este s\u00e1bado que su&nbsp;Gobierno ha priorizado la inversi\u00f3n social&nbsp;en estos tres a\u00f1os para dar&nbsp;seguro m\u00e9dico&nbsp;a cada dominicano, adem\u00e1s de duplicar la&nbsp;ayuda social, construyendo, remozando y&hellip; <\/p>\n","protected":false},"author":2,"featured_media":4480,"comment_status":"open","ping_status":"open","sticky":false,"template":"","format":"standard","meta":{"fifu_image_url":"","fifu_image_alt":"","footnotes":""},"categories":[65],"tags":[],"class_list":["post-4479","post","type-post","status-publish","format-standard","has-post-thumbnail","hentry","category-politicas-sociales"],"_links":{"self":[{"href":"https:\/\/elmundodelapolitica.com\/v1\/wp-json\/wp\/v2\/posts\/4479","targetHints":{"allow":["GET"]}}],"collection":[{"href":"https:\/\/elmundodelapolitica.com\/v1\/wp-json\/wp\/v2\/posts"}],"about":[{"href":"https:\/\/elmundodelapolitica.com\/v1\/wp-json\/wp\/v2\/types\/post"}],"author":[{"embeddable":true,"href":"https:\/\/elmundodelapolitica.com\/v1\/wp-json\/wp\/v2\/users\/2"}],"replies":[{"embeddable":true,"href":"https:\/\/elmundodelapolitica.com\/v1\/wp-json\/wp\/v2\/comments?post=4479"}],"version-history":[{"count":1,"href":"https:\/\/elmundodelapolitica.com\/v1\/wp-json\/wp\/v2\/posts\/4479\/revisions"}],"predecessor-version":[{"id":4481,"href":"https:\/\/elmundodelapolitica.com\/v1\/wp-json\/wp\/v2\/posts\/4479\/revisions\/4481"}],"wp:featuredmedia":[{"embeddable":true,"href":"https:\/\/elmundodelapolitica.com\/v1\/wp-json\/wp\/v2\/media\/4480"}],"wp:attachment":[{"href":"https:\/\/elmundodelapolitica.com\/v1\/wp-json\/wp\/v2\/media?parent=4479"}],"wp:term":[{"taxonomy":"category","embeddable":true,"href":"https:\/\/elmundodelapolitica.com\/v1\/wp-json\/wp\/v2\/categories?post=4479"},{"taxonomy":"post_tag","embeddable":true,"href":"https:\/\/elmundodelapolitica.com\/v1\/wp-json\/wp\/v2\/tags?post=4479"}],"curies":[{"name":"wp","href":"https:\/\/api.w.org\/{rel}","templated":true}]}}