{"id":4442,"date":"2023-08-17T13:43:59","date_gmt":"2023-08-17T17:43:59","guid":{"rendered":"https:\/\/elmundodelapolitica.com\/v1\/?p=4442"},"modified":"2023-08-17T13:43:59","modified_gmt":"2023-08-17T17:43:59","slug":"celebro-unicaribe-foro-iniciativa-franja-y-ruta-de-china-para-america-latina-y-el-caribe","status":"publish","type":"post","link":"https:\/\/elmundodelapolitica.com\/v1\/celebro-unicaribe-foro-iniciativa-franja-y-ruta-de-china-para-america-latina-y-el-caribe\/","title":{"rendered":"Celebro UNICARIBE foro Iniciativa Franja y Ruta de China para Am\u00e9rica Latina y el Caribe"},"content":{"rendered":"<div>\n<p><strong>Santo Domingo,\u00a0<\/strong>Rep\u00fablica Dominicana, Agosto 2023.- La Universidad del Caribe (UNICARIBE) realiz\u00f3 el foro sobre\u00a0<strong>\u00abLa Iniciativa de la Franja y la Ruta de China para Am\u00e9rica Latina y el Caribe (ALC): Situaci\u00f3n Actual y Perspectivas Futuras\u00bb,<\/strong>\u00a0en un esfuerzo por analizar y discutir los avances, impacto y futuras direcciones de la colaboraci\u00f3n entre China y los pa\u00edses de Am\u00e9rica Latina y el Caribe (ALC) a trav\u00e9s de la ambiciosa iniciativa de la Franja y la Ruta.<\/p>\n<div class=\"wp-block-image\">\n<figure class=\"aligncenter size-full\"><img data-attachment-id=\"31690\" data-permalink=\"https:\/\/elmundodelosnegocios.com.do\/v1\/index.php\/2023\/08\/17\/celebro-unicaribe-foro-iniciativa-franja-y-ruta-de-china-para-america-latina-y-el-caribe\/1-5-10\/\" data-orig-file=\"https:\/\/i0.wp.com\/elmundodelosnegocios.com.do\/v1\/wp-content\/uploads\/2023\/08\/1-5.jpg?fit=1024%2C682&amp;ssl=1\" data-orig-size=\"1024,682\" data-comments-opened=\"0\" data-image-meta='{\"aperture\":\"0\",\"credit\":\"\",\"camera\":\"\",\"caption\":\"\",\"created_timestamp\":\"0\",\"copyright\":\"\",\"focal_length\":\"0\",\"iso\":\"0\",\"shutter_speed\":\"0\",\"title\":\"\",\"orientation\":\"0\"}' data-image-title=\"1-5\" data-image-description=\"&lt;p&gt;Jos\u00e9 Alejandro Aybar, Canciller de UNICARIBE, en compa\u00f1\u00eda Chen Luning, embajador de China en Rep\u00fablica Dominicana, Franklin Garc\u00eda Ferm\u00edn, ministro del Mescyt, y expositores.&lt;\/p&gt;\n\" data-image-caption=\"&lt;p&gt;Jos\u00e9 Alejandro Aybar, Canciller de UNICARIBE, en compa\u00f1\u00eda Chen Luning, embajador de China en Rep\u00fablica Dominicana, Franklin Garc\u00eda Ferm\u00edn, ministro del Mescyt, y expositores.&lt;\/p&gt;\n\" data-medium-file=\"https:\/\/i0.wp.com\/elmundodelosnegocios.com.do\/v1\/wp-content\/uploads\/2023\/08\/1-5.jpg?fit=300%2C200&amp;ssl=1\" data-large-file=\"https:\/\/i0.wp.com\/elmundodelosnegocios.com.do\/v1\/wp-content\/uploads\/2023\/08\/1-5.jpg?fit=1024%2C682&amp;ssl=1\" decoding=\"async\" loading=\"lazy\" width=\"1024\" height=\"682\" src=\"https:\/\/i0.wp.com\/elmundodelosnegocios.com.do\/v1\/wp-content\/uploads\/2023\/08\/1-5.jpg?resize=1024,682&amp;ssl=1\" alt=\"\" class=\"wp-image-31690\" srcset=\"https:\/\/i0.wp.com\/elmundodelosnegocios.com.do\/v1\/wp-content\/uploads\/2023\/08\/1-5.jpg?w=1024&amp;ssl=1 1024w, https:\/\/i0.wp.com\/elmundodelosnegocios.com.do\/v1\/wp-content\/uploads\/2023\/08\/1-5.jpg?resize=300%2C200&amp;ssl=1 300w, https:\/\/i0.wp.com\/elmundodelosnegocios.com.do\/v1\/wp-content\/uploads\/2023\/08\/1-5.jpg?resize=768%2C512&amp;ssl=1 768w\" sizes=\"auto, (max-width: 1024px) 100vw, 1024px\" data-recalc-dims=\"1\"><figcaption class=\"wp-element-caption\">Jos\u00e9 Alejandro Aybar, Canciller de UNICARIBE, en compa\u00f1\u00eda Chen Luning, embajador de China en Rep\u00fablica Dominicana, Franklin Garc\u00eda Ferm\u00edn, ministro del Mescyt, y expositores.<\/figcaption><\/figure>\n<\/div>\n<p>El evento fue marcado por la exposici\u00f3n magistral de la Dra. Chen Taotao, directora del Centro de Am\u00e9rica Latina de la Universidad de Tsinghua.<\/p>\n<p>En su presentaci\u00f3n, la Dra. Chen destac\u00f3 la importancia de la cooperaci\u00f3n internacional en la construcci\u00f3n de la Franja y la Ruta, un sistema de coordinaci\u00f3n y consultas extensivas con un enfoque en el desarrollo verde, innovador y armonioso. Resalt\u00f3 que, hasta junio de este a\u00f1o, 152 pa\u00edses, incluyendo 22 de Am\u00e9rica Latina y el Caribe, hab\u00edan firmado acuerdos relacionados con la Franja y la Ruta.<\/p>\n<p>La Dra. Chen subray\u00f3 la importancia del enfoque de beneficio mutuo y compartido que esta iniciativa promueve. China ha logrado atraer inversiones extranjeras significativas y ha forjado relaciones diplom\u00e1ticas s\u00f3lidas a trav\u00e9s de la cooperaci\u00f3n mutua en los \u00faltimos 20 a\u00f1os.<\/p>\n<p>En este sentido, la Franja y la Ruta ha desempe\u00f1ado un papel crucial en la reducci\u00f3n de la pobreza extrema en los pa\u00edses que han establecido relaciones con China, promoviendo as\u00ed un crecimiento econ\u00f3mico sostenible.<\/p>\n<p>La expositora se\u00f1al\u00f3 que la colaboraci\u00f3n entre China y los pa\u00edses de Am\u00e9rica Latina y el Caribe ha sido esencial en la lucha contra la pandemia, con China aportando 200 mil millones de dosis de vacunas de Covid.<\/p>\n<p>Tambi\u00e9n hizo hincapi\u00e9 en la importancia de la cooperaci\u00f3n en \u00e1reas como el desarrollo de la inteligencia artificial, la tecnolog\u00eda espacial y la protecci\u00f3n ambiental, temas que fueron abordados en un panel durante la conferencia.<\/p>\n<p>El evento recibi\u00f3 el respaldo y la colaboraci\u00f3n de diversas instituciones, incluyendo la Embajada de la Rep\u00fablica Popular China en la Rep\u00fablica Dominicana, el Ministerio de Educaci\u00f3n Superior Ciencia y Tecnolog\u00eda (Mescyt), la Universidad de Tsinghua y su Centro de Am\u00e9rica Latina, as\u00ed como la Universidad del Caribe y su Centro de An\u00e1lisis y Estudios Internacionales (CAYEI).<\/p>\n<p>Las palabras de apertura estuvieron a cargo de destacadas personalidades, como Jos\u00e9 Alejandro Aybar, Canciller de UNICARIBE; Chen Luning, embajador de China en Rep\u00fablica Dominicana y Franklin Garc\u00eda Ferm\u00edn, ministro del Mescyt.<\/p>\n<p>En conclusi\u00f3n, el foro \u00abLa Iniciativa de la Franja y la Ruta de China para Am\u00e9rica Latina y el Caribe (ALC): Situaci\u00f3n Actual y Perspectivas Futuras\u00bb reuni\u00f3 a expertos, acad\u00e9micos y l\u00edderes para analizar los logros y las futuras posibilidades de la colaboraci\u00f3n entre China y los pa\u00edses de Am\u00e9rica Latina y el Caribe, con la visi\u00f3n compartida de promover un mundo mejor a trav\u00e9s de la construcci\u00f3n conjunta y el desarrollo sostenible.<\/p>\n<\/div>\n","protected":false},"excerpt":{"rendered":"<p>Santo Domingo,\u00a0Rep\u00fablica Dominicana, Agosto 2023.- La Universidad del Caribe (UNICARIBE) realiz\u00f3 el foro sobre\u00a0\u00abLa Iniciativa de la Franja y la Ruta de China para Am\u00e9rica Latina y el Caribe (ALC):&hellip; <\/p>\n","protected":false},"author":2,"featured_media":4443,"comment_status":"closed","ping_status":"closed","sticky":false,"template":"","format":"standard","meta":{"fifu_image_url":"https:\/\/i0.wp.com\/elmundodelosnegocios.com.do\/v1\/wp-content\/uploads\/2023\/08\/1-5.jpg?resize=1024,682&ssl=1","fifu_image_alt":"Celebro UNICARIBE foro Iniciativa Franja y Ruta de China para Am\u00e9rica Latina y el Caribe","footnotes":""},"categories":[63],"tags":[],"class_list":["post-4442","post","type-post","status-publish","format-standard","has-post-thumbnail","hentry","category-actualidad"],"_links":{"self":[{"href":"https:\/\/elmundodelapolitica.com\/v1\/wp-json\/wp\/v2\/posts\/4442","targetHints":{"allow":["GET"]}}],"collection":[{"href":"https:\/\/elmundodelapolitica.com\/v1\/wp-json\/wp\/v2\/posts"}],"about":[{"href":"https:\/\/elmundodelapolitica.com\/v1\/wp-json\/wp\/v2\/types\/post"}],"author":[{"embeddable":true,"href":"https:\/\/elmundodelapolitica.com\/v1\/wp-json\/wp\/v2\/users\/2"}],"replies":[{"embeddable":true,"href":"https:\/\/elmundodelapolitica.com\/v1\/wp-json\/wp\/v2\/comments?post=4442"}],"version-history":[{"count":0,"href":"https:\/\/elmundodelapolitica.com\/v1\/wp-json\/wp\/v2\/posts\/4442\/revisions"}],"wp:featuredmedia":[{"embeddable":true,"href":"https:\/\/elmundodelapolitica.com\/v1\/wp-json\/wp\/v2\/media\/4443"}],"wp:attachment":[{"href":"https:\/\/elmundodelapolitica.com\/v1\/wp-json\/wp\/v2\/media?parent=4442"}],"wp:term":[{"taxonomy":"category","embeddable":true,"href":"https:\/\/elmundodelapolitica.com\/v1\/wp-json\/wp\/v2\/categories?post=4442"},{"taxonomy":"post_tag","embeddable":true,"href":"https:\/\/elmundodelapolitica.com\/v1\/wp-json\/wp\/v2\/tags?post=4442"}],"curies":[{"name":"wp","href":"https:\/\/api.w.org\/{rel}","templated":true}]}}