{"id":4438,"date":"2023-08-17T13:02:36","date_gmt":"2023-08-17T17:02:36","guid":{"rendered":"https:\/\/elmundodelapolitica.com\/v1\/?p=4438"},"modified":"2023-08-17T13:02:36","modified_gmt":"2023-08-17T17:02:36","slug":"banco-popular-se-solidariza-con-san-cristobal-aporta-rd30-millones-en-ayudas-sociales","status":"publish","type":"post","link":"https:\/\/elmundodelapolitica.com\/v1\/banco-popular-se-solidariza-con-san-cristobal-aporta-rd30-millones-en-ayudas-sociales\/","title":{"rendered":"Banco Popular se solidariza con San Crist\u00f3bal. Aporta RD$30 millones en ayudas sociales."},"content":{"rendered":"<div>\n<p>El aporte se canalizar\u00e1 a trav\u00e9s de la Iglesia cat\u00f3lica y Plan Estrat\u00e9gico de Desarrollo Provincial de San Crist\u00f3bal<\/p>\n<div class=\"wp-block-image\">\n<figure class=\"aligncenter size-full\"><img data-attachment-id=\"31684\" data-permalink=\"https:\/\/elmundodelosnegocios.com.do\/v1\/index.php\/2023\/08\/17\/banco-popular-se-solidariza-con-san-cristobal-aporta-rd30-millones-en-ayudas-sociales\/00a-2-2\/\" data-orig-file=\"https:\/\/i0.wp.com\/elmundodelosnegocios.com.do\/v1\/wp-content\/uploads\/2023\/08\/00a-2.jpg?fit=850%2C450&amp;ssl=1\" data-orig-size=\"850,450\" data-comments-opened=\"0\" data-image-meta='{\"aperture\":\"0\",\"credit\":\"\",\"camera\":\"\",\"caption\":\"\",\"created_timestamp\":\"0\",\"copyright\":\"\",\"focal_length\":\"0\",\"iso\":\"0\",\"shutter_speed\":\"0\",\"title\":\"\",\"orientation\":\"0\"}' data-image-title=\"00a-2\" data-image-description=\"\" data-image-caption=\"\" data-medium-file=\"https:\/\/i0.wp.com\/elmundodelosnegocios.com.do\/v1\/wp-content\/uploads\/2023\/08\/00a-2.jpg?fit=300%2C159&amp;ssl=1\" data-large-file=\"https:\/\/i0.wp.com\/elmundodelosnegocios.com.do\/v1\/wp-content\/uploads\/2023\/08\/00a-2.jpg?fit=850%2C450&amp;ssl=1\" decoding=\"async\" loading=\"lazy\" width=\"850\" height=\"450\" src=\"https:\/\/i0.wp.com\/elmundodelosnegocios.com.do\/v1\/wp-content\/uploads\/2023\/08\/00a-2.jpg?resize=850,450&amp;ssl=1\" alt=\"\" class=\"wp-image-31684\" srcset=\"https:\/\/i0.wp.com\/elmundodelosnegocios.com.do\/v1\/wp-content\/uploads\/2023\/08\/00a-2.jpg?w=850&amp;ssl=1 850w, https:\/\/i0.wp.com\/elmundodelosnegocios.com.do\/v1\/wp-content\/uploads\/2023\/08\/00a-2.jpg?resize=300%2C159&amp;ssl=1 300w, https:\/\/i0.wp.com\/elmundodelosnegocios.com.do\/v1\/wp-content\/uploads\/2023\/08\/00a-2.jpg?resize=768%2C407&amp;ssl=1 768w\" sizes=\"auto, (max-width: 850px) 100vw, 850px\" data-recalc-dims=\"1\"><\/figure>\n<\/div>\n<p>Santo Domingo, D.N. \u2013 El Banco Popular Dominicano anunci\u00f3 un aporte inmediato de RD$30 millones para la asistencia de las personas afectadas por el tr\u00e1gico accidente ocurrido en la ciudad de San Crist\u00f3bal el pasado lunes.<\/p>\n<p>Una partida de RD$20 millones ser\u00e1 gestionada por la Di\u00f3cesis de la Iglesia cat\u00f3lica de Ban\u00ed, que comprende a San Crist\u00f3bal, con monse\u00f1or V\u00edctor Masalles a la cabeza, y otra suma de RD$10 millones, que ser\u00e1n entregados a los directivos del Plan Estrat\u00e9gico de Desarrollo Provincial de San Crist\u00f3bal, presidido por el se\u00f1or Jos\u00e9 Francisco Martich, para ser invertidos en iniciativas de recuperaci\u00f3n y resiliencia de la comunidad.<\/p>\n<p>Respaldo a trav\u00e9s de los bancos m\u00faltiples<\/p>\n<p>En adici\u00f3n a este esfuerzo por San Crist\u00f3bal, el Banco Popular promueve, como integrante de la Asociaci\u00f3n de Bancos M\u00faltiples de Rep\u00fablica Dominicana (ABA), el apoyo a las personas y empresas afectadas, mediante medidas en favor de flexibilizar los compromisos financieros de los clientes de la zona siniestrada, entre ellas la renegociaci\u00f3n, reestructuraci\u00f3n o solicitud de pr\u00f3rrogas para el pago de compromisos bancarios, incluyendo tasas preferenciales.<\/p>\n<p>Los bancos m\u00faltiples respaldar\u00e1n a las empresas y las personas afectadas a trav\u00e9s de la creaci\u00f3n de un fondo para donaciones a la comunidad y a las entidades que llevan a cabo labores humanitarias y de resiliencia social en la zona impactada por el siniestro.<\/p>\n<\/div>\n","protected":false},"excerpt":{"rendered":"<p>El aporte se canalizar\u00e1 a trav\u00e9s de la Iglesia cat\u00f3lica y Plan Estrat\u00e9gico de Desarrollo Provincial de San Crist\u00f3bal Santo Domingo, D.N. \u2013 El Banco Popular Dominicano anunci\u00f3 un aporte&hellip; <\/p>\n","protected":false},"author":2,"featured_media":4439,"comment_status":"closed","ping_status":"closed","sticky":false,"template":"","format":"standard","meta":{"fifu_image_url":"https:\/\/i0.wp.com\/elmundodelosnegocios.com.do\/v1\/wp-content\/uploads\/2023\/08\/00a-2.jpg?resize=850,450&ssl=1","fifu_image_alt":"Banco Popular se solidariza con San Crist\u00f3bal. Aporta RD$30 millones en ayudas sociales.","footnotes":""},"categories":[63],"tags":[],"class_list":["post-4438","post","type-post","status-publish","format-standard","has-post-thumbnail","hentry","category-actualidad"],"_links":{"self":[{"href":"https:\/\/elmundodelapolitica.com\/v1\/wp-json\/wp\/v2\/posts\/4438","targetHints":{"allow":["GET"]}}],"collection":[{"href":"https:\/\/elmundodelapolitica.com\/v1\/wp-json\/wp\/v2\/posts"}],"about":[{"href":"https:\/\/elmundodelapolitica.com\/v1\/wp-json\/wp\/v2\/types\/post"}],"author":[{"embeddable":true,"href":"https:\/\/elmundodelapolitica.com\/v1\/wp-json\/wp\/v2\/users\/2"}],"replies":[{"embeddable":true,"href":"https:\/\/elmundodelapolitica.com\/v1\/wp-json\/wp\/v2\/comments?post=4438"}],"version-history":[{"count":0,"href":"https:\/\/elmundodelapolitica.com\/v1\/wp-json\/wp\/v2\/posts\/4438\/revisions"}],"wp:featuredmedia":[{"embeddable":true,"href":"https:\/\/elmundodelapolitica.com\/v1\/wp-json\/wp\/v2\/media\/4439"}],"wp:attachment":[{"href":"https:\/\/elmundodelapolitica.com\/v1\/wp-json\/wp\/v2\/media?parent=4438"}],"wp:term":[{"taxonomy":"category","embeddable":true,"href":"https:\/\/elmundodelapolitica.com\/v1\/wp-json\/wp\/v2\/categories?post=4438"},{"taxonomy":"post_tag","embeddable":true,"href":"https:\/\/elmundodelapolitica.com\/v1\/wp-json\/wp\/v2\/tags?post=4438"}],"curies":[{"name":"wp","href":"https:\/\/api.w.org\/{rel}","templated":true}]}}