{"id":443,"date":"2022-09-15T23:03:09","date_gmt":"2022-09-16T03:03:09","guid":{"rendered":"https:\/\/elmundodelapolitica.com\/v1\/?p=25775"},"modified":"2022-09-15T23:03:09","modified_gmt":"2022-09-16T03:03:09","slug":"presidente-abinader-concluye-primera-etapa-de-su-visita-a-washington","status":"publish","type":"post","link":"https:\/\/elmundodelapolitica.com\/v1\/presidente-abinader-concluye-primera-etapa-de-su-visita-a-washington\/","title":{"rendered":"Presidente Abinader concluye primera etapa de su visita a Washington"},"content":{"rendered":"\n<p>Washington D. C.-&nbsp;<strong>El Presidente de la Rep\u00fablica Dominicana, Luis Abinader,<\/strong>&nbsp;concluy\u00f3 la primera etapa de su visita a Washington, agotando los&nbsp;<strong>temas de agenda<\/strong>&nbsp;que se hab\u00eda propuesto para el&nbsp;<strong>d\u00eda de hoy<\/strong>.<\/p>\n\n\n\n<p>El mandatario dominicano, que arrib\u00f3 a la capital norteamericana pasadas las 12:00 del mediod\u00eda, sali\u00f3 del aeropuerto directamente al Capitolio donde le esperaba&nbsp;<strong>Nancy Pelosi, presidenta de la C\u00e1mara de Representantes<\/strong>, con quien convers\u00f3 por m\u00e1s de media hora.<\/p>\n\n\n\n<p>De ah\u00ed se traslad\u00f3 a la sede del Banco Interamericano de Desarrollo&nbsp;<strong>(BID)<\/strong>&nbsp;donde sostuvo una reuni\u00f3n con su presidente&nbsp;<strong>Mauricio Claver-Carone y otros funcionarios<\/strong>.<\/p>\n\n\n\n<figure class=\"wp-block-image\"><img decoding=\"async\" src=\"https:\/\/presidencia.gob.do\/sites\/default\/files\/content\/WhatsApp%20Image%202022-09-14%20at%208.06.29%20PM.jpeg\" alt=\"\"\/><\/figure>\n\n\n\n<p>Posteriormente, el Presidente Abinader se traslad\u00f3 a la sede de la Agencia de los Estados Unidos para el Desarrollo Internacional&nbsp;<strong>(USAID)<\/strong>, cuya administradora<strong>, Samantha Power<\/strong>, le recibi\u00f3 a la entrada del edificio -para sorpresa incluso de su personal- y lo condujo hasta su despacho.<\/p>\n\n\n\n<p>La jornada del mi\u00e9rcoles del Presidente Abinader en la capital estadounidense, concluy\u00f3 con&nbsp;<strong>otra reuni\u00f3n<\/strong>&nbsp;en el Capitolio, esta vez con el&nbsp;<strong>senador Bob Men\u00e9ndez<\/strong>, jefe del Comit\u00e9 de Relaciones Exteriores del Congreso de Estados Unidos.<\/p>\n\n\n\n<figure class=\"wp-block-image\"><img decoding=\"async\" src=\"https:\/\/presidencia.gob.do\/sites\/default\/files\/content\/2_120.jpeg\" alt=\"\"\/><\/figure>\n\n\n\n<p><strong>Agenda para este jueves<\/strong><\/p>\n\n\n\n<p>Para este d\u00eda, el jefe del Estado dominicano&nbsp;<strong>ser\u00e1 recibido por miembros del Congreso<\/strong>&nbsp;de los Estados Unidos, en el Capitolio, en actividad que ser\u00e1 organizada por el congresista de origen dominicano,&nbsp;<strong>Adriano Espaillat.<\/strong>&nbsp;El encuentro est\u00e1 fijado para las diez de la ma\u00f1ana.<\/p>\n\n\n\n<p>Asimismo, el gobernante sostendr\u00e1 una reuni\u00f3n con el director para el Hemisferio Occidental del Consejo de Seguridad,&nbsp;<strong>Juan Gonz\u00e1lez<\/strong>, y con&nbsp;<strong>Philip Gordon<\/strong>, asesor de Seguridad Nacional de la Vicepresidenta de Estados Unidos.<\/p>\n\n\n\n<p><strong>Reuni\u00f3n con Kamala Harris<\/strong><\/p>\n\n\n\n<p>M\u00e1s adelante, el jefe de Estado y la Vicepresidenta de los Estados Unidos,&nbsp;<strong>Kamala Harris<\/strong>, sostendr\u00e1n un&nbsp;<strong>encuentro pautado a las 12:10 meridiano<\/strong>&nbsp;<strong>en Blair House<\/strong>, la residencia oficial para los invitados del Presidente de los Estados Unidos.&nbsp;&nbsp;&nbsp;<\/p>\n\n\n\n<p><strong>Otras reuniones<\/strong><\/p>\n\n\n\n<p>De igual manera, el mandatario sostendr\u00e1 una reuni\u00f3n con el secretario general de la Organizaci\u00f3n de los Estados Americanos (OEA),&nbsp;<strong>Luis Almagro<\/strong>, y asistir\u00e1 a una&nbsp;<strong>sesi\u00f3n protocolar en el Consejo Permanente de la OEA.<\/strong><\/p>\n\n\n\n<p>El mandatario viaj\u00f3 este mi\u00e9rcoles en horas de la ma\u00f1ana en visita oficial hacia Washington, capital de los Estados Unidos, acompa\u00f1ado del Ministro de Relaciones Exteriores, Roberto \u00c1lvarez; sus asistentes Eilyn Beltr\u00e1n y Lourdes Herrera; Jos\u00e9 Singer, asesor en Pol\u00edtica Exterior del Poder Ejecutivo; as\u00ed como miembros de su equipo de seguridad, encabezado por el jefe del Cuerpo de Seguridad Presidencial (CUSEP), general de brigada Jimmy Arias Grull\u00f3n. El Presidente Luis Abinader retornar\u00e1 al pa\u00eds el jueves en horas de la noche.<\/p>\n","protected":false},"excerpt":{"rendered":"<p>Washington D. C.-&nbsp;El Presidente de la Rep\u00fablica Dominicana, Luis Abinader,&nbsp;concluy\u00f3 la primera etapa de su visita a Washington, agotando los&nbsp;temas de agenda&nbsp;que se hab\u00eda propuesto para el&nbsp;d\u00eda de hoy. El&hellip; <\/p>\n","protected":false},"author":2,"featured_media":444,"comment_status":"closed","ping_status":"open","sticky":false,"template":"","format":"standard","meta":{"fifu_image_url":"","fifu_image_alt":"","footnotes":""},"categories":[54],"tags":[],"class_list":["post-443","post","type-post","status-publish","format-standard","has-post-thumbnail","hentry","category-politica_exterior"],"_links":{"self":[{"href":"https:\/\/elmundodelapolitica.com\/v1\/wp-json\/wp\/v2\/posts\/443","targetHints":{"allow":["GET"]}}],"collection":[{"href":"https:\/\/elmundodelapolitica.com\/v1\/wp-json\/wp\/v2\/posts"}],"about":[{"href":"https:\/\/elmundodelapolitica.com\/v1\/wp-json\/wp\/v2\/types\/post"}],"author":[{"embeddable":true,"href":"https:\/\/elmundodelapolitica.com\/v1\/wp-json\/wp\/v2\/users\/2"}],"replies":[{"embeddable":true,"href":"https:\/\/elmundodelapolitica.com\/v1\/wp-json\/wp\/v2\/comments?post=443"}],"version-history":[{"count":0,"href":"https:\/\/elmundodelapolitica.com\/v1\/wp-json\/wp\/v2\/posts\/443\/revisions"}],"wp:featuredmedia":[{"embeddable":true,"href":"https:\/\/elmundodelapolitica.com\/v1\/wp-json\/wp\/v2\/media\/444"}],"wp:attachment":[{"href":"https:\/\/elmundodelapolitica.com\/v1\/wp-json\/wp\/v2\/media?parent=443"}],"wp:term":[{"taxonomy":"category","embeddable":true,"href":"https:\/\/elmundodelapolitica.com\/v1\/wp-json\/wp\/v2\/categories?post=443"},{"taxonomy":"post_tag","embeddable":true,"href":"https:\/\/elmundodelapolitica.com\/v1\/wp-json\/wp\/v2\/tags?post=443"}],"curies":[{"name":"wp","href":"https:\/\/api.w.org\/{rel}","templated":true}]}}