{"id":4427,"date":"2023-08-17T01:11:14","date_gmt":"2023-08-17T05:11:14","guid":{"rendered":"https:\/\/elmundodelapolitica.com\/v1\/?p=4427"},"modified":"2023-08-17T01:11:14","modified_gmt":"2023-08-17T05:11:14","slug":"feda-y-sur-futuro-desarrollaran-proyectos-en-beneficio-de-productores-agricolas-de-la-region-sur-del-pais","status":"publish","type":"post","link":"https:\/\/elmundodelapolitica.com\/v1\/feda-y-sur-futuro-desarrollaran-proyectos-en-beneficio-de-productores-agricolas-de-la-region-sur-del-pais\/","title":{"rendered":"FEDA y Sur Futuro desarrollar\u00e1n proyectos en beneficio de productores agr\u00edcolas de la regi\u00f3n Sur del pa\u00eds"},"content":{"rendered":"<div>\n<p>Santo Domingo.-\u00a0<strong>La Fundaci\u00f3n Sur Futuro<\/strong>\u00a0y el Fondo Especial para el Desarrollo Agropecuario\u00a0<strong>(FEDA)<\/strong>\u00a0firmaron un acuerdo para impulsar\u00a0<strong>iniciativas en beneficio de los productores agr\u00edcolas,<\/strong>\u00a0con la finalidad de crear mejores estructuras que permitan el\u00a0<strong>desarrollo de los comunitarios de la zona Sur del pa\u00eds<\/strong>, con especial atenci\u00f3n a\u00a0<strong>proyectos encaminados a potencializar la producci\u00f3n local.<\/strong><\/p>\n<div class=\"wp-block-image\">\n<figure class=\"aligncenter size-large\"><img loading=\"lazy\" data-attachment-id=\"31667\" data-permalink=\"https:\/\/elmundodelosnegocios.com.do\/v1\/index.php\/2023\/08\/17\/feda-y-sur-futuro-desarrollaran-proyectos-en-beneficio-de-productores-agricolas-de-la-region-sur-del-pais\/feda-y-sur-futuro\/\" data-orig-file=\"https:\/\/i0.wp.com\/elmundodelosnegocios.com.do\/v1\/wp-content\/uploads\/2023\/08\/Feda-y-Sur-Futuro.jpeg?fit=1300%2C731&amp;ssl=1\" data-orig-size=\"1300,731\" data-comments-opened=\"0\" data-image-meta='{\"aperture\":\"0\",\"credit\":\"\",\"camera\":\"\",\"caption\":\"\",\"created_timestamp\":\"0\",\"copyright\":\"\",\"focal_length\":\"0\",\"iso\":\"0\",\"shutter_speed\":\"0\",\"title\":\"\",\"orientation\":\"0\"}' data-image-title=\"Feda-y-Sur-Futuro\" data-image-description=\"\" data-image-caption=\"\" data-medium-file=\"https:\/\/i0.wp.com\/elmundodelosnegocios.com.do\/v1\/wp-content\/uploads\/2023\/08\/Feda-y-Sur-Futuro.jpeg?fit=300%2C169&amp;ssl=1\" data-large-file=\"https:\/\/i0.wp.com\/elmundodelosnegocios.com.do\/v1\/wp-content\/uploads\/2023\/08\/Feda-y-Sur-Futuro.jpeg?fit=1024%2C576&amp;ssl=1\" decoding=\"async\" width=\"1024\" height=\"576\" src=\"https:\/\/i0.wp.com\/elmundodelosnegocios.com.do\/v1\/wp-content\/uploads\/2023\/08\/Feda-y-Sur-Futuro-1024x576.jpeg?resize=1024,576&amp;ssl=1\" alt=\"\" class=\"wp-image-31667\" srcset=\"https:\/\/i0.wp.com\/elmundodelosnegocios.com.do\/v1\/wp-content\/uploads\/2023\/08\/Feda-y-Sur-Futuro.jpeg?resize=1024%2C576&amp;ssl=1 1024w, https:\/\/i0.wp.com\/elmundodelosnegocios.com.do\/v1\/wp-content\/uploads\/2023\/08\/Feda-y-Sur-Futuro.jpeg?resize=300%2C169&amp;ssl=1 300w, https:\/\/i0.wp.com\/elmundodelosnegocios.com.do\/v1\/wp-content\/uploads\/2023\/08\/Feda-y-Sur-Futuro.jpeg?resize=768%2C432&amp;ssl=1 768w, https:\/\/i0.wp.com\/elmundodelosnegocios.com.do\/v1\/wp-content\/uploads\/2023\/08\/Feda-y-Sur-Futuro.jpeg?w=1300&amp;ssl=1 1300w\" sizes=\"auto, (max-width: 1024px) 100vw, 1024px\" data-recalc-dims=\"1\"><\/figure>\n<\/div>\n<p>Esta alianza incluye el\u00a0<strong>financiamiento no reembolsable<\/strong>\u00a0de un sistema de bombeo de\u00a0<strong>agua para riego<\/strong>\u00a0y abastecimiento comunitario, en el marco del proyecto comunitario de producci\u00f3n de semillas de coco y de\u00a0<strong>agua para uso dom\u00e9stico<\/strong>\u00a0en la comunidad, el Cigual,todo con el empleo de\u00a0<strong>energ\u00eda solar<\/strong>. Tambi\u00e9n, la rehabilitaci\u00f3n y operaci\u00f3n de una\u00a0<strong>torrefacci\u00f3n de caf\u00e9<\/strong>\u00a0en la regi\u00f3n Sur, asignaci\u00f3n de t\u00e9cnicos del FEDA al servicio de\u00a0<strong>proyectos sociales y comunitarios<\/strong>\u00a0en la cuenca del r\u00edo Yaque del Sur, entre otros.<\/p>\n<p>El acuerdo fue rubricado por la presidenta de la Fundaci\u00f3n Sur Futuro,\u00a0<strong>Melba Segura de Grull\u00f3n, y Hecmilio Galv\u00e1n,<\/strong>\u00a0director ejecutivo del FEDA.<\/p>\n<p>Segura de Grull\u00f3n habl\u00f3 de la misi\u00f3n de contribuir al\u00a0<strong>desarrollo econ\u00f3mico, social y humano de las comunidades pobres<\/strong>\u00a0de nuestro pa\u00eds y a la\u00a0<strong>gesti\u00f3n sostenible<\/strong>\u00a0del ambiente y los recursos naturales, particularmente de la regi\u00f3n Sur del pa\u00eds.<\/p>\n<p><em>\u201cSin lugar a duda, tenemos prop\u00f3sitos comunes, y si nos dedicamos con ah\u00ednco a desarrollar programas de educaci\u00f3n, sensibilizaci\u00f3n y acompa\u00f1amiento de las comunidades rurales del pa\u00eds, los resultados se ver\u00e1n en la reducci\u00f3n de los niveles de pobreza y marginaci\u00f3n que lamentablemente a\u00fan persisten, y que amenazan con agravarse debido a los efectos del cambio clim\u00e1tico\u201d<\/em>, precis\u00f3.<\/p>\n<p>Hecmilio Galv\u00e1n, director ejecutivo del FEDA, destac\u00f3 la importancia de este acuerdo para garantizar el\u00a0<strong>futuro de una vida digna para los agricultores.<\/strong><\/p>\n<p><em>\u201cEs el momento de cumplir con una gran deuda social con nuestras zonas m\u00e1s empobrecidas, protegiendo nuestras monta\u00f1as y r\u00edos, salvamos nuestro pa\u00eds, estamos cumpliendo con el compromiso de construir oportunidades para los m\u00e1s necesitados; ya no ser\u00e1n los olvidados de siempre\u201d,<\/em>\u00a0explic\u00f3 Galv\u00e1n.<\/p>\n<figure class=\"wp-block-image\"><img decoding=\"async\" src=\"https:\/\/i0.wp.com\/presidencia.gob.do\/sites\/default\/files\/inline-images\/WhatsApp Image 2023-08-15 at 12.20.17 PM (1).jpeg?w=1110&amp;ssl=1\" alt=\"acuerdo Feda Sur Futuro\" data-recalc-dims=\"1\"><\/figure>\n<p><strong>Sobre el acuerdo<\/strong><\/p>\n<p>Adem\u00e1s de proporcionar\u00a0<strong>capacitaciones<\/strong>\u00a0j\u00f3venes y productores agr\u00edcolas\u00a0<strong>sobre cambio clim\u00e1tico y agroforester\u00eda<\/strong>, se llevar\u00e1n a cabo proyectos de\u00a0<strong>producci\u00f3n de plantas frutales y forestales,\u00a0<\/strong>con el objetivo de fomentar la reforestaci\u00f3n y la restauraci\u00f3n de ecosistemas degradados, asistencia t\u00e9cnica para la\u00a0<strong>gesti\u00f3n comunitaria de invernaderos<\/strong>\u00a0para la producci\u00f3n de diferentes rubros agr\u00edcolas, celebraci\u00f3n de\u00a0<strong>ferias<\/strong>\u00a0de productores agropecuarios\u00a0<strong>Consume lo Nuestro<\/strong>\u00a0en la regi\u00f3n Sur, identificaci\u00f3n de comunidades para establecer los proyectos comunitarios de\u00a0<strong>Madres del Campo<\/strong>\u00a0para la cr\u00eda de ovejas.<\/p>\n<\/div>\n","protected":false},"excerpt":{"rendered":"<p>Santo Domingo.-\u00a0La Fundaci\u00f3n Sur Futuro\u00a0y el Fondo Especial para el Desarrollo Agropecuario\u00a0(FEDA)\u00a0firmaron un acuerdo para impulsar\u00a0iniciativas en beneficio de los productores agr\u00edcolas,\u00a0con la finalidad de crear mejores estructuras que permitan&hellip; <\/p>\n","protected":false},"author":2,"featured_media":4428,"comment_status":"closed","ping_status":"closed","sticky":false,"template":"","format":"standard","meta":{"fifu_image_url":"https:\/\/i0.wp.com\/elmundodelosnegocios.com.do\/v1\/wp-content\/uploads\/2023\/08\/Feda-y-Sur-Futuro-1024x576.jpeg?resize=1024,576&ssl=1","fifu_image_alt":"FEDA y Sur Futuro desarrollar\u00e1n proyectos en beneficio de productores agr\u00edcolas de la regi\u00f3n Sur del pa\u00eds","footnotes":""},"categories":[63],"tags":[],"class_list":["post-4427","post","type-post","status-publish","format-standard","has-post-thumbnail","hentry","category-actualidad"],"_links":{"self":[{"href":"https:\/\/elmundodelapolitica.com\/v1\/wp-json\/wp\/v2\/posts\/4427","targetHints":{"allow":["GET"]}}],"collection":[{"href":"https:\/\/elmundodelapolitica.com\/v1\/wp-json\/wp\/v2\/posts"}],"about":[{"href":"https:\/\/elmundodelapolitica.com\/v1\/wp-json\/wp\/v2\/types\/post"}],"author":[{"embeddable":true,"href":"https:\/\/elmundodelapolitica.com\/v1\/wp-json\/wp\/v2\/users\/2"}],"replies":[{"embeddable":true,"href":"https:\/\/elmundodelapolitica.com\/v1\/wp-json\/wp\/v2\/comments?post=4427"}],"version-history":[{"count":0,"href":"https:\/\/elmundodelapolitica.com\/v1\/wp-json\/wp\/v2\/posts\/4427\/revisions"}],"wp:featuredmedia":[{"embeddable":true,"href":"https:\/\/elmundodelapolitica.com\/v1\/wp-json\/wp\/v2\/media\/4428"}],"wp:attachment":[{"href":"https:\/\/elmundodelapolitica.com\/v1\/wp-json\/wp\/v2\/media?parent=4427"}],"wp:term":[{"taxonomy":"category","embeddable":true,"href":"https:\/\/elmundodelapolitica.com\/v1\/wp-json\/wp\/v2\/categories?post=4427"},{"taxonomy":"post_tag","embeddable":true,"href":"https:\/\/elmundodelapolitica.com\/v1\/wp-json\/wp\/v2\/tags?post=4427"}],"curies":[{"name":"wp","href":"https:\/\/api.w.org\/{rel}","templated":true}]}}