{"id":441,"date":"2022-09-26T12:56:25","date_gmt":"2022-09-26T16:56:25","guid":{"rendered":"https:\/\/elmundodelapolitica.com\/v1\/?p=25813"},"modified":"2022-09-26T12:56:25","modified_gmt":"2022-09-26T16:56:25","slug":"riesgo-de-una-recesion-mundial-en-2023-aumenta-en-medio-de-alzas-simultaneas-de-las-tasas-de-interes","status":"publish","type":"post","link":"https:\/\/elmundodelapolitica.com\/v1\/riesgo-de-una-recesion-mundial-en-2023-aumenta-en-medio-de-alzas-simultaneas-de-las-tasas-de-interes\/","title":{"rendered":"Riesgo de una recesi\u00f3n mundial en 2023 aumenta en medio de alzas simult\u00e1neas de las tasas de inter\u00e9s"},"content":{"rendered":"<div>\n<p><em>En un estudio se destaca la necesidad de aplicar pol\u00edticas para frenar la inflaci\u00f3n sin agravar el riesgo de recesi\u00f3n.<\/em><\/p>\n<p><strong>CIUDAD DE WASHINGTON, 15 de septiembre de 2022<\/strong>. Cuando los bancos centrales de todo el mundo aumentan simult\u00e1neamente las tasas de inter\u00e9s para responder a la inflaci\u00f3n,\u00a0<a href=\"https:\/\/www.bancomundial.org\/es\/news\/press-release\/2022\/09\/15\/risk-of-global-recession-in-2023-rises-amid-simultaneous-rate-hikes#\">el mundo podr\u00eda estar avanzando poco a poco hacia una recesi\u00f3n mundial en 2023 y una serie de crisis financieras en los mercados emergentes y las econom\u00edas en desarrollo<\/a>\u00a0que les podr\u00edan causar da\u00f1os duraderos, seg\u00fan un nuevo estudio integral del Banco Mundial.<\/p>\n<p>Los bancos centrales de todo el mundo han estado subiendo las tasas de inter\u00e9s este a\u00f1o con un grado de sincronizaci\u00f3n no visto en las \u00faltimas cinco d\u00e9cadas, una tendencia que probablemente continuar\u00e1 hasta bien entrado el a\u00f1o pr\u00f3ximo, de acuerdo con el informe. Sin embargo,\u00a0<a href=\"https:\/\/www.bancomundial.org\/es\/news\/press-release\/2022\/09\/15\/risk-of-global-recession-in-2023-rises-amid-simultaneous-rate-hikes#\">es posible que la trayectoria prevista en la actualidad de los aumentos de las tasas de inter\u00e9s y de otras medidas de pol\u00edtica no sea suficiente para reducir la inflaci\u00f3n mundial a los niveles registrados antes de la pandemia.<\/a>\u00a0Los inversionistas esperan que los bancos centrales aumenten las tasas de pol\u00edtica monetaria mundiales hasta casi un 4\u00a0% de aqu\u00ed a 2023, una cifra que representa un aumento de m\u00e1s de 2 puntos porcentuales por sobre el promedio de 2021.<\/p>\n<p>En el estudio se plantea que, a menos que las disrupciones en el suministro y las presiones del mercado laboral disminuyan, esos aumentos de las tasas de inter\u00e9s podr\u00edan dejar la tasa de inflaci\u00f3n b\u00e1sica mundial (sin incluir la energ\u00eda) en alrededor del 5\u00a0% en 2023, casi el doble del promedio quinquenal antes de la pandemia. Para reducir la inflaci\u00f3n mundial a una tasa coherente con sus objetivos, es probable que los bancos centrales deban aumentar las tasas de inter\u00e9s en 2 puntos porcentuales adicionales, seg\u00fan el modelo del informe. Si esto estuviera acompa\u00f1ado de tensiones de los mercados financieros, el crecimiento del PIB mundial se reducir\u00eda al 0,5\u00a0% en 2023, una contracci\u00f3n de 0,4\u00a0% en t\u00e9rminos per c\u00e1pita que cumplir\u00eda con la definici\u00f3n t\u00e9cnica de una recesi\u00f3n global.<\/p>\n<p>\u201cEl crecimiento mundial se est\u00e1 desacelerando de manera abrupta, y es probable que se produzca una mayor desaceleraci\u00f3n a medida que m\u00e1s pa\u00edses entren en recesi\u00f3n. Me preocupa profundamente que estas tendencias persistan, con consecuencias duraderas que son devastadoras para las personas en los mercados emergentes y las econom\u00edas en desarrollo\u201d, dijo\u00a0<strong>David Malpass, presidente del Grupo Banco Mundial<\/strong>.<strong>\u00a0<\/strong>\u201cPara lograr tasas de inflaci\u00f3n bajas, estabilidad monetaria y un crecimiento m\u00e1s r\u00e1pido, los responsables de formular pol\u00edticas podr\u00edan trasladar el foco de atenci\u00f3n desde la reducci\u00f3n del consumo hacia el aumento de la producci\u00f3n.\u00a0<a href=\"https:\/\/www.bancomundial.org\/es\/news\/press-release\/2022\/09\/15\/risk-of-global-recession-in-2023-rises-amid-simultaneous-rate-hikes#\">Las pol\u00edticas deber\u00edan apuntar a generar inversiones adicionales y mejorar la productividad y la asignaci\u00f3n de capital, que son fundamentales para el crecimiento y la reducci\u00f3n de la pobreza\u201d.<\/a><\/p>\n<p>En el estudio se destacan las circunstancias extraordinariamente dif\u00edciles bajo las que los bancos centrales luchan contra la inflaci\u00f3n en la actualidad. Varios indicadores hist\u00f3ricos de recesiones mundiales ya son advertencias intermitentes. La econom\u00eda mundial se encuentra ahora en su retroceso m\u00e1s pronunciado tras una recuperaci\u00f3n posterior a una recesi\u00f3n desde 1970. La confianza de los consumidores en el mundo ha bajado de manera m\u00e1s pronunciada que en el per\u00edodo previo a las anteriores recesiones mundiales. Las tres econom\u00edas principales del mundo \u2014Estados Unidos, China y la zona del euro\u2014 se han desacelerado abruptamente. Bajo estas circunstancias, incluso si una conmoci\u00f3n moderada afecta a la econom\u00eda mundial durante el pr\u00f3ximo a\u00f1o, esta podr\u00eda entrar en una recesi\u00f3n.<\/p>\n<p>En el estudio, sobre la base de conocimientos obtenidos de recesiones mundiales anteriores, se analiza la evoluci\u00f3n reciente de la actividad econ\u00f3mica y se presentan escenarios para 2022-24. Una desaceleraci\u00f3n \u2014como la que est\u00e1 en marcha\u2014 exige normalmente la aplicaci\u00f3n de pol\u00edticas antic\u00edclicas para apoyar la actividad econ\u00f3mica. Sin embargo, la amenaza de la inflaci\u00f3n y el limitado espacio fiscal est\u00e1n llevando a los responsables de formular pol\u00edticas en muchos pa\u00edses a retirar el apoyo normativo, incluso cuando la econom\u00eda mundial se desacelera marcadamente.<\/p>\n<p>La experiencia de la d\u00e9cada de 1970, las respuestas de pol\u00edticas a la recesi\u00f3n mundial de 1975, el per\u00edodo posterior de estanflaci\u00f3n y la recesi\u00f3n mundial de 1982 ilustran el riesgo de permitir que la inflaci\u00f3n se mantenga elevada durante mucho tiempo mientras el crecimiento es d\u00e9bil. La recesi\u00f3n mundial de 1982 coincidi\u00f3 con la segunda tasa de crecimiento m\u00e1s baja en las econom\u00edas en desarrollo en las \u00faltimas cinco d\u00e9cadas, solo superada por el a\u00f1o 2020. Provoc\u00f3 m\u00e1s de 40 crisis de deuda y con posterioridad se produjo una d\u00e9cada de crecimiento perdido en muchas econom\u00edas en desarrollo.<\/p>\n<p>\u201cLa reciente aplicaci\u00f3n de pol\u00edticas m\u00e1s restrictivas en materia monetaria y fiscal probablemente resulte \u00fatil para reducir la inflaci\u00f3n\u201d,dijo\u00a0<strong>Ayhan Kose, vicepresidente interino<\/strong>\u00a0<strong>de Crecimiento Equitativo, Finanzas e Instituciones del Banco Mundial<\/strong><em>.\u00a0<\/em>\u201cSin embargo, dado que [las pol\u00edticas] est\u00e1n altamente sincronizadas en los pa\u00edses, podr\u00edan agravar tanto el endurecimiento de las condiciones financieras como la agudizaci\u00f3n de la desaceleraci\u00f3n del crecimiento mundial. Los responsables de formular pol\u00edticas en los mercados emergentes y las econom\u00edas en desarrollo deben estar preparados para gestionar los posibles efectos secundarios del endurecimiento simult\u00e1neo de las pol\u00edticas a nivel mundial\u201d.<\/p>\n<p>En el estudio se plantea que los bancos centrales deber\u00edan mantener sus esfuerzos por controlar la inflaci\u00f3n, y que se puede hacer sin provocar una recesi\u00f3n mundial.\u00a0No obstante, se requerir\u00e1 una acci\u00f3n concertada por parte de diversos responsables de formular pol\u00edticas:<\/p>\n<ul>\n<li><strong><em>Los bancos centrales<\/em><\/strong>deben comunicar con claridad las decisiones en materia de pol\u00edticas, salvaguardo al mismo tiempo su independencia.Esto podr\u00eda ayudar a anclar las expectativas inflacionarias y reducir el grado de restricciones necesarias. En las econom\u00edas avanzadas, los bancos centrales deber\u00edan tener presente los efectos secundarios transfronterizos del endurecimiento de la pol\u00edtica monetaria. En los mercados emergentes y las econom\u00edas en desarrollo, deber\u00edan reforzar las regulaciones macroprudenciales y crear reservas de divisas.<\/li>\n<li><strong><em>Las autoridades fiscales\u00a0<\/em><\/strong>tendr\u00e1n que calibrar cuidadosamente la retirada de las medidas de apoyo fiscal y, al mismo tiempo, garantizar la coherencia con los objetivos de la pol\u00edtica monetaria.\u00a0<a href=\"https:\/\/www.bancomundial.org\/es\/news\/press-release\/2022\/09\/15\/risk-of-global-recession-in-2023-rises-amid-simultaneous-rate-hikes#\">Se espera que la porci\u00f3n de pa\u00edses que endurecer\u00e1n las pol\u00edticas fiscales el a\u00f1o pr\u00f3ximo alcance el nivel m\u00e1s alto registrado desde principios de la d\u00e9cada de 1990.<\/a>\u00a0Esto podr\u00edaaumentar los efectos de la pol\u00edtica monetaria en el crecimiento. Los responsables de formular pol\u00edticas deber\u00edan tambi\u00e9n establecer planes fiscales a mediano plazo que gocen de credibilidad y proporcionar alivio espec\u00edfico a los hogares vulnerables.<\/li>\n<li><strong><em>Otros responsables de la formulaci\u00f3n de pol\u00edticas econ\u00f3micas<\/em><\/strong>\u00a0deber\u00e1n sumarse a la lucha contra la inflaci\u00f3n, adoptando medidas firmes para impulsar el suministro mundial. Entre estas medidas se encuentran:<\/li>\n<\/ul>\n<p>o\u00a0\u00a0\u00a0<em>Reducir las limitaciones del mercado laboral<\/em>. Las medidas de pol\u00edtica deben ayudar a aumentar la participaci\u00f3n en la fuerza laboral y disminuir las presiones sobre los precios. Las pol\u00edticas del mercado de trabajo pueden facilitar la reasignaci\u00f3n de los trabajadores desplazados.<\/p>\n<p>o\u00a0\u00a0\u00a0<em>Aumentar la oferta mundial de productos b\u00e1sicos<\/em>. La coordinaci\u00f3n a nivel global puede contribuir considerablemente a aumentar el suministro de alimentos y energ\u00eda. En el caso de los productos b\u00e1sicos energ\u00e9ticos, los responsables de formular pol\u00edticas tendr\u00edan que acelerar la transici\u00f3n hacia fuentes de energ\u00eda con bajas emisiones de carbono e introducir medidas para reducir el consumo energ\u00e9tico.<\/p>\n<p><em>o\u00a0\u00a0\u00a0Fortalecer las redes del comercio mundial<\/em>. Los responsables de formular pol\u00edticas deber\u00edan cooperar para aliviar los cuellos de botella en el suministro mundial. Adem\u00e1s, respaldar un orden econ\u00f3mico internacional basado en normas, que proteja contra la amenaza del proteccionismo y la fragmentaci\u00f3n que podr\u00edan afectar a\u00fan m\u00e1s las redes comerciales.<\/p>\n<\/div>\n","protected":false},"excerpt":{"rendered":"<p>En un estudio se destaca la necesidad de aplicar pol\u00edticas para frenar la inflaci\u00f3n sin agravar el riesgo de recesi\u00f3n. CIUDAD DE WASHINGTON, 15 de septiembre de 2022. Cuando los&hellip; <\/p>\n","protected":false},"author":2,"featured_media":0,"comment_status":"closed","ping_status":"open","sticky":false,"template":"","format":"standard","meta":{"fifu_image_url":"","fifu_image_alt":"","footnotes":""},"categories":[11],"tags":[],"class_list":["post-441","post","type-post","status-publish","format-standard","hentry","category-america-latina"],"_links":{"self":[{"href":"https:\/\/elmundodelapolitica.com\/v1\/wp-json\/wp\/v2\/posts\/441","targetHints":{"allow":["GET"]}}],"collection":[{"href":"https:\/\/elmundodelapolitica.com\/v1\/wp-json\/wp\/v2\/posts"}],"about":[{"href":"https:\/\/elmundodelapolitica.com\/v1\/wp-json\/wp\/v2\/types\/post"}],"author":[{"embeddable":true,"href":"https:\/\/elmundodelapolitica.com\/v1\/wp-json\/wp\/v2\/users\/2"}],"replies":[{"embeddable":true,"href":"https:\/\/elmundodelapolitica.com\/v1\/wp-json\/wp\/v2\/comments?post=441"}],"version-history":[{"count":0,"href":"https:\/\/elmundodelapolitica.com\/v1\/wp-json\/wp\/v2\/posts\/441\/revisions"}],"wp:attachment":[{"href":"https:\/\/elmundodelapolitica.com\/v1\/wp-json\/wp\/v2\/media?parent=441"}],"wp:term":[{"taxonomy":"category","embeddable":true,"href":"https:\/\/elmundodelapolitica.com\/v1\/wp-json\/wp\/v2\/categories?post=441"},{"taxonomy":"post_tag","embeddable":true,"href":"https:\/\/elmundodelapolitica.com\/v1\/wp-json\/wp\/v2\/tags?post=441"}],"curies":[{"name":"wp","href":"https:\/\/api.w.org\/{rel}","templated":true}]}}