{"id":438,"date":"2022-07-04T07:01:30","date_gmt":"2022-07-04T11:01:30","guid":{"rendered":"http:\/\/www.elmundodelapolitica.com\/v2\/?p=25557"},"modified":"2022-09-26T11:58:06","modified_gmt":"2022-09-26T15:58:06","slug":"senador-milciades-franjul-recibe-mision-de-evaluacion-de-la-union-europea","status":"publish","type":"post","link":"https:\/\/elmundodelapolitica.com\/v1\/senador-milciades-franjul-recibe-mision-de-evaluacion-de-la-union-europea\/","title":{"rendered":"Senador Milc\u00edades Franjul recibe Misi\u00f3n de Evaluaci\u00f3n de la Uni\u00f3n Europea"},"content":{"rendered":"\n<p>Santo Domingo.- El presidente de la Comisi\u00f3n Permanente de Presupuesto del Senado de la Rep\u00fablica, el senador de Peravia, Milc\u00edades Franjul, recibi\u00f3 la visita de la Misi\u00f3n de Evaluaci\u00f3n de la Uni\u00f3n Europea (UE) Collect More Spend Better.<\/p>\n\n\n\n<p>En el encuentro, que se desarroll\u00f3 en la oficina senatorial de Peravia y que sirvi\u00f3 de espacio para consolidar el respaldo que durante m\u00e1s de 30 a\u00f1os la Uni\u00f3n Europea ha brindado al pa\u00eds en materia fiscal, se socializaron diversos temas de \u00edndole presupuestario.<\/p>\n\n\n\n<p>Esta visita se produjo luego de que la Misi\u00f3n de la de UE solicit\u00f3 y convoc\u00f3, a trav\u00e9s del Ministerio de Hacienda, la reuni\u00f3n con el Senador Milc\u00edades Franjul en su condici\u00f3n de presidente de la Comisi\u00f3n Permanente de Presupuesto, quien estuvo acompa\u00f1ado de sus asesores t\u00e9cnicos.<\/p>\n\n\n\n<p>La delegaci\u00f3n recibida por el senador Franjul estuvo conformada por Domenico Polloni, Rub\u00e9n Mat\u00edas y Virginie Morillon.<\/p>\n\n\n\n<p>Collect More Spend Better (Recaudar M\u00e1s y Gastar Mejor) promueve la evaluaci\u00f3n sistem\u00e1tica y oportuna, la rendici\u00f3n de cuentas y el aprendizaje, para mejorar la pr\u00e1ctica pol\u00edtica. Adem\u00e1s, los alcances de esta evaluaci\u00f3n son el apoyo presupuestario, la asistencia t\u00e9cnica y la subvenci\u00f3n directa en el fortalecimiento de la gesti\u00f3n fiscal.<\/p>\n\n\n\n<p>La Comisi\u00f3n Permanente de Presupuesto del Senado de la Rep\u00fablica, presidida por el senador Milc\u00edades Franjul, es la responsable de velar por el cumplimiento de las leyes que rigen los temas de presupuesto nacional por parte de la C\u00e1mara Alta.<\/p>\n","protected":false},"excerpt":{"rendered":"<p>Santo Domingo.- El presidente de la Comisi\u00f3n Permanente de Presupuesto del Senado de la Rep\u00fablica, el senador de Peravia, Milc\u00edades Franjul, recibi\u00f3 la visita de la Misi\u00f3n de Evaluaci\u00f3n de&hellip; <\/p>\n","protected":false},"author":2,"featured_media":439,"comment_status":"closed","ping_status":"open","sticky":false,"template":"","format":"standard","meta":{"fifu_image_url":"","fifu_image_alt":"","footnotes":""},"categories":[63,57],"tags":[],"class_list":["post-438","post","type-post","status-publish","format-standard","has-post-thumbnail","hentry","category-actualidad","category-noticias-destacadas"],"_links":{"self":[{"href":"https:\/\/elmundodelapolitica.com\/v1\/wp-json\/wp\/v2\/posts\/438","targetHints":{"allow":["GET"]}}],"collection":[{"href":"https:\/\/elmundodelapolitica.com\/v1\/wp-json\/wp\/v2\/posts"}],"about":[{"href":"https:\/\/elmundodelapolitica.com\/v1\/wp-json\/wp\/v2\/types\/post"}],"author":[{"embeddable":true,"href":"https:\/\/elmundodelapolitica.com\/v1\/wp-json\/wp\/v2\/users\/2"}],"replies":[{"embeddable":true,"href":"https:\/\/elmundodelapolitica.com\/v1\/wp-json\/wp\/v2\/comments?post=438"}],"version-history":[{"count":1,"href":"https:\/\/elmundodelapolitica.com\/v1\/wp-json\/wp\/v2\/posts\/438\/revisions"}],"predecessor-version":[{"id":472,"href":"https:\/\/elmundodelapolitica.com\/v1\/wp-json\/wp\/v2\/posts\/438\/revisions\/472"}],"wp:featuredmedia":[{"embeddable":true,"href":"https:\/\/elmundodelapolitica.com\/v1\/wp-json\/wp\/v2\/media\/439"}],"wp:attachment":[{"href":"https:\/\/elmundodelapolitica.com\/v1\/wp-json\/wp\/v2\/media?parent=438"}],"wp:term":[{"taxonomy":"category","embeddable":true,"href":"https:\/\/elmundodelapolitica.com\/v1\/wp-json\/wp\/v2\/categories?post=438"},{"taxonomy":"post_tag","embeddable":true,"href":"https:\/\/elmundodelapolitica.com\/v1\/wp-json\/wp\/v2\/tags?post=438"}],"curies":[{"name":"wp","href":"https:\/\/api.w.org\/{rel}","templated":true}]}}