{"id":4377,"date":"2023-08-13T16:54:49","date_gmt":"2023-08-13T20:54:49","guid":{"rendered":"https:\/\/elmundodelapolitica.com\/v1\/?p=4377"},"modified":"2023-08-13T16:54:51","modified_gmt":"2023-08-13T20:54:51","slug":"ex-diputado-califica-de-burda-pretension-politiquera-el-acuerdo-entre-interior-y-policia-y-conacoop","status":"publish","type":"post","link":"https:\/\/elmundodelapolitica.com\/v1\/ex-diputado-califica-de-burda-pretension-politiquera-el-acuerdo-entre-interior-y-policia-y-conacoop\/","title":{"rendered":"Ex diputado califica de burda pretensi\u00f3n politiquera el acuerdo entre Interior y Polic\u00eda y Conacoop"},"content":{"rendered":"\n<p>Llam\u00f3 al movimiento cooperativo nacional a \"no prestarse a esa burda maniobra que busca comprometer al sector cooperativo con el Partido Revolucionario Moderno\".<br><br>NEYBA: El ex diputado Rafael M\u00e9ndez calific\u00f3 de \"burda pretensi\u00f3n de politizar el sector cooperativo\", el acuerdo suscrito entre el ministro de Interior y Polic\u00eda, Jes\u00fas V\u00e1squez Mart\u00ednez y Eufrasia G\u00f3mez, presidenta del Consejo Nacional de Cooperativas (Conacoop), mediante el cual las entidades que representan coordinar\u00e1n apoyo al programa \"De Vuelta al Barrio\" que patrocina el Gobierno.<\/p>\n\n\n\n<p>&nbsp;M\u00e9ndez, quien fuera presidente-administrador del estatal Instituto de Desarrollo y Cr\u00e9dito Cooperativo (IDECOOP), dijo esperar que el movimiento cooperativo nacional \"no se preste a esa burda maniobra que busca comprometer al sector cooperativo con el Partido Revolucionario Moderno\".<\/p>\n\n\n\n<p>\"Ya antes hab\u00edamos denunciado la forma alegre, demag\u00f3gica y politiquera de la actual gesti\u00f3n del IDECOOP que viene promoviendo y organizando cooperativas, sin ning\u00fan estudio de factibilidad, y enga\u00f1ando hasta el propio presidente Luis Abinader, haci\u00e9ndole creer que hacen un trabajo como nunca se ha hab\u00eda hecho desde el ente estatal\", record\u00f3.<\/p>\n\n\n\n<p>El reconocido t\u00e9cnico cooperativo asegur\u00f3 que los perremeistas vinculados al sector cooperativo con sus actuaciones desnaturalizan la verdadera esencia del cooperativismo como sector que busca promover la integraci\u00f3n de los medianos y peque\u00f1os productores, \"en verdaderas empresas sociales, y no en mamotretos politiqueros con el que ellos mismo se enga\u00f1an\".<\/p>\n","protected":false},"excerpt":{"rendered":"<p>Llam\u00f3 al movimiento cooperativo nacional a \"no prestarse a esa burda maniobra que busca comprometer al sector cooperativo con el Partido Revolucionario Moderno\". NEYBA: El ex diputado Rafael M\u00e9ndez calific\u00f3&hellip; <\/p>\n","protected":false},"author":2,"featured_media":3482,"comment_status":"open","ping_status":"open","sticky":false,"template":"","format":"standard","meta":{"fifu_image_url":"","fifu_image_alt":"","footnotes":""},"categories":[63],"tags":[],"class_list":["post-4377","post","type-post","status-publish","format-standard","has-post-thumbnail","hentry","category-actualidad"],"_links":{"self":[{"href":"https:\/\/elmundodelapolitica.com\/v1\/wp-json\/wp\/v2\/posts\/4377","targetHints":{"allow":["GET"]}}],"collection":[{"href":"https:\/\/elmundodelapolitica.com\/v1\/wp-json\/wp\/v2\/posts"}],"about":[{"href":"https:\/\/elmundodelapolitica.com\/v1\/wp-json\/wp\/v2\/types\/post"}],"author":[{"embeddable":true,"href":"https:\/\/elmundodelapolitica.com\/v1\/wp-json\/wp\/v2\/users\/2"}],"replies":[{"embeddable":true,"href":"https:\/\/elmundodelapolitica.com\/v1\/wp-json\/wp\/v2\/comments?post=4377"}],"version-history":[{"count":1,"href":"https:\/\/elmundodelapolitica.com\/v1\/wp-json\/wp\/v2\/posts\/4377\/revisions"}],"predecessor-version":[{"id":4378,"href":"https:\/\/elmundodelapolitica.com\/v1\/wp-json\/wp\/v2\/posts\/4377\/revisions\/4378"}],"wp:featuredmedia":[{"embeddable":true,"href":"https:\/\/elmundodelapolitica.com\/v1\/wp-json\/wp\/v2\/media\/3482"}],"wp:attachment":[{"href":"https:\/\/elmundodelapolitica.com\/v1\/wp-json\/wp\/v2\/media?parent=4377"}],"wp:term":[{"taxonomy":"category","embeddable":true,"href":"https:\/\/elmundodelapolitica.com\/v1\/wp-json\/wp\/v2\/categories?post=4377"},{"taxonomy":"post_tag","embeddable":true,"href":"https:\/\/elmundodelapolitica.com\/v1\/wp-json\/wp\/v2\/tags?post=4377"}],"curies":[{"name":"wp","href":"https:\/\/api.w.org\/{rel}","templated":true}]}}