{"id":4374,"date":"2023-08-13T16:37:44","date_gmt":"2023-08-13T20:37:44","guid":{"rendered":"https:\/\/elmundodelapolitica.com\/v1\/?p=4374"},"modified":"2023-08-13T16:37:46","modified_gmt":"2023-08-13T20:37:46","slug":"vaticina-alianza-prm-moda-tendra-triunfo-arrollador-en-san-juan-de-la-maguana","status":"publish","type":"post","link":"https:\/\/elmundodelapolitica.com\/v1\/vaticina-alianza-prm-moda-tendra-triunfo-arrollador-en-san-juan-de-la-maguana\/","title":{"rendered":"Vaticina alianza PRM-MODA tendr\u00e1 triunfo arrollador en San Juan de la Maguana"},"content":{"rendered":"\n<p>SAN JUAN DE LA MAGUANA: &nbsp;El candidato a la alcald\u00eda &nbsp;por el Partido Democr\u00e1tico Alternativo, Eduardo Ram\u00edrez (Papo), vaticin\u00f3 que la alianza PRM-MODA tendr\u00e1 un triunfo arrollador en la provincia San Juan, en las elecciones municipales del 18 de febrero del pr\u00f3ximo a\u00f1o.<\/p>\n\n\n\n<p>Se\u00f1al\u00f3 que a\u00fan ambos partidos a\u00fan est\u00e1n en fase de negociaci\u00f3n, ya que el MODA favorece que \u00e9l sea el candidato municipal de la alianza.<\/p>\n\n\n\n<p>En ese sentido que, contin\u00faa trabajando fuertemente en conformar sus equipos de trabajo y conseguir el respaldo de los distintos sectores del municipio cabecera de la provincia, especialmente de los j\u00f3venes<\/p>\n\n\n\n<p>El comunicador Ram\u00edrez ofreci\u00f3 estas declaraciones al ser abordado por comunicadores, al acudir a ejercer su voto en las elecciones del Sindicato Nacional de Trabajadores de la Prensa, filial San Juan.<\/p>\n","protected":false},"excerpt":{"rendered":"<p>SAN JUAN DE LA MAGUANA: &nbsp;El candidato a la alcald\u00eda &nbsp;por el Partido Democr\u00e1tico Alternativo, Eduardo Ram\u00edrez (Papo), vaticin\u00f3 que la alianza PRM-MODA tendr\u00e1 un triunfo arrollador en la provincia&hellip; <\/p>\n","protected":false},"author":2,"featured_media":4375,"comment_status":"open","ping_status":"open","sticky":false,"template":"","format":"standard","meta":{"fifu_image_url":"","fifu_image_alt":"","footnotes":""},"categories":[9],"tags":[],"class_list":["post-4374","post","type-post","status-publish","format-standard","has-post-thumbnail","hentry","category-elecciones"],"_links":{"self":[{"href":"https:\/\/elmundodelapolitica.com\/v1\/wp-json\/wp\/v2\/posts\/4374","targetHints":{"allow":["GET"]}}],"collection":[{"href":"https:\/\/elmundodelapolitica.com\/v1\/wp-json\/wp\/v2\/posts"}],"about":[{"href":"https:\/\/elmundodelapolitica.com\/v1\/wp-json\/wp\/v2\/types\/post"}],"author":[{"embeddable":true,"href":"https:\/\/elmundodelapolitica.com\/v1\/wp-json\/wp\/v2\/users\/2"}],"replies":[{"embeddable":true,"href":"https:\/\/elmundodelapolitica.com\/v1\/wp-json\/wp\/v2\/comments?post=4374"}],"version-history":[{"count":1,"href":"https:\/\/elmundodelapolitica.com\/v1\/wp-json\/wp\/v2\/posts\/4374\/revisions"}],"predecessor-version":[{"id":4376,"href":"https:\/\/elmundodelapolitica.com\/v1\/wp-json\/wp\/v2\/posts\/4374\/revisions\/4376"}],"wp:featuredmedia":[{"embeddable":true,"href":"https:\/\/elmundodelapolitica.com\/v1\/wp-json\/wp\/v2\/media\/4375"}],"wp:attachment":[{"href":"https:\/\/elmundodelapolitica.com\/v1\/wp-json\/wp\/v2\/media?parent=4374"}],"wp:term":[{"taxonomy":"category","embeddable":true,"href":"https:\/\/elmundodelapolitica.com\/v1\/wp-json\/wp\/v2\/categories?post=4374"},{"taxonomy":"post_tag","embeddable":true,"href":"https:\/\/elmundodelapolitica.com\/v1\/wp-json\/wp\/v2\/tags?post=4374"}],"curies":[{"name":"wp","href":"https:\/\/api.w.org\/{rel}","templated":true}]}}