{"id":4361,"date":"2023-08-11T01:05:59","date_gmt":"2023-08-11T05:05:59","guid":{"rendered":"https:\/\/elmundodelapolitica.com\/v1\/?p=4361"},"modified":"2023-08-11T01:05:59","modified_gmt":"2023-08-11T05:05:59","slug":"resumen-memorando-modificado-y-rectificado-estatutos-sociales-y-cambio-de-nombre-de-brigade-m3-european-acquisition-corp","status":"publish","type":"post","link":"https:\/\/elmundodelapolitica.com\/v1\/resumen-memorando-modificado-y-rectificado-estatutos-sociales-y-cambio-de-nombre-de-brigade-m3-european-acquisition-corp\/","title":{"rendered":"Resumen: Memorando modificado y rectificado, estatutos sociales y cambio de nombre de Brigade-M3 European Acquisition Corp."},"content":{"rendered":"<p>\u00c1MSTERDAM&#8211;(BUSINESS WIRE)&#8211;Brigade-M3 European Acquisition Corp. (la \"Empresa\"), una empresa de prop\u00f3sito especial constituida bajo las leyes de las Islas Caim\u00e1n como sociedad exenta de responsabilidad limitada y que cotiza en Euronext \u00c1msterdam, el mercado regulado que opera Euronext Amsterdam N.V., anuncia que, tras el rescate de todas las acciones representadas por medio de t\u00edtulo y las acciones ordinarias en el capital social de la Empresa (las \"Acciones representadas por medio de t\u00edtulo\" y las \"Acciones ordinarias\", respectivamente) y en relaci\u00f3n con las resoluciones un\u00e1nimes por escrito de los accionistas de la Empresa aprobadas el 9 de agosto de 2023, entran en vigencia los siguientes cambios:<br \/>\nEl comunicado en el idioma original es la versi\u00f3n oficial y autorizada del mismo. Esta traducci\u00f3n es solamente un medio de ayuda y deber\u00e1 ser comparada con el texto en idioma original, que es la \u00fanica versi\u00f3n del texto que tendr\u00e1 validez legal. Contacts<br \/>\nCONSULTASBM3EAC Corp.<br \/>\nc\/o Brigade Capital Management, LP<br \/>\n399 Park Avenue, 16th Floor<br \/>\nNew York, NY 10022<br \/>\nCorreo electr\u00f3nico: BrigadeM3EAC@brigadecapital.com<\/p>\n","protected":false},"excerpt":{"rendered":"<div>\n<p>\u00c1MSTERDAM&#8211;(BUSINESS WIRE)&#8211;Brigade-M3 European Acquisition Corp. (la \"<b>Empresa<\/b>\"), una empresa de prop\u00f3sito especial constituida bajo las leyes de las Islas Caim\u00e1n como sociedad exenta de responsabilidad limitada y que cotiza en Euronext \u00c1msterdam, el mercado regulado que opera Euronext Amsterdam N.V., anuncia que, tras el rescate de todas las acciones representadas por medio de t\u00edtulo y las acciones ordinarias en el capital social de la Empresa (las \"<b>Acciones representadas por medio de t\u00edtulo<\/b>\" y las \"<b>Acciones ordinarias<\/b>\", respectivamente) y en relaci\u00f3n con las resoluciones un\u00e1nimes por escrito de los accionistas de la Empresa aprobadas el 9 de agosto de 2023, entran en vigencia los siguientes cambios:<\/p>\n<p>\nEl comunicado en el idioma original es la versi\u00f3n oficial y autorizada del mismo. Esta traducci\u00f3n es solamente un medio de ayuda y deber\u00e1 ser comparada con el texto en idioma original, que es la \u00fanica versi\u00f3n del texto que tendr\u00e1 validez legal.<\/p>\n<p> <b>Contacts<\/b> <\/p>\n<p>\n<b>CONSULTAS<\/b><br \/>BM3EAC Corp.<br \/>\n<br \/>c\/o Brigade Capital Management, LP<br \/>\n<br \/>399 Park Avenue, 16th Floor<br \/>\n<br \/>New York, NY 10022<br \/>\n<br \/>Correo electr\u00f3nico: <a target=\"_blank\" href=\"mailto:BrigadeM3EAC@brigadecapital.com\" rel=\"nofollow noopener\">BrigadeM3EAC@brigadecapital.com<\/a><\/p>\n<\/div>\n","protected":false},"author":2,"featured_media":0,"comment_status":"closed","ping_status":"closed","sticky":false,"template":"","format":"standard","meta":{"fifu_image_url":"","fifu_image_alt":"","footnotes":""},"categories":[44],"tags":[],"class_list":["post-4361","post","type-post","status-publish","format-standard","hentry","category-business-wire"],"_links":{"self":[{"href":"https:\/\/elmundodelapolitica.com\/v1\/wp-json\/wp\/v2\/posts\/4361","targetHints":{"allow":["GET"]}}],"collection":[{"href":"https:\/\/elmundodelapolitica.com\/v1\/wp-json\/wp\/v2\/posts"}],"about":[{"href":"https:\/\/elmundodelapolitica.com\/v1\/wp-json\/wp\/v2\/types\/post"}],"author":[{"embeddable":true,"href":"https:\/\/elmundodelapolitica.com\/v1\/wp-json\/wp\/v2\/users\/2"}],"replies":[{"embeddable":true,"href":"https:\/\/elmundodelapolitica.com\/v1\/wp-json\/wp\/v2\/comments?post=4361"}],"version-history":[{"count":0,"href":"https:\/\/elmundodelapolitica.com\/v1\/wp-json\/wp\/v2\/posts\/4361\/revisions"}],"wp:attachment":[{"href":"https:\/\/elmundodelapolitica.com\/v1\/wp-json\/wp\/v2\/media?parent=4361"}],"wp:term":[{"taxonomy":"category","embeddable":true,"href":"https:\/\/elmundodelapolitica.com\/v1\/wp-json\/wp\/v2\/categories?post=4361"},{"taxonomy":"post_tag","embeddable":true,"href":"https:\/\/elmundodelapolitica.com\/v1\/wp-json\/wp\/v2\/tags?post=4361"}],"curies":[{"name":"wp","href":"https:\/\/api.w.org\/{rel}","templated":true}]}}