{"id":436,"date":"2022-07-04T18:11:35","date_gmt":"2022-07-04T22:11:35","guid":{"rendered":"http:\/\/www.elmundodelapolitica.com\/v2\/?p=25560"},"modified":"2022-09-26T10:47:17","modified_gmt":"2022-09-26T14:47:17","slug":"pld-apoya-y-siempre-ha-apoyado-ley-de-extincion-de-dominio","status":"publish","type":"post","link":"https:\/\/elmundodelapolitica.com\/v1\/pld-apoya-y-siempre-ha-apoyado-ley-de-extincion-de-dominio\/","title":{"rendered":"PLD apoya y siempre ha apoyado Ley de Extinci\u00f3n de Dominio"},"content":{"rendered":"\n<p>El PLD instruye a sus legisladores votar S\u00ed a la Ley de Extinci\u00f3n de Dominio, tal como se aprob\u00f3 en la \u00faltima reuni\u00f3n de la comisi\u00f3n bicameral.<\/p>\n\n\n\n<p>El Partido de la Liberaci\u00f3n Dominica (PLD) explic\u00f3 en rueda de prensa encabezada por su Secretario General, Charles Mariotti, realizada este lunes, que \u201csiempre ha apoyado y actualmente apoya el proyecto de Ley de Extinci\u00f3n de Dominio, tal y como ha sido consensuado en la Comisi\u00f3n Bicameral del Congreso Nacional\u201d.<\/p>\n\n\n\n<div class=\"wp-block-image\"><figure class=\"alignright\"><a href=\"http:\/\/vanguardiadelpueblo.do\/wp-content\/uploads\/2022\/07\/JSF_4658.jpg\"><img decoding=\"async\" src=\"https:\/\/vanguardiadelpueblo.do\/wp-content\/uploads\/2022\/07\/JSF_4658-480x292.jpg\" alt=\"\" class=\"wp-image-167896\"\/><\/a><\/figure><\/div>\n\n\n\n<p>El Secretario General del PLD, Charles Mariotti, exhort\u00f3, en nombre del PLD, \u201ca que la Comisi\u00f3n Bicameral que estudia el proyecto de Ley, en su reuni\u00f3n de este mismos d\u00eda de las 4 de la tarde, concluya los trabajos y proceda a presentar la legislaci\u00f3n a ambas c\u00e1maras para su pronta aprobaci\u00f3n\u201d.<\/p>\n\n\n\n<p>\u201cEl PLD, como partido organizado, con visi\u00f3n de Estado, y como partido progresista, es consciente de que la Ley de Extinci\u00f3n de Dominio es un mandato que emana de la Constituci\u00f3n de 2010, impulsada por un Congreso donde el PLD ten\u00eda mayor\u00eda. De hecho, desde el 2011 hemos impulsado esta iniciativa, y el primer proyecto de ley de extinci\u00f3n de dominio fue aprobado en dos ocasiones en el Senado en julio de 2016 y luego en el 2019 y, quien les habla, hoy Secretario General, en ese entonces Senador por la provincia Monte Plata, fue quien m\u00e1s impuls\u00f3 su aprobaci\u00f3n en el Senado. Si en ese entonces la ley no fue aprobada en la C\u00e1mara de Diputados, habr\u00eda que preguntar por qu\u00e9 a quienes lideraban la comisi\u00f3n de justicia en ese entonces\u201d, record\u00f3.<\/p>\n\n\n\n<p>El PLD record\u00f3 que esa ley era y es parte de un conjunto de normativas dise\u00f1adas para la modernizaci\u00f3n y mayor eficiencia en el combate de los delitos de la criminalidad organizada. Y que en su momento, sus gobiernos promulgaron la actual Ley contra el Lavado de Activos, la Ley sobre Cr\u00edmenes y Delitos de Alta Tecnolog\u00eda, Ley sobre el Terrorismo, entre otras.<\/p>\n\n\n\n<p>\u201cEn adici\u00f3n, queremos dejar claro que no tenemos y nunca hemos tenido objeci\u00f3n que el proyecto de ley incluya la retrospectividad, es decir, la posibilidad de perseguir los bienes que en el pasado surgieron producto de actividades irregulares\u201d, puntualiz\u00f3 el Secretario General, quien se hizo acompa\u00f1ar en la conferencia de prensa por Juan Ariel Jim\u00e9nez, vicepresidente del PLD, los voceros de las bancadas pelede\u00edstas en el Congreso, Yv\u00e1n Lorenzo, en el Senado, Gustavo S\u00e1nchez en la C\u00e1mara de Diputados y de Jos\u00e9 Dant\u00e9s D\u00edaz, titular de la Secretar\u00eda de Asuntos Jur\u00eddicos<\/p>\n\n\n\n<div class=\"wp-block-image\"><figure class=\"aligncenter is-resized\"><a href=\"http:\/\/vanguardiadelpueblo.do\/wp-content\/uploads\/2022\/07\/JSF_4659.jpg\"><img loading=\"lazy\" decoding=\"async\" src=\"https:\/\/vanguardiadelpueblo.do\/wp-content\/uploads\/2022\/07\/JSF_4659-480x189.jpg\" alt=\"\" class=\"wp-image-167895\" width=\"581\" height=\"229\"\/><\/a><\/figure><\/div>\n\n\n\n<p>\u201cLo que para nuestro Partido es y ser\u00e1 irrenunciable es que esta ley debe aplicarse a todos los bienes productos de acciones il\u00edcitas e irregulares, sin distinci\u00f3n y sin dejar ninguna de \u00e9stas fuera de su \u00e1mbito de actuaci\u00f3n. Por esta raz\u00f3n, propusimos la inclusi\u00f3n de la elusi\u00f3n fiscal como una actuaci\u00f3n de la cual se pueda derivar acciones de extinci\u00f3n de dominio, lo cual fue aprobado oficialmente por la Comisi\u00f3n Bicameral en su \u00faltima reuni\u00f3n.\u201d, se explica en un documento entregado a los medios de comunicaci\u00f3n, expuesto por Charles Mariotti, en su calidad de Secretario General.<\/p>\n\n\n\n<p>\u201cEn resumen y para que quede bien claro: la instrucci\u00f3n del PLD a sus legisladores es votar S\u00cd al proyecto de Ley que se aprob\u00f3 en la comisi\u00f3n bicameral. Por tanto, la pelota queda ahora claramente en la cancha del partido de gobierno y sus aliados, para que la aprobaci\u00f3n de esta ley sea un realidad\u201d, enfatiz\u00f3.<\/p>\n\n\n\n<p>El PLD record\u00f3 tambi\u00e9n que cuando las fortunas no pagan los impuestos correspondientes al Estado, es una forma de robarle dinero al pueblo dominicano, pues se trata de recursos que deja de recibir el gobierno y, por tanto, de destinar a resolver los problemas de la gente.<\/p>\n\n\n\n<div class=\"wp-block-image\"><figure class=\"alignright\"><a href=\"http:\/\/vanguardiadelpueblo.do\/wp-content\/uploads\/2022\/07\/JSF_4678.jpg\"><img decoding=\"async\" src=\"https:\/\/vanguardiadelpueblo.do\/wp-content\/uploads\/2022\/07\/JSF_4678-427x320.jpg\" alt=\"\" class=\"wp-image-167894\"\/><\/a><\/figure><\/div>\n\n\n\n<p>\u201cTanto hemos apoyado la aprobaci\u00f3n de este proyecto de ley en la presente legislatura, donde somos minor\u00eda, que el vocero del PLD en el Senado, senador Yvan Lorenzo, ha solicitado en varias ocasiones que le entreguen las actas de las reuniones de la comisi\u00f3n donde se muestra el apoyo de nuestro Partido. Como el departamento de comisiones del Senado, dominado por el PRM, no ha querido entregar las actas, al concluir esta reuni\u00f3n el senador Yvan Lorenzo ir\u00e1 a pedir los audios al referido departamento\u201d, se inform\u00f3 en la rueda de prensa. \u201cLamentamos sobremanera la falta de transparencia en la entrega de las actas y los audios ante el requerimiento de la bancada del PLD, para que el pa\u00eds conozca cada detalle de los puntos consensuados en el seno de la comisi\u00f3n bicameral\u201d, asegur\u00f3 Mariotti.<\/p>\n\n\n\n<p>Para concluir, enfatizaron nuevamente que el Partido de la Liberaci\u00f3n Dominicana apoya el proyecto de ley de extinci\u00f3n de dominio tal y como ha sido consensuado en la Comisi\u00f3n Bicameral del Congreso Nacional, con la \u00fanica recomendaci\u00f3n de tener en cuenta una redacci\u00f3n que no contravenga la Carga Magna ni en la forma ni en el fondo, y que fortalezca el r\u00e9gimen jur\u00eddico del pa\u00eds.<\/p>\n\n\n\n<p>\u201cEl Partido de la Liberaci\u00f3n Dominicana est\u00e1 actuando en este caso, como es nuestra costumbre: con hechos. Y, en su momento, lo har\u00e1 con votos a favor de esta ley en ambas c\u00e1maras, siempre en procura de fortalecer el Estado de Derecho. Queda por ver si el resto de fuerzas pol\u00edticas est\u00e1n dispuestas a hacer lo mismo o sencillamente est\u00e1n buscando protagonismo medi\u00e1tico ante esta coyuntura\u201d, concluy\u00f3.<\/p>\n","protected":false},"excerpt":{"rendered":"<p>El PLD instruye a sus legisladores votar S\u00ed a la Ley de Extinci\u00f3n de Dominio, tal como se aprob\u00f3 en la \u00faltima reuni\u00f3n de la comisi\u00f3n bicameral. El Partido de&hellip; <\/p>\n","protected":false},"author":2,"featured_media":437,"comment_status":"closed","ping_status":"open","sticky":false,"template":"","format":"standard","meta":{"fifu_image_url":"","fifu_image_alt":"","footnotes":""},"categories":[5],"tags":[],"class_list":["post-436","post","type-post","status-publish","format-standard","has-post-thumbnail","hentry","category-partidos"],"_links":{"self":[{"href":"https:\/\/elmundodelapolitica.com\/v1\/wp-json\/wp\/v2\/posts\/436","targetHints":{"allow":["GET"]}}],"collection":[{"href":"https:\/\/elmundodelapolitica.com\/v1\/wp-json\/wp\/v2\/posts"}],"about":[{"href":"https:\/\/elmundodelapolitica.com\/v1\/wp-json\/wp\/v2\/types\/post"}],"author":[{"embeddable":true,"href":"https:\/\/elmundodelapolitica.com\/v1\/wp-json\/wp\/v2\/users\/2"}],"replies":[{"embeddable":true,"href":"https:\/\/elmundodelapolitica.com\/v1\/wp-json\/wp\/v2\/comments?post=436"}],"version-history":[{"count":1,"href":"https:\/\/elmundodelapolitica.com\/v1\/wp-json\/wp\/v2\/posts\/436\/revisions"}],"predecessor-version":[{"id":471,"href":"https:\/\/elmundodelapolitica.com\/v1\/wp-json\/wp\/v2\/posts\/436\/revisions\/471"}],"wp:featuredmedia":[{"embeddable":true,"href":"https:\/\/elmundodelapolitica.com\/v1\/wp-json\/wp\/v2\/media\/437"}],"wp:attachment":[{"href":"https:\/\/elmundodelapolitica.com\/v1\/wp-json\/wp\/v2\/media?parent=436"}],"wp:term":[{"taxonomy":"category","embeddable":true,"href":"https:\/\/elmundodelapolitica.com\/v1\/wp-json\/wp\/v2\/categories?post=436"},{"taxonomy":"post_tag","embeddable":true,"href":"https:\/\/elmundodelapolitica.com\/v1\/wp-json\/wp\/v2\/tags?post=436"}],"curies":[{"name":"wp","href":"https:\/\/api.w.org\/{rel}","templated":true}]}}