{"id":4359,"date":"2023-08-11T01:04:58","date_gmt":"2023-08-11T05:04:58","guid":{"rendered":"https:\/\/elmundodelapolitica.com\/v1\/?p=4359"},"modified":"2023-08-11T01:04:58","modified_gmt":"2023-08-11T05:04:58","slug":"auerbach-pollock-friedlander-y-auerbach-glasow-anuncian-su-cambio-de-marca-a-apeiro-design","status":"publish","type":"post","link":"https:\/\/elmundodelapolitica.com\/v1\/auerbach-pollock-friedlander-y-auerbach-glasow-anuncian-su-cambio-de-marca-a-apeiro-design\/","title":{"rendered":"Auerbach Pollock Friedlander y Auerbach Glasow anuncian su cambio de marca a Apeiro Design"},"content":{"rendered":"<p>SAN FRANCISCO y NUEVA YORK&#8211;(BUSINESS WIRE)&#8211;La empresa anuncia su nueva marca, Apeiro Design. Con motivo de celebrar nuestro 50 aniversario como consultor\u00eda l\u00edder en entornos de teatro\/espect\u00e1culo, iluminaci\u00f3n arquitect\u00f3nica y tecnolog\u00eda de audio\/video, nuestra nueva marca enfatiza los valores de la empresa y la excepcional gama de trabajos por los que la empresa es conocida. Apeiro, del griego antiguo, significa \u201cinfinito\u201d o \u201csin l\u00edmites\u201d.<br \/>\n\u201cLa fuerza de la empresa siempre ha residido en el enorme talento, la experiencia, la capacidad de dise\u00f1o y la dedicaci\u00f3n de nuestro personal\u201d, asegur\u00f3 el CEO, Steve Friedlander. \u201cApeiro Design reconoce la capacidad del equipo para resolver con \u00e9xito y elegancia los desaf\u00edos de dise\u00f1o m\u00e1s exigentes\u201d.<br \/>\nLa vicepresidenta ejecutiva, Patty Glasow, que dirige la pr\u00e1ctica de dise\u00f1o de iluminaci\u00f3n, a\u00f1adi\u00f3: \u201cNuestra nueva marca celebra la creatividad sin l\u00edmites y refleja una mentalidad que siempre ha sido fundamental en la cultura de nuestra empresa. Estamos bien posicionados para nuestros pr\u00f3ximos 50 a\u00f1os\u201d.<br \/>\nLegado<br \/>\nLa empresa fue fundada en 1972 por S. Leonard Auerbach. Su extraordinario legado sent\u00f3 las bases para el equipo que ahora dirige la empresa y que, trabajando con Len, la convirti\u00f3 en una consultora de dise\u00f1o de iluminaci\u00f3n arquitect\u00f3nica, de teatro y de audio y video reconocida en todo el mundo, con una amplia cartera de proyectos galardonados. En 2002, Auerbach + Associates pas\u00f3 a llamarse Auerbach Pollock Friedlander y Auerbach Glasow, en reconocimiento al crecimiento del bufete y a la apertura de una oficina en Nueva York. En la actualidad, el bufete tiene oficinas en Nueva York, San Francisco y Minneapolis, as\u00ed como en San Antonio (Texas) y Pittsburgh (Pensilvania), y sigue ampliando su presencia geogr\u00e1fica y su capacidad de abarcar una gama a\u00fan m\u00e1s amplia de tipos de proyectos.<br \/>\nNuevos horizontes<br \/>\nCon la vista puesta en los pr\u00f3ximos 50 a\u00f1os, los propietarios de Apeiro Design, Glasow, Friedlander, Tom Neville, Robert Hill y Brad Kisicki, dirigen un equipo central de consultores de dise\u00f1o centrados en soluciones innovadoras y viables para una cartera de clientes en constante expansi\u00f3n cuyas aspiraciones program\u00e1ticas y de dise\u00f1o exigen un enfoque hol\u00edstico e ilustrado.<br \/>\n\u201cEstamos encantados de establecer Apeiro Design como nuestra nueva marca y de ampliar nuestros esfuerzos, partiendo de una base bien establecida\u201d, afirm\u00f3 Tom Neville, presidente de la empresa.<br \/>\nEl texto original en el idioma fuente de este comunicado es la versi\u00f3n oficial autorizada. Las traducciones solo se suministran como adaptaci\u00f3n y deben cotejarse con el texto en el idioma fuente, que es la \u00fanica versi\u00f3n del texto que tendr\u00e1 un efecto legal. Contacts<br \/>\nPara obtener m\u00e1s informaci\u00f3n, pulse solo:<br \/>\nDaryl Campbell, coordinador de marketing<br \/>\n+1 415.392.7528<br \/>\nCorreo electr\u00f3nico: dcampbell@apeirodesign.comSitio web: www.apeirodesign.com<\/p>\n","protected":false},"excerpt":{"rendered":"<div>\n<p>SAN FRANCISCO y NUEVA YORK&#8211;(BUSINESS WIRE)&#8211;La empresa anuncia su nueva marca, <a target=\"_blank\" href=\"https:\/\/cts.businesswire.com\/ct\/CT?id=smartlink&amp;url=http%3A%2F%2Fwww.apeirodesign.com%2F&amp;esheet=53521004&amp;newsitemid=20230810398312&amp;lan=es-AR&amp;anchor=Apeiro+Design&amp;index=1&amp;md5=46564456a266e09ed6bbb545ce6a44dd\" rel=\"nofollow noopener\">Apeiro Design<\/a>. Con motivo de celebrar nuestro 50 aniversario como consultor\u00eda l\u00edder en entornos de teatro\/espect\u00e1culo, iluminaci\u00f3n arquitect\u00f3nica y tecnolog\u00eda de audio\/video, nuestra nueva marca enfatiza los valores de la empresa y la excepcional gama de trabajos por los que la empresa es conocida. Apeiro, del griego antiguo, significa \u201cinfinito\u201d o \u201csin l\u00edmites\u201d.<\/p>\n<p><a href=\"https:\/\/mms.businesswire.com\/media\/20230810398312\/es\/1863766\/5\/Apeiro-Design-logo-linear-blue-rgb.jpg\"><img decoding=\"async\" src=\"https:\/\/mms.businesswire.com\/media\/20230810709621\/en\/1863766\/21\/Apeiro-Design-logo-linear-blue-rgb.jpg\"><\/a><br \/><a href=\"https:\/\/mms.businesswire.com\/media\/20230810398312\/es\/1863766\/5\/Apeiro-Design-logo-linear-blue-rgb.jpg\"><img decoding=\"async\" src=\"https:\/\/mms.businesswire.com\/media\/20230810398312\/es\/1863766\/22\/Apeiro-Design-logo-linear-blue-rgb.jpg\"><\/a><\/p>\n<p>\n\u201cLa fuerza de la empresa siempre ha residido en el enorme talento, la experiencia, la capacidad de dise\u00f1o y la dedicaci\u00f3n de nuestro personal\u201d, asegur\u00f3 el CEO, Steve Friedlander. \u201cApeiro Design reconoce la capacidad del equipo para resolver con \u00e9xito y elegancia los desaf\u00edos de dise\u00f1o m\u00e1s exigentes\u201d.<\/p>\n<p>\nLa vicepresidenta ejecutiva, Patty Glasow, que dirige la pr\u00e1ctica de dise\u00f1o de iluminaci\u00f3n, a\u00f1adi\u00f3: \u201cNuestra nueva marca celebra la creatividad sin l\u00edmites y refleja una mentalidad que siempre ha sido fundamental en la cultura de nuestra empresa. Estamos bien posicionados para nuestros pr\u00f3ximos 50 a\u00f1os\u201d.<\/p>\n<p>\n<a target=\"_blank\" href=\"https:\/\/cts.businesswire.com\/ct\/CT?id=smartlink&amp;url=https%3A%2F%2Fapeirodesign.com%2Fpeople%2F&amp;esheet=53521004&amp;newsitemid=20230810398312&amp;lan=es-AR&amp;anchor=Legado&amp;index=2&amp;md5=f3e433163f9fa911115a1a90c5cd7139\" rel=\"nofollow noopener\"><b>Legado<\/b><\/a><\/p>\n<p>\nLa empresa fue fundada en 1972 por S. Leonard Auerbach. Su extraordinario legado sent\u00f3 las bases para el equipo que ahora dirige la empresa y que, trabajando con Len, la convirti\u00f3 en una consultora de dise\u00f1o de iluminaci\u00f3n arquitect\u00f3nica, de teatro y de audio y video reconocida en todo el mundo, con una amplia cartera de proyectos galardonados. En 2002, Auerbach + Associates pas\u00f3 a llamarse Auerbach Pollock Friedlander y Auerbach Glasow, en reconocimiento al crecimiento del bufete y a la apertura de una oficina en Nueva York. En la actualidad, el bufete tiene oficinas en Nueva York, San Francisco y Minneapolis, as\u00ed como en San Antonio (Texas) y Pittsburgh (Pensilvania), y sigue ampliando su presencia geogr\u00e1fica y su capacidad de abarcar una gama a\u00fan m\u00e1s amplia de tipos de proyectos.<\/p>\n<p>\n<a target=\"_blank\" href=\"https:\/\/cts.businesswire.com\/ct\/CT?id=smartlink&amp;url=https%3A%2F%2Fapeirodesign.com%2Fpeople%2F&amp;esheet=53521004&amp;newsitemid=20230810398312&amp;lan=es-AR&amp;anchor=Nuevos+horizontes&amp;index=3&amp;md5=bd17fc8eff730ac82963b47a0da8e1c3\" rel=\"nofollow noopener\"><b>Nuevos horizontes<\/b><\/a><\/p>\n<p>\nCon la vista puesta en los pr\u00f3ximos 50 a\u00f1os, los propietarios de Apeiro Design, Glasow, Friedlander, Tom Neville, Robert Hill y Brad Kisicki, dirigen un equipo central de consultores de dise\u00f1o centrados en soluciones innovadoras y viables para una cartera de clientes en constante expansi\u00f3n cuyas aspiraciones program\u00e1ticas y de dise\u00f1o exigen un enfoque hol\u00edstico e ilustrado.<\/p>\n<p>\n\u201cEstamos encantados de establecer Apeiro Design como nuestra nueva marca y de ampliar nuestros esfuerzos, partiendo de una base bien establecida\u201d, afirm\u00f3 Tom Neville, presidente de la empresa.<\/p>\n<p>\nEl texto original en el idioma fuente de este comunicado es la versi\u00f3n oficial autorizada. Las traducciones solo se suministran como adaptaci\u00f3n y deben cotejarse con el texto en el idioma fuente, que es la \u00fanica versi\u00f3n del texto que tendr\u00e1 un efecto legal.<\/p>\n<p> <b>Contacts<\/b> <\/p>\n<p>\nPara obtener m\u00e1s informaci\u00f3n, pulse solo:<\/p>\n<p>\nDaryl Campbell, coordinador de marketing<br \/>\n<br \/>+1 415.392.7528<br \/>\n<br \/>Correo electr\u00f3nico: <a target=\"_blank\" href=\"mailto:dcampbell@apeirodesign.com\" rel=\"nofollow noopener\">dcampbell@apeirodesign.com<\/a><br \/>Sitio web: <a target=\"_blank\" href=\"https:\/\/cts.businesswire.com\/ct\/CT?id=smartlink&amp;url=http%3A%2F%2Fwww.apeirodesign.com%2F&amp;esheet=53521004&amp;newsitemid=20230810398312&amp;lan=es-AR&amp;anchor=www.apeirodesign.com&amp;index=4&amp;md5=792b011b620a7f25e219a06aa92e9829\" rel=\"nofollow noopener\">www.apeirodesign.com<\/a><\/p>\n<\/div>\n","protected":false},"author":2,"featured_media":4360,"comment_status":"closed","ping_status":"closed","sticky":false,"template":"","format":"standard","meta":{"fifu_image_url":"https:\/\/mms.businesswire.com\/media\/20230810709621\/en\/1863766\/21\/Apeiro-Design-logo-linear-blue-rgb.jpg","fifu_image_alt":"Auerbach Pollock Friedlander y Auerbach Glasow anuncian su cambio de marca a Apeiro Design","footnotes":""},"categories":[44],"tags":[],"class_list":["post-4359","post","type-post","status-publish","format-standard","has-post-thumbnail","hentry","category-business-wire"],"_links":{"self":[{"href":"https:\/\/elmundodelapolitica.com\/v1\/wp-json\/wp\/v2\/posts\/4359","targetHints":{"allow":["GET"]}}],"collection":[{"href":"https:\/\/elmundodelapolitica.com\/v1\/wp-json\/wp\/v2\/posts"}],"about":[{"href":"https:\/\/elmundodelapolitica.com\/v1\/wp-json\/wp\/v2\/types\/post"}],"author":[{"embeddable":true,"href":"https:\/\/elmundodelapolitica.com\/v1\/wp-json\/wp\/v2\/users\/2"}],"replies":[{"embeddable":true,"href":"https:\/\/elmundodelapolitica.com\/v1\/wp-json\/wp\/v2\/comments?post=4359"}],"version-history":[{"count":0,"href":"https:\/\/elmundodelapolitica.com\/v1\/wp-json\/wp\/v2\/posts\/4359\/revisions"}],"wp:featuredmedia":[{"embeddable":true,"href":"https:\/\/elmundodelapolitica.com\/v1\/wp-json\/wp\/v2\/media\/4360"}],"wp:attachment":[{"href":"https:\/\/elmundodelapolitica.com\/v1\/wp-json\/wp\/v2\/media?parent=4359"}],"wp:term":[{"taxonomy":"category","embeddable":true,"href":"https:\/\/elmundodelapolitica.com\/v1\/wp-json\/wp\/v2\/categories?post=4359"},{"taxonomy":"post_tag","embeddable":true,"href":"https:\/\/elmundodelapolitica.com\/v1\/wp-json\/wp\/v2\/tags?post=4359"}],"curies":[{"name":"wp","href":"https:\/\/api.w.org\/{rel}","templated":true}]}}