{"id":4265,"date":"2023-08-04T15:58:01","date_gmt":"2023-08-04T19:58:01","guid":{"rendered":"https:\/\/elmundodelapolitica.com\/v1\/?p=4265"},"modified":"2023-08-04T15:58:01","modified_gmt":"2023-08-04T19:58:01","slug":"idac-y-cusep-formalizan-acuerdo-a-favor-de-la-defensa-nacional-y-la-seguridad-operacional","status":"publish","type":"post","link":"https:\/\/elmundodelapolitica.com\/v1\/idac-y-cusep-formalizan-acuerdo-a-favor-de-la-defensa-nacional-y-la-seguridad-operacional\/","title":{"rendered":"IDAC y CUSEP formalizan acuerdo a favor de la defensa nacional y la seguridad operacional"},"content":{"rendered":"<div>\n<p>Santo Domingo.- El Instituto Dominicano de Aviaci\u00f3n Civil\u00a0<strong>(IDAC)<\/strong>\u00a0y el Cuerpo de Seguridad Presidencial\u00a0<strong>(CUSEP)\u00a0<\/strong>formalizaron un acuerdo de cooperaci\u00f3n para promover diversas\u00a0<strong>iniciativas en materia de defensa, seguridad operacional y seguridad nacional.<\/strong><\/p>\n<div class=\"wp-block-image\">\n<figure class=\"aligncenter size-large\"><img loading=\"lazy\" data-attachment-id=\"31388\" data-permalink=\"https:\/\/elmundodelosnegocios.com.do\/v1\/index.php\/2023\/08\/04\/idac-y-cusep-formalizan-acuerdo-a-favor-de-la-defensa-nacional-y-la-seguridad-operacional\/hector-porcella-junto-al-general-de-brigada-ejercito-nacional-jimmy-arias-grullon\/\" data-orig-file=\"https:\/\/i0.wp.com\/elmundodelosnegocios.com.do\/v1\/wp-content\/uploads\/2023\/08\/Hector-Porcella-junto-al-general-de-brigada-Ejercito-Nacional-Jimmy-Arias-Grullon.jpeg?fit=1300%2C731&amp;ssl=1\" data-orig-size=\"1300,731\" data-comments-opened=\"0\" data-image-meta='{\"aperture\":\"0\",\"credit\":\"\",\"camera\":\"\",\"caption\":\"\",\"created_timestamp\":\"0\",\"copyright\":\"\",\"focal_length\":\"0\",\"iso\":\"0\",\"shutter_speed\":\"0\",\"title\":\"\",\"orientation\":\"0\"}' data-image-title=\"H\u00e9ctor Porcella junto al general de brigada, Ej\u00e9rcito Nacional, Jimmy Arias Grull\u00f3n\" data-image-description=\"&lt;p&gt;H\u00e9ctor Porcella junto al general de brigada, Ej\u00e9rcito Nacional,  Jimmy Arias Grull\u00f3n&lt;\/p&gt;\n\" data-image-caption=\"&lt;p&gt;H\u00e9ctor Porcella junto al general de brigada, Ej\u00e9rcito Nacional,  Jimmy Arias Grull\u00f3n&lt;\/p&gt;\n\" data-medium-file=\"https:\/\/i0.wp.com\/elmundodelosnegocios.com.do\/v1\/wp-content\/uploads\/2023\/08\/Hector-Porcella-junto-al-general-de-brigada-Ejercito-Nacional-Jimmy-Arias-Grullon.jpeg?fit=300%2C169&amp;ssl=1\" data-large-file=\"https:\/\/i0.wp.com\/elmundodelosnegocios.com.do\/v1\/wp-content\/uploads\/2023\/08\/Hector-Porcella-junto-al-general-de-brigada-Ejercito-Nacional-Jimmy-Arias-Grullon.jpeg?fit=1024%2C576&amp;ssl=1\" decoding=\"async\" width=\"1024\" height=\"576\" src=\"https:\/\/i0.wp.com\/elmundodelosnegocios.com.do\/v1\/wp-content\/uploads\/2023\/08\/Hector-Porcella-junto-al-general-de-brigada-Ejercito-Nacional-Jimmy-Arias-Grullon.jpeg?resize=1024,576\" alt=\"H\u00e9ctor Porcella junto al general de brigada, Ej\u00e9rcito Nacional, Jimmy Arias Grull\u00f3n\" class=\"wp-image-31388\" srcset=\"https:\/\/i0.wp.com\/elmundodelosnegocios.com.do\/v1\/wp-content\/uploads\/2023\/08\/Hector-Porcella-junto-al-general-de-brigada-Ejercito-Nacional-Jimmy-Arias-Grullon.jpeg?resize=1024,576&amp;ssl=1 1024w, https:\/\/i0.wp.com\/elmundodelosnegocios.com.do\/v1\/wp-content\/uploads\/2023\/08\/Hector-Porcella-junto-al-general-de-brigada-Ejercito-Nacional-Jimmy-Arias-Grullon.jpeg?resize=300%2C169&amp;ssl=1 300w, https:\/\/i0.wp.com\/elmundodelosnegocios.com.do\/v1\/wp-content\/uploads\/2023\/08\/Hector-Porcella-junto-al-general-de-brigada-Ejercito-Nacional-Jimmy-Arias-Grullon.jpeg?resize=768%2C432&amp;ssl=1 768w, https:\/\/i0.wp.com\/elmundodelosnegocios.com.do\/v1\/wp-content\/uploads\/2023\/08\/Hector-Porcella-junto-al-general-de-brigada-Ejercito-Nacional-Jimmy-Arias-Grullon.jpeg?w=1300&amp;ssl=1 1300w\" sizes=\"auto, (max-width: 1024px) 100vw, 1024px\" data-recalc-dims=\"1\"><figcaption class=\"wp-element-caption\">H\u00e9ctor Porcella junto al general de brigada, Ej\u00e9rcito Nacional,  Jimmy Arias Grull\u00f3n<\/figcaption><\/figure>\n<\/div>\n<p>El acuerdo suscrito por el director general del IDAC,\u00a0<strong>H\u00e9ctor Porcella<\/strong>, y por el jefe del CUSEP, general de brigada, Ej\u00e9rcito Nacional,\u00a0\u00a0<strong>Jimmy Arias Grull\u00f3n<\/strong>, tambi\u00e9n establece el prop\u00f3sito de auspiciar actividades de\u00a0<strong>formaci\u00f3n, prevenci\u00f3n, capacitaci\u00f3n y entrenamiento<\/strong>\u00a0para el personal de las dos instituciones, con impacto directo en los\u00a0<strong>objetivos de seguridad de la Presidencia de la Rep\u00fablica<\/strong>, como instancia superior del Gobierno Nacional, y\u00a0<strong>de la aviaci\u00f3n civil<\/strong>, como sector estrat\u00e9gico del desarrollo econ\u00f3mico del pa\u00eds.<\/p>\n<p>El documento suscrito por las partes consigna el inter\u00e9s de realizar\u00a0<strong>esfuerzos mancomunados<\/strong>\u00a0que permitan desarrollar el mayor grado de cooperaci\u00f3n y de coordinaci\u00f3n de acciones tendentes a lograr un\u00a0<strong>eficaz y eficiente desempe\u00f1o\u00a0<\/strong>en las responsabilidades inherentes a cada Instituci\u00f3n en los\u00a0<strong>temas de defensa y seguridad en todo el territorio nacional.<\/strong><\/p>\n<figure class=\"wp-block-image\"><img decoding=\"async\" src=\"https:\/\/i0.wp.com\/presidencia.gob.do\/sites\/default\/files\/inline-images\/Firma acuerdo IDAC y el CUSEP.jpeg?w=1110&amp;ssl=1\" alt=\"\" data-recalc-dims=\"1\"><\/figure>\n<p>Tras la firma del protocolo, Porcella explic\u00f3 que las entidades integrar\u00e1n\u00a0<strong>comisiones de trabajo<\/strong>\u00a0en diversas \u00e1reas para llevar a cabo las actividades previstas, incluyendo el\u00a0<strong>intercambio previo de informaciones<\/strong>\u00a0para poner en marcha los planes de<strong>\u00a0capacitaci\u00f3n t\u00e9cnico-operacional en aspectos aeron\u00e1uticos.<\/strong><\/p>\n<p>Explic\u00f3 que el acuerdo dedicar\u00e1 un especial inter\u00e9s a trabajar en el\u00a0<strong>seguimiento y operaci\u00f3n de las aeronaves no tripuladas<\/strong>, conocidas como\u00a0<strong>drones<\/strong>, que tienen una implicaci\u00f3n importante en materia de seguridad, tanto para la aviaci\u00f3n como para la seguridad nacional, y espec\u00edficamente la seguridad presidencial.<\/p>\n<p>El general Arias Grull\u00f3n indic\u00f3 que el acuerdo cuenta con el\u00a0<strong>apoyo y autorizaci\u00f3n de la Presidencia de la Rep\u00fablica y del Ministerio de Defensa<\/strong>, instancias que ser\u00e1n debidamente informadas sobre su ejecuci\u00f3n y desarrollo.<\/p>\n<\/div>\n","protected":false},"excerpt":{"rendered":"<p>Santo Domingo.- El Instituto Dominicano de Aviaci\u00f3n Civil\u00a0(IDAC)\u00a0y el Cuerpo de Seguridad Presidencial\u00a0(CUSEP)\u00a0formalizaron un acuerdo de cooperaci\u00f3n para promover diversas\u00a0iniciativas en materia de defensa, seguridad operacional y seguridad nacional. H\u00e9ctor&hellip; <\/p>\n","protected":false},"author":2,"featured_media":4266,"comment_status":"closed","ping_status":"closed","sticky":false,"template":"","format":"standard","meta":{"fifu_image_url":"https:\/\/i0.wp.com\/elmundodelosnegocios.com.do\/v1\/wp-content\/uploads\/2023\/08\/Hector-Porcella-junto-al-general-de-brigada-Ejercito-Nacional-Jimmy-Arias-Grullon.jpeg?resize=1024,576","fifu_image_alt":"IDAC y CUSEP formalizan acuerdo a favor de la defensa nacional y la seguridad operacional","footnotes":""},"categories":[63],"tags":[],"class_list":["post-4265","post","type-post","status-publish","format-standard","has-post-thumbnail","hentry","category-actualidad"],"_links":{"self":[{"href":"https:\/\/elmundodelapolitica.com\/v1\/wp-json\/wp\/v2\/posts\/4265","targetHints":{"allow":["GET"]}}],"collection":[{"href":"https:\/\/elmundodelapolitica.com\/v1\/wp-json\/wp\/v2\/posts"}],"about":[{"href":"https:\/\/elmundodelapolitica.com\/v1\/wp-json\/wp\/v2\/types\/post"}],"author":[{"embeddable":true,"href":"https:\/\/elmundodelapolitica.com\/v1\/wp-json\/wp\/v2\/users\/2"}],"replies":[{"embeddable":true,"href":"https:\/\/elmundodelapolitica.com\/v1\/wp-json\/wp\/v2\/comments?post=4265"}],"version-history":[{"count":0,"href":"https:\/\/elmundodelapolitica.com\/v1\/wp-json\/wp\/v2\/posts\/4265\/revisions"}],"wp:featuredmedia":[{"embeddable":true,"href":"https:\/\/elmundodelapolitica.com\/v1\/wp-json\/wp\/v2\/media\/4266"}],"wp:attachment":[{"href":"https:\/\/elmundodelapolitica.com\/v1\/wp-json\/wp\/v2\/media?parent=4265"}],"wp:term":[{"taxonomy":"category","embeddable":true,"href":"https:\/\/elmundodelapolitica.com\/v1\/wp-json\/wp\/v2\/categories?post=4265"},{"taxonomy":"post_tag","embeddable":true,"href":"https:\/\/elmundodelapolitica.com\/v1\/wp-json\/wp\/v2\/tags?post=4265"}],"curies":[{"name":"wp","href":"https:\/\/api.w.org\/{rel}","templated":true}]}}