{"id":4255,"date":"2023-08-03T18:31:52","date_gmt":"2023-08-03T22:31:52","guid":{"rendered":"https:\/\/elmundodelapolitica.com\/v1\/?p=4255"},"modified":"2023-08-03T18:31:52","modified_gmt":"2023-08-03T22:31:52","slug":"dedican-expo-vega-real-2023-a-la-dga-por-ser-ente-que-conecta-y-facilita-el-comercio-en-busca-de-convertir-rd-en-hub-logistico-de-la-region","status":"publish","type":"post","link":"https:\/\/elmundodelapolitica.com\/v1\/dedican-expo-vega-real-2023-a-la-dga-por-ser-ente-que-conecta-y-facilita-el-comercio-en-busca-de-convertir-rd-en-hub-logistico-de-la-region\/","title":{"rendered":"Dedican \u201cExpo Vega Real 2023\u201d a la DGA por ser ente que conecta y facilita el comercio en busca de convertir RD en hub log\u00edstico de la regi\u00f3n"},"content":{"rendered":"<div>\n<p>La Vega \u2013 Con la participaci\u00f3n de\u00a0<strong>m\u00e1s de 250 empresas nacionales<\/strong>\u00a0y con el lema \u201c<strong>Conectando Empresas, Facilitando el Comercio\u201d,<\/strong>\u00a0se dio apertura a la vig\u00e9sima s\u00e9ptima edici\u00f3n de\u00a0<strong>Expo Vega Real 2023,<\/strong>\u00a0uno de los eventos comerciales m\u00e1s emblem\u00e1ticos del Cibao, dedicada este a\u00f1o a la\u00a0<strong>Direcci\u00f3n General de Aduanas (DGA),<\/strong>\u00a0por lo que cont\u00f3 con la participaci\u00f3n de su director,\u00a0<strong>Eduardo Sanz Lovat\u00f3n, como orador principal.\u00a0<\/strong><\/p>\n<div class=\"wp-block-image\">\n<figure class=\"aligncenter size-large\"><img loading=\"lazy\" data-attachment-id=\"31383\" data-permalink=\"https:\/\/elmundodelosnegocios.com.do\/v1\/index.php\/2023\/08\/03\/dedican-expo-vega-real-2023-a-la-dga-por-ser-ente-que-conecta-y-facilita-el-comercio-en-busca-de-convertir-rd-en-hub-logistico-de-la-region\/3-1-7\/\" data-orig-file=\"https:\/\/i0.wp.com\/elmundodelosnegocios.com.do\/v1\/wp-content\/uploads\/2023\/08\/3-1.jpg?fit=1300%2C731&amp;ssl=1\" data-orig-size=\"1300,731\" data-comments-opened=\"0\" data-image-meta='{\"aperture\":\"0\",\"credit\":\"\",\"camera\":\"\",\"caption\":\"\",\"created_timestamp\":\"0\",\"copyright\":\"\",\"focal_length\":\"0\",\"iso\":\"0\",\"shutter_speed\":\"0\",\"title\":\"\",\"orientation\":\"0\"}' data-image-title=\"3-1\" data-image-description=\"\" data-image-caption=\"\" data-medium-file=\"https:\/\/i0.wp.com\/elmundodelosnegocios.com.do\/v1\/wp-content\/uploads\/2023\/08\/3-1.jpg?fit=300%2C169&amp;ssl=1\" data-large-file=\"https:\/\/i0.wp.com\/elmundodelosnegocios.com.do\/v1\/wp-content\/uploads\/2023\/08\/3-1.jpg?fit=1024%2C576&amp;ssl=1\" decoding=\"async\" width=\"1024\" height=\"576\" src=\"https:\/\/i0.wp.com\/elmundodelosnegocios.com.do\/v1\/wp-content\/uploads\/2023\/08\/3-1-1024x576.jpg?resize=1024,576&amp;ssl=1\" alt=\"\" class=\"wp-image-31383\" srcset=\"https:\/\/i0.wp.com\/elmundodelosnegocios.com.do\/v1\/wp-content\/uploads\/2023\/08\/3-1.jpg?resize=1024%2C576&amp;ssl=1 1024w, https:\/\/i0.wp.com\/elmundodelosnegocios.com.do\/v1\/wp-content\/uploads\/2023\/08\/3-1.jpg?resize=300%2C169&amp;ssl=1 300w, https:\/\/i0.wp.com\/elmundodelosnegocios.com.do\/v1\/wp-content\/uploads\/2023\/08\/3-1.jpg?resize=768%2C432&amp;ssl=1 768w, https:\/\/i0.wp.com\/elmundodelosnegocios.com.do\/v1\/wp-content\/uploads\/2023\/08\/3-1.jpg?w=1300&amp;ssl=1 1300w\" sizes=\"auto, (max-width: 1024px) 100vw, 1024px\" data-recalc-dims=\"1\"><\/figure>\n<\/div>\n<p><strong>La C\u00e1mara de Comercio y Producci\u00f3n de La Vega<\/strong>\u00a0seleccion\u00f3 a la instituci\u00f3n con el prop\u00f3sito de destacar la\u00a0<strong>relevancia que tiene Aduanas como entidad que facilita el comercio.\u00a0<\/strong><\/p>\n<p>La se\u00f1ora\u00a0<strong>Odil Morilla<\/strong>, presidenta de la C\u00e1mara de Comercio y Producci\u00f3n de La Vega, entidad que organiza la feria, en su discurso\u00a0<strong>felicit\u00f3 al director de la DGA por su compromiso y arduo trabajo<\/strong>\u00a0en la transformaci\u00f3n de la Aduana dominicana.\u00a0<\/p>\n<p>As\u00ed lo indic\u00f3:\u00a0<em>\u201cSe hace necesario un esfuerzo conjunto para aumentar los niveles de formalizaci\u00f3n de las nuevas empresas, tratando de lograr un proceso de reducci\u00f3n de costos, accesibilidad y facilidad, para sacar de la informalidad a m\u00e1s del 40 % de las empresas dominicanas\u201d,<\/em>\u00a0expres\u00f3 Morilla.\u00a0<\/p>\n<p>Durante el acto inaugural, el presidente de la Feria,\u00a0<strong>Ram\u00f3n de Jes\u00fas Contreras<\/strong>, destac\u00f3 que\u00a0<em>\u201cLa Vega es y ser\u00e1, siempre, un referente de productividad y de desarrollo, y desde este escenario estamos reafirmado nuestro compromiso\u201d.\u00a0<\/em>\u00a0<\/p>\n<p>El director general de Aduanas, Sanz Lovat\u00f3n, inicio su alocuci\u00f3n ponderando el\u00a0<strong>honor que representa<\/strong>\u00a0formar parte de la\u00a0<strong>27.\u00aa edici\u00f3n de Expo Vega 2023<\/strong>.\u00a0<\/p>\n<p>Su conferencia abri\u00f3 resaltando los logros de la gesti\u00f3n, ya que,\u00a0<strong>por primera vez<\/strong>\u00a0en la historia, la Rep\u00fablica Dominicana logr\u00f3 cumplir el\u00a0<strong>100 % de los compromisos del Acuerdo de Facilitaci\u00f3n de Comercio (AFC)<\/strong>\u00a0que firm\u00f3 la DGA con la Organizaci\u00f3n Mundial de Comercio (OMC) en el 2013, durante la Conferencia Ministerial de Bali.\u00a0<\/p>\n<p>Adem\u00e1s, con su notable nivel de cumplimiento, fue el\u00a0<strong>octavo pa\u00eds<\/strong>\u00a0de Latinoam\u00e9rica en alcanzar el 100 % de los compromisos del AFC. A la fecha,\u00a0<strong>solo 80 de 168 pa\u00edses<\/strong>\u00a0han logrado este 100 % de sus compromisos ante la OMC.\u00a0<\/p>\n<p><strong>La Ley de Aduanas<\/strong>\u00a0<\/p>\n<p>En la actual gesti\u00f3n se ha logrado que,\u00a0<strong>luego de 68 a\u00f1os<\/strong>, la legislaci\u00f3n que regula aduanas del pa\u00eds haya sido modificada y actualizada. Hoy, Rep\u00fablica Dominicana cuenta con la\u00a0<strong>Ley 168-21 acorde con los est\u00e1ndares internacionales y alineada con los nuevos tiempos.<\/strong><strong>\u00a0<\/strong><\/p>\n<p><strong>Hub Log\u00edstico<\/strong>\u00a0<\/p>\n<p>La log\u00edstica es una\u00a0<strong>industria fundamental<\/strong>\u00a0para el funcionamiento de la\u00a0<strong>econom\u00eda global<\/strong>. Sin duda, el desarrollo log\u00edstico en el pa\u00eds es una gran oportunidad, ya que cada d\u00eda abre una ventana de posibilidades a\u00a0<strong>nuevos sectores productivos para insertarnos en el comercio global.\u00a0<\/strong><\/p>\n<p>El pa\u00eds cuenta con la\u00a0<strong>mejor conexi\u00f3n a\u00e9rea de la regi\u00f3n y le sigue por Panam\u00e1<\/strong>. Seg\u00fan el informe de conectividad a\u00e9rea del Banco Mundial, la Rep\u00fablica Dominicana ocupa el\u00a0<strong>puesto 55 en el mundo y el 6 en Am\u00e9rica Latina.<\/strong><strong>\u00a0<\/strong><\/p>\n<p><em>\u201cNuestra demanda potencial est\u00e1 en EE. UU. Se estima que para el 2025 se necesitar\u00e1n 93 millones de m2 de espacio de almacenamiento debido al crecimiento del comercio electr\u00f3nico\u201d,<\/em>\u00a0asegur\u00f3 Sanz Lovat\u00f3n.\u00a0<\/p>\n<p><strong>Despacho en 24 Horas<\/strong>\u00a0<\/p>\n<p>El Despacho en 24 Horas\u00a0<strong>(D24H)<\/strong>\u00a0representa una meta importante para el pa\u00eds. Es un proyecto que se logra con la\u00a0<strong>unificaci\u00f3n de todos los sectores involucrados<\/strong>\u00a0en el comercio. Su cumplimiento acerca al pa\u00eds a convertirse en<strong>\u00a0el hub log\u00edstico de la regi\u00f3n<\/strong>.\u00a0<\/p>\n<p><em>\u201cEl D24H beneficia en ahorro de costos, planificaci\u00f3n y liderazgo en innovaci\u00f3n. Adem\u00e1s, posicionar\u00e1 a la Rep\u00fablica Dominicana como un destino estrat\u00e9gico para inversi\u00f3n extranjera\u201d\u00a0<\/em>manifest\u00f3 Sanz Lovat\u00f3n.\u00a0<\/p>\n<p><strong>M\u00e1s de 40,000 contenedores despachados hasta la fecha en 24 horas o menos.\u202f<\/strong><strong>\u00a0<\/strong><\/p>\n<p>El D24H ha beneficiado a<strong>\u00a06,257 importadores<\/strong>, de los cuales el\u00a0<strong>68 % son peque\u00f1as y medianas empresas<\/strong>. Tambi\u00e9n, se observan\u00a0<strong>m\u00e1s de 40 mejoras tecnol\u00f3gicas<\/strong>\u00a0aplicadas dentro de los sistemas de la DGA, igual que m\u00e1s del\u00a0<strong>200 % de mejoras en los manifiestos anticipados por parte de las navieras.\u202f\u202f\u00a0<\/strong><\/p>\n<p>Por otro lado, la\u00a0<strong>homologaci\u00f3n<\/strong>\u00a0entre el programa\u00a0<strong>OEA<\/strong>\u00a0de la Rep\u00fablica Dominicana y el\u00a0<strong>C-TPAT<\/strong>\u00a0trae consigo\u00a0<strong>buenas pr\u00e1cticas y est\u00e1ndares de cumplimiento internacional<\/strong>, lo cual fortalece la competitividad de las empresas certificadas como OEA en el pa\u00eds.\u00a0<\/p>\n<p><strong>VUCE<\/strong><strong>\u00a0<\/strong><\/p>\n<p>Es la plataforma para\u00a0<strong>gestionar los permisos<\/strong>\u00a0que requieren algunas mercanc\u00edas, su implementaci\u00f3n permite a todo importador o exportador realizar los tr\u00e1mites antes o despu\u00e9s de la\u00a0<strong>Declaraci\u00f3n \u00danica Aduanera (DUA).\u00a0<\/strong><\/p>\n<p>Esta contempla\u00a0<strong>44 entidades conectadas y 298 servicios<\/strong>. As\u00ed mismo,\u00a0<strong>VUCE APP<\/strong>\u00a0tiene un total de\u00a0<strong>5,000 importadores y 1,000 exportadores conectados.\u00a0<\/strong>\u00a0<\/p>\n<p>Esta plataforma permite la<strong>\u00a0reducci\u00f3n de tiempo<\/strong>\u00a0de aprobaci\u00f3n de seis d\u00edas y nueve horas\u00a0<strong>a dos d\u00edas y quince horas<\/strong>. El 63 % de las declaraciones se hicieron anticipadas.\u00a0<\/p>\n<p><strong>Rayos X<\/strong><strong>\u00a0<\/strong><\/p>\n<p><strong>En el puerto de Haina<\/strong>:\u202f El 94 % de la carga que entra al pa\u00eds es revisada por rayos X.\u202f\u202fEste m\u00e9todo de inspecci\u00f3n no intrusiva\u00a0<strong>logr\u00f3 disminuir en un 62.52 % las inspecciones\u202ffiscales.\u202f\u202f\u202f<\/strong><strong>\u00a0<\/strong><\/p>\n<p><strong>El puerto multimodal DP World Caucedo<\/strong>\u00a0contar\u00e1 con\u00a0<strong>tres nuevos esc\u00e1neres<\/strong>\u00a0de contenedores con tecnolog\u00eda de rayos X, que ser\u00e1n instalados pr\u00f3ximamente en la terminal portuaria para la inspecci\u00f3n no intrusiva del 100 % de la carga que entra y sale del pa\u00eds por ese puerto.\u00a0<\/p>\n<p><strong>Sobre Expo Vega<\/strong>\u00a0<\/p>\n<p>Expo Vega Real 2023 es una de las m\u00e1s importantes ferias comerciales del Cibao, como espacio para que los\u00a0<strong>diferentes sectores empresariales<\/strong>\u00a0aprovechen la oportunidad de presentar sus\u00a0<strong>productos y servicios.\u00a0<\/strong><\/p>\n<p>Como cada a\u00f1o, Expo Vega Real, cont\u00f3 con espacios de exposici\u00f3n, promoci\u00f3n y ventas de productos y servicios, adem\u00e1s de \u00e1reas de esparcimiento para la familia, as\u00ed como cientos de ofertas disponibles en el recinto ferial y desde los comercios participantes. Con ello aport\u00f3 a la\u00a0<strong>din\u00e1mica comercial de la provincia<\/strong>, creando alianzas entre s\u00ed para potenciar el alcance y su competitividad.<\/p>\n<\/div>\n","protected":false},"excerpt":{"rendered":"<p>La Vega \u2013 Con la participaci\u00f3n de\u00a0m\u00e1s de 250 empresas nacionales\u00a0y con el lema \u201cConectando Empresas, Facilitando el Comercio\u201d,\u00a0se dio apertura a la vig\u00e9sima s\u00e9ptima edici\u00f3n de\u00a0Expo Vega Real 2023,\u00a0uno&hellip; <\/p>\n","protected":false},"author":2,"featured_media":4256,"comment_status":"closed","ping_status":"closed","sticky":false,"template":"","format":"standard","meta":{"fifu_image_url":"https:\/\/i0.wp.com\/elmundodelosnegocios.com.do\/v1\/wp-content\/uploads\/2023\/08\/3-1-1024x576.jpg?resize=1024,576&ssl=1","fifu_image_alt":"Dedican \u201cExpo Vega Real 2023\u201d a la DGA por ser ente que conecta y facilita el comercio en busca de convertir RD en hub log\u00edstico de la regi\u00f3n","footnotes":""},"categories":[63],"tags":[],"class_list":["post-4255","post","type-post","status-publish","format-standard","has-post-thumbnail","hentry","category-actualidad"],"_links":{"self":[{"href":"https:\/\/elmundodelapolitica.com\/v1\/wp-json\/wp\/v2\/posts\/4255","targetHints":{"allow":["GET"]}}],"collection":[{"href":"https:\/\/elmundodelapolitica.com\/v1\/wp-json\/wp\/v2\/posts"}],"about":[{"href":"https:\/\/elmundodelapolitica.com\/v1\/wp-json\/wp\/v2\/types\/post"}],"author":[{"embeddable":true,"href":"https:\/\/elmundodelapolitica.com\/v1\/wp-json\/wp\/v2\/users\/2"}],"replies":[{"embeddable":true,"href":"https:\/\/elmundodelapolitica.com\/v1\/wp-json\/wp\/v2\/comments?post=4255"}],"version-history":[{"count":0,"href":"https:\/\/elmundodelapolitica.com\/v1\/wp-json\/wp\/v2\/posts\/4255\/revisions"}],"wp:featuredmedia":[{"embeddable":true,"href":"https:\/\/elmundodelapolitica.com\/v1\/wp-json\/wp\/v2\/media\/4256"}],"wp:attachment":[{"href":"https:\/\/elmundodelapolitica.com\/v1\/wp-json\/wp\/v2\/media?parent=4255"}],"wp:term":[{"taxonomy":"category","embeddable":true,"href":"https:\/\/elmundodelapolitica.com\/v1\/wp-json\/wp\/v2\/categories?post=4255"},{"taxonomy":"post_tag","embeddable":true,"href":"https:\/\/elmundodelapolitica.com\/v1\/wp-json\/wp\/v2\/tags?post=4255"}],"curies":[{"name":"wp","href":"https:\/\/api.w.org\/{rel}","templated":true}]}}