{"id":4252,"date":"2023-08-03T18:29:49","date_gmt":"2023-08-03T22:29:49","guid":{"rendered":"https:\/\/elmundodelapolitica.com\/v1\/?p=4252"},"modified":"2023-08-03T18:29:51","modified_gmt":"2023-08-03T22:29:51","slug":"vicepresidenta-pena-encabeza-dialogos-del-desarrollo-para-transformacion-economica-region-enriquillo","status":"publish","type":"post","link":"https:\/\/elmundodelapolitica.com\/v1\/vicepresidenta-pena-encabeza-dialogos-del-desarrollo-para-transformacion-economica-region-enriquillo\/","title":{"rendered":"Vicepresidenta Pe\u00f1a encabeza Di\u00e1logos del Desarrollo para transformaci\u00f3n econ\u00f3mica regi\u00f3n Enriquillo"},"content":{"rendered":"\n<p>Barahona.- Con la presencia de la&nbsp;<strong>vicepresidenta Raquel Pe\u00f1a<\/strong>, el Ministerio de Econom\u00eda, Planificaci\u00f3n y Desarrollo&nbsp;<strong>(MEPyD)<\/strong>&nbsp;llev\u00f3 a cabo la&nbsp;<strong>tercera edici\u00f3n del espacio Di\u00e1logos del Desarrollo<\/strong>, la cual se centr\u00f3 en abordar la transformaci\u00f3n econ\u00f3mica de la&nbsp;<strong>regi\u00f3n Enriquillo<\/strong>, integrada por las provincias&nbsp;<strong>Barahona, Bahoruco, Pedernales e Independencia<\/strong>, iniciativa que el Gobierno promueve con el apoyo de&nbsp;<strong>sectores productivos y la sociedad civil.<\/strong><\/p>\n\n\n\n<p>La vicemandataria sostuvo que estos di\u00e1logos se han convertido en una plataforma significativa para&nbsp;<strong>consensuar las acciones y pol\u00edticas p\u00fablicas necesarias,<\/strong>&nbsp;no solo para mantener el ritmo de crecimiento y la diversificaci\u00f3n de la econom\u00eda dominicana, sino, sobre todo, para encauzarla por la senda de la&nbsp;<strong>redistribuci\u00f3n de la riqueza con equidad y transparencia.<\/strong><\/p>\n\n\n\n<p><em>\u201cPara nosotros es de vital importancia que el resultado de estos encuentros nos ayude a continuar reduciendo la desigualdad, especialmente aquella que afecta agudamente a nuestras mujeres y j\u00f3venes\u201d,<\/em>&nbsp;expres\u00f3.<\/p>\n\n\n\n<p>Pe\u00f1a afirm\u00f3 que la regi\u00f3n Enriquillo y la zona fronteriza son&nbsp;<strong>territorios de sumo inter\u00e9s para el Gobierno<\/strong>, lo que se ha evidenciado con la aprobaci\u00f3n de la&nbsp;<strong>nueva ley de desarrollo fronterizo<\/strong>&nbsp;y la formulaci\u00f3n de la Estrategia de Desarrollo para la Zona Fronteriza denominada&nbsp;<strong>Mi Frontera RD<\/strong>.<\/p>\n\n\n\n<p>Indic\u00f3 que en 2022, el Gobierno destin\u00f3&nbsp;<strong>m\u00e1s del doble de recursos en proyectos de inversi\u00f3n p\u00fablica<\/strong>&nbsp;en la regi\u00f3n Enriquillo de lo que se invirti\u00f3, en promedio, entre 2016 y 2019. Precis\u00f3 que en las provincias Bahoruco y Barahona fue casi el doble, en Independencia la inversi\u00f3n fue dos veces mayor y en Pedernales casi se triplic\u00f3.<\/p>\n\n\n\n<figure class=\"wp-block-image\"><img decoding=\"async\" src=\"https:\/\/presidencia.gob.do\/sites\/default\/files\/inline-images\/_80I1030.JPG\" alt=\"\"\/><\/figure>\n\n\n\n<p><strong>El ministro P\u00e1vel Isa Contreras<\/strong>&nbsp;destac\u00f3 la importancia de trabajar desde los territorios y conocer&nbsp;<strong>la realidad de sus habitantes<\/strong>&nbsp;para asegurar que la inversi\u00f3n p\u00fablica se traduzca efectivamente en una&nbsp;<strong>mejora en la calidad de vida<\/strong>&nbsp;de la gente.<\/p>\n\n\n\n<p><em>\u201cEl di\u00e1logo debe ser continuo, debemos hablar todo el tiempo, necesitamos escucharlos continuamente porque esa es la forma en la que podemos empujar al Gobierno a hacer mejor su trabajo en esta regi\u00f3n\u201d,<\/em>&nbsp;manifest\u00f3 el economista e investigador.<\/p>\n\n\n\n<p>Plante\u00f3 que la regi\u00f3n Enriquillo requiere de una transformaci\u00f3n de su econom\u00eda que implique&nbsp;<strong>modernizaci\u00f3n y diversificaci\u00f3n<\/strong>&nbsp;de su aparato productivo, en armon\u00eda con&nbsp;<strong>protecci\u00f3n del medioambiente<\/strong>.<\/p>\n\n\n\n<p><em>\u201cLa naturaleza, junto con la gente, es el gran activo de esta regi\u00f3n. Por eso, no debemos promover la econom\u00eda en detrimento, sino protegiendo el medioambiente, el agua y la biodiversidad\u201d,<\/em>&nbsp;sostuvo Isa Contreras.<\/p>\n\n\n\n<p>Explic\u00f3 que con el turismo en Pedernales como locomotora, el Gobierno ha lanzado el&nbsp;<strong>proyecto de desarrollo econ\u00f3mico regional m\u00e1s ambicioso<\/strong>&nbsp;que se haya jam\u00e1s desplegado en el pa\u00eds.<\/p>\n\n\n\n<p><em>\u201cAdem\u00e1s de las actividades ecotur\u00edsticas en Pedernales, el esfuerzo deber\u00e1 dar un enorme empuje a la agricultura y la agroindustria en Bahoruco, Independencia y Barahona, al turismo en el lago Enriquillo y a las actividades comerciales y de almacenamiento, transporte y log\u00edstica en Barahona\u201d<\/em>, precis\u00f3 el economista e investigador.<\/p>\n\n\n\n<figure class=\"wp-block-image\"><img decoding=\"async\" src=\"https:\/\/presidencia.gob.do\/sites\/default\/files\/inline-images\/_80I1195.JPG\" alt=\"\"\/><\/figure>\n\n\n\n<p><strong>Proyectos definidos con la gente<\/strong><\/p>\n\n\n\n<p>El ministro de Econom\u00eda detall\u00f3 los&nbsp;<strong>proyectos transformadores, definidos junto a los habitantes de estas provincias<\/strong>, que contribuir\u00edan a aprovechar las potencialidades econ\u00f3micas de los territorios y a articular sus econom\u00edas.<\/p>\n\n\n\n<p><strong>En Bahoruco,<\/strong>&nbsp;indic\u00f3 el ministro Isa Contreras, se propone impulsar un&nbsp;<strong>centro agroindustrial&nbsp;<\/strong>que logre capturar la producci\u00f3n agr\u00edcola, cuyos mercados potenciales son la propia regi\u00f3n Enriquillo, los mercados fronterizos, el resto del pa\u00eds y los mercados externos.<\/p>\n\n\n\n<p>A\u00f1adi\u00f3 que&nbsp;<strong>en Independencia<\/strong>&nbsp;se plantea promover una zona estrat\u00e9gica para el desarrollo transfronterizo destinada a&nbsp;<strong>operaciones de transporte y de log\u00edstica<\/strong>&nbsp;que busca&nbsp;<strong>ordenar el comercio y explotar m\u00e1s el potencial del comercio binacional.<\/strong><\/p>\n\n\n\n<p>Se\u00f1al\u00f3 que para&nbsp;<strong>Pedernales<\/strong>&nbsp;se ha propuesto articular el&nbsp;<strong>Sistema Tur\u00edstico Enriquillo Sur,<\/strong>&nbsp;un circuito que conecte el proyecto de desarrollo tur\u00edstico de Cabo Rojo, con el pueblo de Pedernales y los atractivos del sistema de \u00e1reas protegidas de la provincia.<\/p>\n\n\n\n<p><em>\u201cPartiendo de las capacidades ya existentes, en Barahona proponemos estructurar el Parque Multimodal Enriquillo Este, con el prop\u00f3sito de impulsar operaciones log\u00edsticas, de almacenamiento, de transporte y de otros servicios que den soporte al desarrollo econ\u00f3mico en toda la regi\u00f3n\u201d<\/em>, agreg\u00f3 Isa Contreras.<\/p>\n\n\n\n<p>Estas iniciativas hab\u00edan sido presentadas a los residentes de estas demarcaciones durante los&nbsp;<strong>cuatro Di\u00e1logos Provinciales de Desarrollo que el Ministerio de Econom\u00eda organiz\u00f3 el mes pasado.<\/strong><\/p>\n\n\n\n<figure class=\"wp-block-image\"><img decoding=\"async\" src=\"https:\/\/presidencia.gob.do\/sites\/default\/files\/inline-images\/_80I1326.JPG\" alt=\"\"\/><\/figure>\n\n\n\n<p><strong>Participaciones<\/strong><\/p>\n\n\n\n<p>Este espacio de&nbsp;<strong>intercambio de ideas y propuestas&nbsp;<\/strong>sobre el futuro de la regi\u00f3n Enriquillo tuvo lugar en el recinto de la Universidad Aut\u00f3noma de Santo Domingo&nbsp;<strong>(UASD)&nbsp;<\/strong>en Barahona<strong>&nbsp;<\/strong>y tambi\u00e9n cont\u00f3 con palabras del director de este recinto,&nbsp;<strong>Manuel de la Cruz<\/strong>, y la gobernadora provincial de Barahona,&nbsp;<strong>Genara Gonz\u00e1lez Marmolejos<\/strong>, quien fue acompa\u00f1ada de la gobernadora de Bahoruco,&nbsp;<strong>Juana Mateo<\/strong>;&nbsp;<strong>Altagracia Brea<\/strong>, de Pedernales, y&nbsp;<strong>Mercedes Novas,<\/strong>de Independencia.<\/p>\n\n\n\n<p>Conducido por el ministro Isa Contreras, el panel central de esta edici\u00f3n de Di\u00e1logos del Desarrollo tuvo de participantes a&nbsp;<strong>Leonardo Mercedes<\/strong>, coordinador de la Coalici\u00f3n Enriquillo, con sede en Barahona;&nbsp;<strong>Minerva Montero Minaya<\/strong>, coordinadora de la Extensi\u00f3n de Pedernales de la Universidad Cat\u00f3lica Tecnol\u00f3gica de Barahona&nbsp;<strong>(UCATEBA)<\/strong>;&nbsp;<strong>Nelina Trinidad<\/strong>, funcionaria t\u00e9cnica del Distrito Educativo 18-04 y presidenta de la Junta de Vecinos de Los Espartillos, en Jiman\u00ed, Independencia, as\u00ed como&nbsp;<strong>Faustino Reyes D\u00edaz<\/strong>, coordinador del N\u00facleo de Caficultores y Agricultores de la Sierra de Neiba, Bahoruco.<\/p>\n","protected":false},"excerpt":{"rendered":"<p>Barahona.- Con la presencia de la&nbsp;vicepresidenta Raquel Pe\u00f1a, el Ministerio de Econom\u00eda, Planificaci\u00f3n y Desarrollo&nbsp;(MEPyD)&nbsp;llev\u00f3 a cabo la&nbsp;tercera edici\u00f3n del espacio Di\u00e1logos del Desarrollo, la cual se centr\u00f3 en abordar&hellip; <\/p>\n","protected":false},"author":2,"featured_media":4253,"comment_status":"open","ping_status":"open","sticky":false,"template":"","format":"standard","meta":{"fifu_image_url":"","fifu_image_alt":"","footnotes":""},"categories":[8],"tags":[],"class_list":["post-4252","post","type-post","status-publish","format-standard","has-post-thumbnail","hentry","category-politica-economica"],"_links":{"self":[{"href":"https:\/\/elmundodelapolitica.com\/v1\/wp-json\/wp\/v2\/posts\/4252","targetHints":{"allow":["GET"]}}],"collection":[{"href":"https:\/\/elmundodelapolitica.com\/v1\/wp-json\/wp\/v2\/posts"}],"about":[{"href":"https:\/\/elmundodelapolitica.com\/v1\/wp-json\/wp\/v2\/types\/post"}],"author":[{"embeddable":true,"href":"https:\/\/elmundodelapolitica.com\/v1\/wp-json\/wp\/v2\/users\/2"}],"replies":[{"embeddable":true,"href":"https:\/\/elmundodelapolitica.com\/v1\/wp-json\/wp\/v2\/comments?post=4252"}],"version-history":[{"count":1,"href":"https:\/\/elmundodelapolitica.com\/v1\/wp-json\/wp\/v2\/posts\/4252\/revisions"}],"predecessor-version":[{"id":4254,"href":"https:\/\/elmundodelapolitica.com\/v1\/wp-json\/wp\/v2\/posts\/4252\/revisions\/4254"}],"wp:featuredmedia":[{"embeddable":true,"href":"https:\/\/elmundodelapolitica.com\/v1\/wp-json\/wp\/v2\/media\/4253"}],"wp:attachment":[{"href":"https:\/\/elmundodelapolitica.com\/v1\/wp-json\/wp\/v2\/media?parent=4252"}],"wp:term":[{"taxonomy":"category","embeddable":true,"href":"https:\/\/elmundodelapolitica.com\/v1\/wp-json\/wp\/v2\/categories?post=4252"},{"taxonomy":"post_tag","embeddable":true,"href":"https:\/\/elmundodelapolitica.com\/v1\/wp-json\/wp\/v2\/tags?post=4252"}],"curies":[{"name":"wp","href":"https:\/\/api.w.org\/{rel}","templated":true}]}}