{"id":4248,"date":"2023-08-03T17:39:41","date_gmt":"2023-08-03T21:39:41","guid":{"rendered":"https:\/\/elmundodelapolitica.com\/v1\/?p=4248"},"modified":"2023-08-03T17:39:41","modified_gmt":"2023-08-03T21:39:41","slug":"presidente-abinader-agradece-a-agentes-de-viajes-y-turoperadores-por-lealtad-y-fidelidad-al-traer-turistas-a-rd","status":"publish","type":"post","link":"https:\/\/elmundodelapolitica.com\/v1\/presidente-abinader-agradece-a-agentes-de-viajes-y-turoperadores-por-lealtad-y-fidelidad-al-traer-turistas-a-rd\/","title":{"rendered":"Presidente Abinader agradece a agentes de viajes y turoperadores por lealtad y fidelidad al traer turistas a RD"},"content":{"rendered":"<div>\n<p>Santo Domingo.-\u00a0<strong>El presidente Luis Abinader<\/strong>\u00a0expres\u00f3 este mi\u00e9rcoles su\u00a0<strong>agradecimiento a los empresarios del sector de turismo<\/strong>\u00a0por su trabajo y aporte a los empleos del pa\u00eds, as\u00ed\u00a0como a los\u00a0<strong>agentes de viajes y turoperadores<\/strong>, por la lealtad y fidelidad que por a\u00f1os han tenido para traer turistas a la Rep\u00fablica Dominicana.<\/p>\n<figure class=\"wp-block-image size-large\"><img loading=\"lazy\" data-attachment-id=\"31380\" data-permalink=\"https:\/\/elmundodelosnegocios.com.do\/v1\/index.php\/2023\/08\/03\/presidente-abinader-agradece-a-agentes-de-viajes-y-turoperadores-por-lealtad-y-fidelidad-al-traer-turistas-a-rd\/whatsapp-image-2023-08-03-at-4-02-16-pm\/\" data-orig-file=\"https:\/\/i0.wp.com\/elmundodelosnegocios.com.do\/v1\/wp-content\/uploads\/2023\/08\/WhatsApp-Image-2023-08-03-at-4.02.16-PM.jpg?fit=1300%2C731&amp;ssl=1\" data-orig-size=\"1300,731\" data-comments-opened=\"0\" data-image-meta='{\"aperture\":\"0\",\"credit\":\"\",\"camera\":\"\",\"caption\":\"\",\"created_timestamp\":\"0\",\"copyright\":\"\",\"focal_length\":\"0\",\"iso\":\"0\",\"shutter_speed\":\"0\",\"title\":\"\",\"orientation\":\"0\"}' data-image-title=\"WhatsApp-Image-2023-08-03-at-4.02.16-PM\" data-image-description=\"\" data-image-caption=\"\" data-medium-file=\"https:\/\/i0.wp.com\/elmundodelosnegocios.com.do\/v1\/wp-content\/uploads\/2023\/08\/WhatsApp-Image-2023-08-03-at-4.02.16-PM.jpg?fit=300%2C169&amp;ssl=1\" data-large-file=\"https:\/\/i0.wp.com\/elmundodelosnegocios.com.do\/v1\/wp-content\/uploads\/2023\/08\/WhatsApp-Image-2023-08-03-at-4.02.16-PM.jpg?fit=1024%2C576&amp;ssl=1\" decoding=\"async\" width=\"1024\" height=\"576\" src=\"https:\/\/i0.wp.com\/elmundodelosnegocios.com.do\/v1\/wp-content\/uploads\/2023\/08\/WhatsApp-Image-2023-08-03-at-4.02.16-PM-1024x576.jpg?resize=1024,576&amp;ssl=1\" alt=\"\" class=\"wp-image-31380\" srcset=\"https:\/\/i0.wp.com\/elmundodelosnegocios.com.do\/v1\/wp-content\/uploads\/2023\/08\/WhatsApp-Image-2023-08-03-at-4.02.16-PM.jpg?resize=1024%2C576&amp;ssl=1 1024w, https:\/\/i0.wp.com\/elmundodelosnegocios.com.do\/v1\/wp-content\/uploads\/2023\/08\/WhatsApp-Image-2023-08-03-at-4.02.16-PM.jpg?resize=300%2C169&amp;ssl=1 300w, https:\/\/i0.wp.com\/elmundodelosnegocios.com.do\/v1\/wp-content\/uploads\/2023\/08\/WhatsApp-Image-2023-08-03-at-4.02.16-PM.jpg?resize=768%2C432&amp;ssl=1 768w, https:\/\/i0.wp.com\/elmundodelosnegocios.com.do\/v1\/wp-content\/uploads\/2023\/08\/WhatsApp-Image-2023-08-03-at-4.02.16-PM.jpg?w=1300&amp;ssl=1 1300w\" sizes=\"auto, (max-width: 1024px) 100vw, 1024px\" data-recalc-dims=\"1\"><\/figure>\n<p>Al encabezar el lanzamiento de\u00a0<strong>DO Travel Rewards<\/strong>, un novedoso\u00a0<strong>programa de lealtad<\/strong>\u00a0global para agentes de viajes\u00a0<strong>emisores de turistas<\/strong>\u00a0hacia Rep\u00fablica Dominicana, el mandatario asegur\u00f3 que seguir\u00e1 trabajando para continuar el fortalecimiento de este sector.<\/p>\n<p>Este programa de lealtad, que tiene como objetivo fidelizar, informar y fortalecer la relaci\u00f3n con\u00a0<strong>m\u00e1s de 7,000 agentes de viajes internacionales<\/strong>, es pionero en la historia del pa\u00eds y reafirma el\u00a0<strong>compromiso<\/strong>\u00a0que tiene el Gobierno de\u00a0<strong>seguir impulsando la llegada de turistas al pa\u00eds.<\/strong><\/p>\n<p><em>\u201cEl turismo apenas est\u00e1 comenzando en la Rep\u00fablica Dominicana. Que va a seguir, seguir\u00e1 creciendo, para llevarles alegr\u00eda, llevar una sonrisa a los turistas que ustedes env\u00edan aqu\u00ed y tambi\u00e9n para que los dominicanos sigan viviendo dignamente del sector turismo\u201d<\/em>, manifest\u00f3 Abinader.<\/p>\n<figure class=\"wp-block-image\"><img decoding=\"async\" src=\"https:\/\/i0.wp.com\/presidencia.gob.do\/sites\/default\/files\/inline-images\/2_4.jpeg?w=1110&amp;ssl=1\" alt=\"\" data-recalc-dims=\"1\"><\/figure>\n<p><em>\u201cUn agradecimiento muy especial a todos ustedes, porque una parte importante de nuestro pa\u00eds trabaja dignamente y se gana el trabajo de cada d\u00eda para sostener a sus familias y lo hacemos con amor y lo hacemos con pasi\u00f3n\u201d,<\/em>\u00a0dijo.\u00a0<\/p>\n<p>Durante la actividad, que se llev\u00f3 a cabo en el Hotel Jaragua ante la presencia de\u00a0<strong>m\u00e1s de 500 agentes de viajes internacionales de todo el continente americano<\/strong>, el presidente Abinader resalt\u00f3 que desde el Gobierno se trabaja siempre para ser\u00a0<strong>innovadores<\/strong>\u00a0en esta y en otras industrias, pero\u00a0<strong>especialmente en el turismo<\/strong>.<\/p>\n<p><em>\u201cY hoy seguimos innovando y esta innovaci\u00f3n es el primer sistema de fidelidad que tiene un pa\u00eds en el mundo y este es el DO Travel Rewards, que gracias a ustedes y el trabajo conjuntamente con nosotros lo vamos a hacer un gran \u00e9xito y al mismo tiempo le vamos a mostrar nuestro agradecimiento a esa lealtad, a esa fidelidad que por a\u00f1os han tenido ustedes de traer turistas a nuestro pa\u00eds\u201d<\/em>, expres\u00f3.<\/p>\n<p>Record\u00f3 que en la pandemia se pudo innovar y hacer\u00a0<strong>el \u00fanico y el primer seguro COVID en el mundo<\/strong>\u00a0para que los turistas no dejaran de visitar el pa\u00eds.\u00a0<em>\u201cLo logramos siendo el pa\u00eds de mayor recuperaci\u00f3n y tambi\u00e9n fuimos bien innovadores despu\u00e9s; tambi\u00e9n certificamos los hoteles con varias compa\u00f1\u00edas internacionales de salud por recomendaci\u00f3n del gabinete de turismo\u201d.<\/em><\/p>\n<p>Asimismo, el jefe de Estado indic\u00f3 que\u00a0<strong>desde el Gobierno se toman este trabajo muy en serio<\/strong>\u00a0y que por eso los niveles en los polos tur\u00edsticos certificados son de los mayores del mundo.<\/p>\n<p><em>\u201cNosotros cuidamos a su gente en tema de seguridad, salud y en todos los \u00f3rdenes, para que su visita a la Rep\u00fablica Dominicana sea una experiencia satisfactoria e inolvidable y eso lo dicen tambi\u00e9n en la mayor\u00eda de las encuestas que les hacemos\u201d,<\/em>\u00a0asegur\u00f3.<\/p>\n<p>El gobernante dijo que esperan que la visita de los turistas a la Rep\u00fablica Dominicana sea como\u00a0<strong>su segunda patria y su segundo hogar<\/strong>\u00a0y que sepan que aqu\u00ed le agradecemos.\u00a0<em>\u201cA ustedes siempre los vamos a escuchar y estamos abiertos a cualquier recomendaci\u00f3n y sugerencia para seguir mejorando para cada d\u00eda buscar y perfeccionar mejor nuestro destino\u201d.<\/em><\/p>\n<figure class=\"wp-block-image\"><img decoding=\"async\" src=\"https:\/\/i0.wp.com\/presidencia.gob.do\/sites\/default\/files\/inline-images\/WhatsApp Image 2023-08-03 at 4.02.19 PM.jpeg?w=1110&amp;ssl=1\" alt=\"\" data-recalc-dims=\"1\"><\/figure>\n<p><strong>Principales agencias de viaje y turoperadores internacionales de Las Am\u00e9ricas<\/strong><\/p>\n<p>De su lado, el ministro de Turismo, David Collado, resalt\u00f3 que en este evento dicen presente\u00a0<strong>las principales agencias de viaje y turoperadores internacionales de las Am\u00e9ricas\u00a0<\/strong>y que los n\u00fameros son impresionantes, con proyecciones de que\u00a0<strong>6.9 millones de turistas<\/strong>\u00a0de Canad\u00e1, Estados Unidos y Latinoam\u00e9rica para este 2023 llegar\u00e1n a la Rep\u00fablica Dominicana.<\/p>\n<p>Apunt\u00f3 que esto significa una generaci\u00f3n de divisas de\u00a0<strong>7,900 millones de d\u00f3lares<\/strong>, divisas netas 5,000 millones de d\u00f3lares,\u00a0<strong>7 % del total de los ingresos fiscales del pa\u00ed<\/strong>s y m\u00e1s de 70,000 habitaciones ocupadas. \u201c<em>9 % del Producto Interno Bruto de la Rep\u00fablica Dominicana lo representan ustedes, las agencias de viajes, los turoperadores de las Am\u00e9ricas que env\u00edan los turistas a nuestro pa\u00eds\u201d.<\/em><\/p>\n<p>En tanto que, el presidente de la Asociaci\u00f3n Nacional de Hoteles y Restaurantes\u00a0<strong>(Asonahores)<\/strong>,\u00a0<strong>David Llibre<\/strong>, expres\u00f3 que esta es una novedosa propuesta que constituye un\u00a0<strong>ejemplo de integraci\u00f3n activa entre sector p\u00fablico y privado.<\/strong><\/p>\n<p>Estuvieron presentes en el acto, el director del IDAC,\u00a0<strong>H\u00e9ctor Porcella<\/strong>; de la JAD,\u00a0<strong>Jos\u00e9 Marte Piantini<\/strong>; del Departamento Aeroportuario,\u00a0<strong>V\u00edctor Pichardo<\/strong>, y de Politur, general\u00a0<strong>Minoru Matsunaga<\/strong>; el vicepresidente de ASONAHORES,\u00a0<strong>Andr\u00e9s Marranzini<\/strong>; la presidenta de la Asociaci\u00f3n de Hoteles de Santo Domingo,\u00a0<strong>Judith Garc\u00eda<\/strong>, y la CEO de Aerodom,\u00a0<strong>M\u00f3nica Infante<\/strong>.<\/p>\n<p>Tambi\u00e9n, el presidente del Consejo de Administraci\u00f3n del Grupo Estrella,\u00a0<strong>Manuel Estrella<\/strong>; de Viva Wyndham Resorts,\u00a0<strong>Rafael Blanco<\/strong>; de Coral Hospitality,\u00a0<strong>Julio Llibre<\/strong>; el miembro de la Junta de Firectores de Asonahores,\u00a0<strong>Javier Tejada<\/strong>; el presidente de ADERES,\u00a0<strong>Omar Cepeda<\/strong>; la directora general de Negocios Tur\u00edsticos del Banco de Reservas,\u00a0<strong>Deyanira Pappaterra<\/strong>; el vicepresidente corporativo del Banco Popular,\u00a0<strong>Juan Mart\u00edn,\u00a0<\/strong>y el CEO de Arajet,\u00a0<strong>V\u00edctor Pacheco<\/strong>.<\/p>\n<\/div>\n","protected":false},"excerpt":{"rendered":"<p>Santo Domingo.-\u00a0El presidente Luis Abinader\u00a0expres\u00f3 este mi\u00e9rcoles su\u00a0agradecimiento a los empresarios del sector de turismo\u00a0por su trabajo y aporte a los empleos del pa\u00eds, as\u00ed\u00a0como a los\u00a0agentes de viajes y&hellip; <\/p>\n","protected":false},"author":2,"featured_media":4249,"comment_status":"closed","ping_status":"closed","sticky":false,"template":"","format":"standard","meta":{"fifu_image_url":"https:\/\/i0.wp.com\/elmundodelosnegocios.com.do\/v1\/wp-content\/uploads\/2023\/08\/WhatsApp-Image-2023-08-03-at-4.02.16-PM-1024x576.jpg?resize=1024,576&ssl=1","fifu_image_alt":"Presidente Abinader agradece a agentes de viajes y turoperadores por lealtad y fidelidad al traer turistas a RD","footnotes":""},"categories":[63],"tags":[],"class_list":["post-4248","post","type-post","status-publish","format-standard","has-post-thumbnail","hentry","category-actualidad"],"_links":{"self":[{"href":"https:\/\/elmundodelapolitica.com\/v1\/wp-json\/wp\/v2\/posts\/4248","targetHints":{"allow":["GET"]}}],"collection":[{"href":"https:\/\/elmundodelapolitica.com\/v1\/wp-json\/wp\/v2\/posts"}],"about":[{"href":"https:\/\/elmundodelapolitica.com\/v1\/wp-json\/wp\/v2\/types\/post"}],"author":[{"embeddable":true,"href":"https:\/\/elmundodelapolitica.com\/v1\/wp-json\/wp\/v2\/users\/2"}],"replies":[{"embeddable":true,"href":"https:\/\/elmundodelapolitica.com\/v1\/wp-json\/wp\/v2\/comments?post=4248"}],"version-history":[{"count":0,"href":"https:\/\/elmundodelapolitica.com\/v1\/wp-json\/wp\/v2\/posts\/4248\/revisions"}],"wp:featuredmedia":[{"embeddable":true,"href":"https:\/\/elmundodelapolitica.com\/v1\/wp-json\/wp\/v2\/media\/4249"}],"wp:attachment":[{"href":"https:\/\/elmundodelapolitica.com\/v1\/wp-json\/wp\/v2\/media?parent=4248"}],"wp:term":[{"taxonomy":"category","embeddable":true,"href":"https:\/\/elmundodelapolitica.com\/v1\/wp-json\/wp\/v2\/categories?post=4248"},{"taxonomy":"post_tag","embeddable":true,"href":"https:\/\/elmundodelapolitica.com\/v1\/wp-json\/wp\/v2\/tags?post=4248"}],"curies":[{"name":"wp","href":"https:\/\/api.w.org\/{rel}","templated":true}]}}