{"id":4246,"date":"2023-08-03T17:36:53","date_gmt":"2023-08-03T21:36:53","guid":{"rendered":"https:\/\/elmundodelapolitica.com\/v1\/?p=4246"},"modified":"2023-08-03T17:36:53","modified_gmt":"2023-08-03T21:36:53","slug":"superintendencia-de-bancos-realiza-conferencia-desafios-de-la-persecucion-de-los-delitos-financieros","status":"publish","type":"post","link":"https:\/\/elmundodelapolitica.com\/v1\/superintendencia-de-bancos-realiza-conferencia-desafios-de-la-persecucion-de-los-delitos-financieros\/","title":{"rendered":"Superintendencia de Bancos realiza conferencia \u201cDesaf\u00edos de la persecuci\u00f3n de los delitos financieros\u201d"},"content":{"rendered":"<div>\n<p>Santiago.-\u00a0<strong>La Superintendencia de Bancos (SB)<\/strong>\u00a0llev\u00f3 a cabo la conferencia\u202f<strong>\u201cDesaf\u00edos de la persecuci\u00f3n de los delitos financieros\u201d,<\/strong>\u00a0donde varios juristas -miembros del Ministerio P\u00fablico y del Poder Judicial- se unieron a los esfuerzos que realiza la entidad para alertar a la poblaci\u00f3n sobre los\u00a0<strong>riesgos de realizar dep\u00f3sitos en empresas o a individuos sin la debida regulaci\u00f3n ni supervisi\u00f3n<\/strong>\u00a0de los organismos correspondientes del Estado.\u00a0<\/p>\n<div class=\"wp-block-image\">\n<figure class=\"aligncenter size-large\"><img data-attachment-id=\"31377\" data-permalink=\"https:\/\/elmundodelosnegocios.com.do\/v1\/index.php\/2023\/08\/03\/superintendencia-de-bancos-realiza-conferencia-desafios-de-la-persecucion-de-los-delitos-financieros\/149a7956\/\" data-orig-file=\"https:\/\/i0.wp.com\/elmundodelosnegocios.com.do\/v1\/wp-content\/uploads\/2023\/08\/149A7956.jpg?fit=1300%2C731&amp;ssl=1\" data-orig-size=\"1300,731\" data-comments-opened=\"0\" data-image-meta='{\"aperture\":\"0\",\"credit\":\"\",\"camera\":\"\",\"caption\":\"\",\"created_timestamp\":\"0\",\"copyright\":\"\",\"focal_length\":\"0\",\"iso\":\"0\",\"shutter_speed\":\"0\",\"title\":\"\",\"orientation\":\"0\"}' data-image-title=\"149A7956\" data-image-description=\"\" data-image-caption=\"\" data-medium-file=\"https:\/\/i0.wp.com\/elmundodelosnegocios.com.do\/v1\/wp-content\/uploads\/2023\/08\/149A7956.jpg?fit=300%2C169&amp;ssl=1\" data-large-file=\"https:\/\/i0.wp.com\/elmundodelosnegocios.com.do\/v1\/wp-content\/uploads\/2023\/08\/149A7956.jpg?fit=1024%2C576&amp;ssl=1\" decoding=\"async\" loading=\"lazy\" width=\"1024\" height=\"576\" src=\"https:\/\/i0.wp.com\/elmundodelosnegocios.com.do\/v1\/wp-content\/uploads\/2023\/08\/149A7956-1024x576.jpg?resize=1024,576&amp;ssl=1\" alt=\"\" class=\"wp-image-31377\" srcset=\"https:\/\/i0.wp.com\/elmundodelosnegocios.com.do\/v1\/wp-content\/uploads\/2023\/08\/149A7956.jpg?resize=1024%2C576&amp;ssl=1 1024w, https:\/\/i0.wp.com\/elmundodelosnegocios.com.do\/v1\/wp-content\/uploads\/2023\/08\/149A7956.jpg?resize=300%2C169&amp;ssl=1 300w, https:\/\/i0.wp.com\/elmundodelosnegocios.com.do\/v1\/wp-content\/uploads\/2023\/08\/149A7956.jpg?resize=768%2C432&amp;ssl=1 768w, https:\/\/i0.wp.com\/elmundodelosnegocios.com.do\/v1\/wp-content\/uploads\/2023\/08\/149A7956.jpg?w=1300&amp;ssl=1 1300w\" sizes=\"auto, (max-width: 1024px) 100vw, 1024px\" data-recalc-dims=\"1\"><\/figure>\n<\/div>\n<p>En ello coincidieron\u00a0<strong>Yeni Berenice Reynoso<\/strong>, procuradora general adjunta y titular de la Direcci\u00f3n General de Persecuci\u00f3n del Ministerio P\u00fablico;\u00a0<strong>Sourelly J\u00e1quez Vialet<\/strong>, procuradora de corte, adscrita a la Direcci\u00f3n General de Persecuci\u00f3n del Ministerio P\u00fablico;\u00a0<strong>Osvaldo Bonilla Hiraldo<\/strong>, procurador fiscal titular de la Fiscal\u00eda de Santiago;\u00a0<strong>Jos\u00e9 Sa\u00fal Taveras Cana\u00e1n<\/strong>, juez presidente de la Segunda Sala de la C\u00e1mara Penal de la Corte de Apelaci\u00f3n del Departamento Judicial de Santiago, y\u00a0<strong>Rub\u00e9n Dar\u00edo Rodr\u00edguez Cuello<\/strong>, juez sustituto del presidente del Cuarto Tribunal Colegiado del Juzgado de Primera Instancia del Distrito Judicial de Santiago.\u00a0<\/p>\n<p>La actividad respalda la iniciativa denominada\u00a0<a href=\"https:\/\/sb.gob.do\/misioncentinela\/\"><strong>Misi\u00f3n Centinela<\/strong><\/a>\u00a0de la Superintendencia de Bancos, cuyo fin es informar y educar sobre los riesgos de la colocaci\u00f3n de recursos en entidades que no est\u00e1n debidamente supervisadas. Con esto el ente supervisor procura reducir el riesgo de que\u00a0<strong>agentes econ\u00f3micos no autorizados se aprovechen de la falta de informaci\u00f3n del p\u00fablico para realizar actividades al margen de la ley<\/strong>, incluyendo delitos como robos, fraudes y abusos de confianza.\u202f\u00a0<\/p>\n<p>Durante su intervenci\u00f3n, Yeni Berenice Reynoso asegur\u00f3 que este tipo delitos pueden suponer\u00a0<strong>da\u00f1os cuantiosos para las v\u00edctimas<\/strong>, muchas de las cuales pierden el patrimonio acumulado con esfuerzo durante toda su vida.\u00a0<\/p>\n<p>Por ello, aconsej\u00f3 a la poblaci\u00f3n que realice\u00a0<strong>las debidas averiguaciones con los organismos supervisores del Estado,<\/strong>\u00a0antes de realizar dep\u00f3sitos o inversiones (en el caso de la SB, pueden consultar la lista de entidades supervisadas).<em>\u00a0\u201cEl primer indicio para detectar una estafa financiera es la alta rentabilidad en poco tiempo. Ganar dinero l\u00edcito nunca ha sido ni ser\u00e1 una tarea f\u00e1cil y menos en poco tiempo\u201d,<\/em>\u00a0recalc\u00f3 la directora de Persecuci\u00f3n del Ministerio P\u00fablico.\u00a0<\/p>\n<p>De su lado, Bonilla Hiraldo, fiscal de Santiago, hizo hincapi\u00e9 en la necesidad de fortalecer los\u00a0<strong>mecanismos judiciales<\/strong>\u00a0para lograr que las v\u00edctimas sean resarcidas mediante la\u00a0<strong>recuperaci\u00f3n de su patrimonio<\/strong>.\u00a0\u00a0<\/p>\n<p>Mientras que la fiscal J\u00e1quez Vialet abog\u00f3 para que la legislaci\u00f3n y los esfuerzos de persecuci\u00f3n brinden\u00a0<strong>mayor protecci\u00f3n<\/strong>\u00a0a las personas jur\u00eddicas que sean\u00a0<strong>v\u00edctimas de delitos financieros.\u00a0\u00a0<\/strong><\/p>\n<p>El juez Rodr\u00edguez Cuello resalt\u00f3 el\u00a0<strong>amplio potencial de los delitos financieros para lesionar el bienestar de terceros<\/strong>. En tanto que el tambi\u00e9n juez Taveras Cana\u00e1n enfatiz\u00f3 que la lucha contra este tipo de delitos no recae \u00fanicamente en el incremento del n\u00famero de jueces y fiscales, sino en la necesidad de reforzar las\u00a0<strong>soluciones alternativas de conflicto.\u00a0\u00a0<\/strong><\/p>\n<p>Adem\u00e1s de los panelistas invitados, la actividad cont\u00f3 con las intervenciones de miembros de la SB, encabezados por el intendente de Bancos,\u00a0<strong>Julio Caminero<\/strong>; la consultora jur\u00eddica,\u00a0<strong>Luz Marte<\/strong>; el subconsultor jur\u00eddico,\u00a0<strong>Kharim Maluf Jorge<\/strong>; y el abogado s\u00e9nior\u00a0<strong>Joham Gonz\u00e1lez<\/strong>.<\/p>\n<p>El evento se llev\u00f3 a cabo en el campus de Santiago de la Pontificia Universidad Cat\u00f3lica Madre y Maestra (PUCMM), instituci\u00f3n que tambi\u00e9n particip\u00f3 en la organizaci\u00f3n del evento.\u00a0<\/p>\n<p>Por parte de la PUCMM intervino\u00a0<strong>Julio Ferreira<\/strong>, vicerrector acad\u00e9mico, mientras que el acto de bendici\u00f3n de la actividad estuvo a cargo de\u00a0<strong>monse\u00f1or Tom\u00e1s Morel,<\/strong>\u00a0obispo auxiliar de la Arquidi\u00f3cesis de Santiago.\u00a0<\/p>\n<p>A la actividad, realizada en Teatro de la PUCMM, asistieron alrededor de 300 personas, entre ellos, estudiantes, acad\u00e9micos y miembros de la comunidad jur\u00eddica del Cibao.<\/p>\n<\/div>\n","protected":false},"excerpt":{"rendered":"<p>Santiago.-\u00a0La Superintendencia de Bancos (SB)\u00a0llev\u00f3 a cabo la conferencia\u202f\u201cDesaf\u00edos de la persecuci\u00f3n de los delitos financieros\u201d,\u00a0donde varios juristas -miembros del Ministerio P\u00fablico y del Poder Judicial- se unieron a los&hellip; <\/p>\n","protected":false},"author":2,"featured_media":4247,"comment_status":"closed","ping_status":"closed","sticky":false,"template":"","format":"standard","meta":{"fifu_image_url":"https:\/\/i0.wp.com\/elmundodelosnegocios.com.do\/v1\/wp-content\/uploads\/2023\/08\/149A7956-1024x576.jpg?resize=1024,576&ssl=1","fifu_image_alt":"Superintendencia de Bancos realiza conferencia \u201cDesaf\u00edos de la persecuci\u00f3n de los delitos financieros\u201d","footnotes":""},"categories":[63],"tags":[],"class_list":["post-4246","post","type-post","status-publish","format-standard","has-post-thumbnail","hentry","category-actualidad"],"_links":{"self":[{"href":"https:\/\/elmundodelapolitica.com\/v1\/wp-json\/wp\/v2\/posts\/4246","targetHints":{"allow":["GET"]}}],"collection":[{"href":"https:\/\/elmundodelapolitica.com\/v1\/wp-json\/wp\/v2\/posts"}],"about":[{"href":"https:\/\/elmundodelapolitica.com\/v1\/wp-json\/wp\/v2\/types\/post"}],"author":[{"embeddable":true,"href":"https:\/\/elmundodelapolitica.com\/v1\/wp-json\/wp\/v2\/users\/2"}],"replies":[{"embeddable":true,"href":"https:\/\/elmundodelapolitica.com\/v1\/wp-json\/wp\/v2\/comments?post=4246"}],"version-history":[{"count":0,"href":"https:\/\/elmundodelapolitica.com\/v1\/wp-json\/wp\/v2\/posts\/4246\/revisions"}],"wp:featuredmedia":[{"embeddable":true,"href":"https:\/\/elmundodelapolitica.com\/v1\/wp-json\/wp\/v2\/media\/4247"}],"wp:attachment":[{"href":"https:\/\/elmundodelapolitica.com\/v1\/wp-json\/wp\/v2\/media?parent=4246"}],"wp:term":[{"taxonomy":"category","embeddable":true,"href":"https:\/\/elmundodelapolitica.com\/v1\/wp-json\/wp\/v2\/categories?post=4246"},{"taxonomy":"post_tag","embeddable":true,"href":"https:\/\/elmundodelapolitica.com\/v1\/wp-json\/wp\/v2\/tags?post=4246"}],"curies":[{"name":"wp","href":"https:\/\/api.w.org\/{rel}","templated":true}]}}