{"id":4244,"date":"2023-08-03T17:03:27","date_gmt":"2023-08-03T21:03:27","guid":{"rendered":"https:\/\/elmundodelapolitica.com\/v1\/?p=4244"},"modified":"2023-08-03T17:03:27","modified_gmt":"2023-08-03T21:03:27","slug":"micm-y-fundacion-jenny-polanco-acuerdan-impulsar-desarrollo-futuros-profesionales-de-la-moda","status":"publish","type":"post","link":"https:\/\/elmundodelapolitica.com\/v1\/micm-y-fundacion-jenny-polanco-acuerdan-impulsar-desarrollo-futuros-profesionales-de-la-moda\/","title":{"rendered":"MICM y Fundaci\u00f3n Jenny Polanco acuerdan impulsar desarrollo futuros profesionales de la moda"},"content":{"rendered":"<div>\n<p><strong>SANTO DOMINGO.-\u00a0<\/strong>El Ministerio de Industria, Comercio y Mipymes (MCIM), y la Fundaci\u00f3n Jenny Polanco (FJP), firmaron un acuerdo de colaboraci\u00f3n para el desarrollo del programa de formaci\u00f3n profesional \u2018\u2019Saber-Hacer\u2019\u2019, destinado a impulsar el desarrollo profesional de la futura generaci\u00f3n en la industria de la moda.<\/p>\n<div class=\"wp-block-image\">\n<figure class=\"aligncenter size-full\"><img data-attachment-id=\"31374\" data-permalink=\"https:\/\/elmundodelosnegocios.com.do\/v1\/index.php\/2023\/08\/03\/micm-y-fundacion-jenny-polanco-acuerdan-impulsar-desarrollo-futuros-profesionales-de-la-moda\/jp\/\" data-orig-file=\"https:\/\/i0.wp.com\/elmundodelosnegocios.com.do\/v1\/wp-content\/uploads\/2023\/08\/jp.jpeg?fit=770%2C540&amp;ssl=1\" data-orig-size=\"770,540\" data-comments-opened=\"0\" data-image-meta='{\"aperture\":\"0\",\"credit\":\"\",\"camera\":\"\",\"caption\":\"\",\"created_timestamp\":\"0\",\"copyright\":\"\",\"focal_length\":\"0\",\"iso\":\"0\",\"shutter_speed\":\"0\",\"title\":\"\",\"orientation\":\"0\"}' data-image-title=\"jp\" data-image-description=\"\" data-image-caption=\"\" data-medium-file=\"https:\/\/i0.wp.com\/elmundodelosnegocios.com.do\/v1\/wp-content\/uploads\/2023\/08\/jp.jpeg?fit=300%2C210&amp;ssl=1\" data-large-file=\"https:\/\/i0.wp.com\/elmundodelosnegocios.com.do\/v1\/wp-content\/uploads\/2023\/08\/jp.jpeg?fit=770%2C540&amp;ssl=1\" decoding=\"async\" loading=\"lazy\" width=\"770\" height=\"540\" src=\"https:\/\/i0.wp.com\/elmundodelosnegocios.com.do\/v1\/wp-content\/uploads\/2023\/08\/jp.jpeg?resize=770,540&amp;ssl=1\" alt=\"\" class=\"wp-image-31374\" srcset=\"https:\/\/i0.wp.com\/elmundodelosnegocios.com.do\/v1\/wp-content\/uploads\/2023\/08\/jp.jpeg?w=770&amp;ssl=1 770w, https:\/\/i0.wp.com\/elmundodelosnegocios.com.do\/v1\/wp-content\/uploads\/2023\/08\/jp.jpeg?resize=300%2C210&amp;ssl=1 300w, https:\/\/i0.wp.com\/elmundodelosnegocios.com.do\/v1\/wp-content\/uploads\/2023\/08\/jp.jpeg?resize=768%2C539&amp;ssl=1 768w\" sizes=\"auto, (max-width: 770px) 100vw, 770px\" data-recalc-dims=\"1\"><\/figure>\n<\/div>\n<p>El documento lo rubricaron el ministro V\u00edctor Ito Bison\u00f3, por el MICM y la se\u00f1ora Carla Qui\u00f1ones Polanco, vicepresidenta de la Fundaci\u00f3n Jenny Polanco por las Artes (FJP).<\/p>\n<p>El acuerdo establece que el MICM y la Fundaci\u00f3n Jenny Polanco por Las Artes (FJP), tendr\u00e1n como finalidad la implementaci\u00f3n de un programa de formaci\u00f3n vocacional, llamado \u201cSaber-Hacer, iniciativa que permanecer\u00e1 durante ocho meses.<\/p>\n<div class=\"wp-block-image\">\n<figure class=\"aligncenter\"><img decoding=\"async\" src=\"https:\/\/i0.wp.com\/micm.gob.do\/wp-content\/uploads\/2023\/08\/MICM-y-Fundacion-Jenny-Polanco-acuerdan-impulsar-desarrollo-02.jpg?w=1110&amp;ssl=1\" alt=\"\" class=\"wp-image-5053\" data-recalc-dims=\"1\"><\/figure>\n<\/div>\n<p>A trav\u00e9s de este proyecto, 24 j\u00f3venes se beneficiar\u00e1n con el desarrollo de conocimientos t\u00e9cnicos y creativos necesarios para emprender con iniciativas propias que les permita insertarse en el mercado laboral de la industria textil.<\/p>\n<p>Dicho programa contar\u00e1 con la implementaci\u00f3n de cursos especializados Buenas Pr\u00e1cticas de Manufactura y confecci\u00f3n de ropa, espec\u00edficamente en las \u00e1reas de joyer\u00eda, textil y art\u00edculos en piel, as\u00ed como, talleres virtuales y presenciales de gerencia, liderazgo y costos de producci\u00f3n.<\/p>\n<p>Adicional a lo expresado, los j\u00f3venes recibir\u00e1n una mentor\u00eda especializada para el desarrollo de diversos productos, aplicando las t\u00e9cnicas aprendidas, y para la comercializaci\u00f3n de los productos.<\/p>\n<div class=\"wp-block-image\">\n<figure class=\"aligncenter\"><img decoding=\"async\" src=\"https:\/\/i0.wp.com\/micm.gob.do\/wp-content\/uploads\/2023\/08\/MICM-y-Fundacion-Jenny-Polanco-acuerdan-impulsar-desarrollo-03.jpg?w=1110&amp;ssl=1\" alt=\"\" class=\"wp-image-5054\" data-recalc-dims=\"1\"><\/figure>\n<\/div>\n<p>Como parte del proyecto, el MICM y la Fundaci\u00f3n Jenny Polanco coordinar\u00e1n pasant\u00edas de dos meses a en las que participar\u00e1n los 24 estudiantes beneficiados en ocho industrias de manufactura textil.<\/p>\n<p>El MICM y la Fundaci\u00f3n Jenny Polanco, asumen el compromiso de continuar apoyando al sector manufacturero textil, el cual tuvo un crecimiento de 37.4% desde el a\u00f1o 2021 al 2022, debido al aumento de las ventas de la fabricaci\u00f3n de calzados y sus partes en un 87.2%, en art\u00edculos confeccionados de materiales textiles con un 96.6%, y en art\u00edculos de piel un 50.8 por ciento.<\/p>\n<p>Para el desarrollo del proyecto se dispondr\u00e1 de un espacio donde se habr\u00e1 una mesa de trabajo de confecci\u00f3n textil, con los equipos y herramientas requeridos.<\/p>\n<p><strong>Objetivos<\/strong><\/p>\n<p>El inter\u00e9s de la FJP es colaborar en el alcance de los Objetivos de Desarrollo Sostenible (ODS) e impulsar y dar visibilidad al trabajo de artistas, artesanos y dise\u00f1adores dominicanos, para que puedan lograr el \u00e9xito en su carrera profesional y posicionar su marca en el sector de la industria textil.<\/p>\n<p>El MICM, en el marco de sus funciones, a trav\u00e9s del Viceministerio de Desarrollo Industrial (VDI), tiene entre sus objetivos apoyar al desarrollo de la industria manufacturera en los \u00e1mbitos de innovaci\u00f3n y productividad, calidad y sostenibilidad, para lo que trabaja de la mano y apoya la labor de socios estrat\u00e9gicos relacionada a dichos objetivos institucionales.<\/p>\n<p>Ambas entidades comparten la visi\u00f3n de promover la industria de la moda y lo fabricado en la Rep\u00fablica Dominicana, las artes visuales y la artesan\u00eda, en especial lo relativo a su inter\u00e9s hist\u00f3rico, social, econ\u00f3mico, ambiental, cultural y tur\u00edstico.<\/p>\n<p>Tambi\u00e9n se busca continuar fortaleciendo y construyendo la marca pa\u00eds, mejorando el posicionamiento de la Rep\u00fablica Dominicana a nivel global en lo relativo a la industria de confecciones y producci\u00f3n de ropa y calzado.<\/p>\n<\/div>\n","protected":false},"excerpt":{"rendered":"<p>SANTO DOMINGO.-\u00a0El Ministerio de Industria, Comercio y Mipymes (MCIM), y la Fundaci\u00f3n Jenny Polanco (FJP), firmaron un acuerdo de colaboraci\u00f3n para el desarrollo del programa de formaci\u00f3n profesional \u2018\u2019Saber-Hacer\u2019\u2019, destinado&hellip; <\/p>\n","protected":false},"author":2,"featured_media":4245,"comment_status":"closed","ping_status":"closed","sticky":false,"template":"","format":"standard","meta":{"fifu_image_url":"https:\/\/i0.wp.com\/elmundodelosnegocios.com.do\/v1\/wp-content\/uploads\/2023\/08\/jp.jpeg?resize=770,540&ssl=1","fifu_image_alt":"MICM y Fundaci\u00f3n Jenny Polanco acuerdan impulsar desarrollo futuros profesionales de la moda","footnotes":""},"categories":[63],"tags":[],"class_list":["post-4244","post","type-post","status-publish","format-standard","has-post-thumbnail","hentry","category-actualidad"],"_links":{"self":[{"href":"https:\/\/elmundodelapolitica.com\/v1\/wp-json\/wp\/v2\/posts\/4244","targetHints":{"allow":["GET"]}}],"collection":[{"href":"https:\/\/elmundodelapolitica.com\/v1\/wp-json\/wp\/v2\/posts"}],"about":[{"href":"https:\/\/elmundodelapolitica.com\/v1\/wp-json\/wp\/v2\/types\/post"}],"author":[{"embeddable":true,"href":"https:\/\/elmundodelapolitica.com\/v1\/wp-json\/wp\/v2\/users\/2"}],"replies":[{"embeddable":true,"href":"https:\/\/elmundodelapolitica.com\/v1\/wp-json\/wp\/v2\/comments?post=4244"}],"version-history":[{"count":0,"href":"https:\/\/elmundodelapolitica.com\/v1\/wp-json\/wp\/v2\/posts\/4244\/revisions"}],"wp:featuredmedia":[{"embeddable":true,"href":"https:\/\/elmundodelapolitica.com\/v1\/wp-json\/wp\/v2\/media\/4245"}],"wp:attachment":[{"href":"https:\/\/elmundodelapolitica.com\/v1\/wp-json\/wp\/v2\/media?parent=4244"}],"wp:term":[{"taxonomy":"category","embeddable":true,"href":"https:\/\/elmundodelapolitica.com\/v1\/wp-json\/wp\/v2\/categories?post=4244"},{"taxonomy":"post_tag","embeddable":true,"href":"https:\/\/elmundodelapolitica.com\/v1\/wp-json\/wp\/v2\/tags?post=4244"}],"curies":[{"name":"wp","href":"https:\/\/api.w.org\/{rel}","templated":true}]}}