{"id":4233,"date":"2023-08-03T01:22:37","date_gmt":"2023-08-03T05:22:37","guid":{"rendered":"https:\/\/elmundodelapolitica.com\/v1\/?p=4233"},"modified":"2023-08-03T01:22:37","modified_gmt":"2023-08-03T05:22:37","slug":"resumen-renew-energy-global-plc-celebrara-su-segunda-junta-general-anual-el-12-de-septiembre-de-2023","status":"publish","type":"post","link":"https:\/\/elmundodelapolitica.com\/v1\/resumen-renew-energy-global-plc-celebrara-su-segunda-junta-general-anual-el-12-de-septiembre-de-2023\/","title":{"rendered":"Resumen: ReNew Energy Global Plc celebrar\u00e1 su segunda Junta General Anual el 12 de septiembre de 2023"},"content":{"rendered":"<p>GURUGRAM, India&#8211;(BUSINESS WIRE)&#8211;ReNew Energy Global Plc (\u201cReNew\u201d o \u201cla Empres\u201d) (NASDAQ: RNW, RNWWW) anunci\u00f3 hoy que celebrar\u00e1 su segunda Junta General Anual (AGM) de accionistas en Londres, Reino Unido, el 12 de septiembre de 2023.<br \/>\nLa Empresa propondr\u00e1 las siguientes resoluciones en la AGM:<\/p>\n<p>Resoluci\u00f3n n.\u00ba 1<\/p>\n<p>Recibir los informes y las cuentas anuales de la Empresa correspondientes al ejercicio finalizado el 31 de marzo de 2023 seg\u00fan la Ley de Sociedades del Reino Unido;<\/p>\n<p>Resoluci\u00f3n n.\u00ba 2<\/p>\n<p>Aprobar el informe sobre la remuneraci\u00f3n de los administradores de la Empresa correspondiente al ejercicio finalizado el 31 de marzo de 2023;<\/p>\n<p>Resoluci\u00f3n n.\u00ba 3-5<\/p>\n<p>Aprobar el nuevo nombramiento de directores independientes no ejecutivos: Sr. Manoj Singh; Sir Sumantra Chakrabarti y Sra. Vanitha Narayanan;<\/p>\n<p>Resoluci\u00f3n n.\u00ba 6-8<\/p>\n<p>Aprobar el nombramiento de directores independientes no ejecutivos: Sra. Paula Gold-Williams, Sra. Nicoletta Giadrossi y D. Philip Graham New;<\/p>\n<p>Resoluci\u00f3n n.\u00ba 9<\/p>\n<p>Volver a nombrar a KNAV Limited como auditores legales del Reino Unido de la Empresa;<\/p>\n<p>Resoluci\u00f3n n.\u00ba 10<\/p>\n<p>Autorizar a la Junta y al Comit\u00e9 de Auditor\u00eda a determinar la remuneraci\u00f3n de los auditores;<\/p>\n<p>Resoluci\u00f3n n.\u00ba 11<\/p>\n<p>Enmienda al Plan de Incentivos 2021 para aumentar el L\u00edmite Global de Acciones de 65.030.161 acciones a 88.000.000 acciones;<\/p>\n<p>Resoluci\u00f3n n.\u00ba 12<\/p>\n<p>Enmienda al Plan de Incentivos 2021 para no empleados para aumentar el L\u00edmite Total de Acciones de 300.000 acciones a 1.300.000 acciones;<\/p>\n<p>Resoluci\u00f3n n.\u00ba 13<\/p>\n<p>Autorizaci\u00f3n para adjudicar acciones en relaci\u00f3n con el Plan de Incentivos 2021 y el Plan de Incentivos 2021 para no empleados;<\/p>\n<p>Resoluci\u00f3n n.\u00ba 14<\/p>\n<p>Inaplicaci\u00f3n de los derechos preferentes para la asignaci\u00f3n de acciones en relaci\u00f3n con el Plan de Incentivos 2021 y el Plan de Incentivos 2021 para no empleados, y<\/p>\n<p>Resoluci\u00f3n n.\u00ba 15<\/p>\n<p>Modificaci\u00f3n de los Estatutos de la Empresa como consecuencia de la modificaci\u00f3n del Acuerdo de Accionistas.<\/p>\n<p>Solo los accionistas registrados a las 23:59 (hora oriental) del 10 de agosto de 2023 (la \u201cFecha de Registro\u201d) tendr\u00e1n derecho a asistir y votar en la AGM. Los cambios en el registro de socios posteriores a la Fecha de Registro no se tendr\u00e1n en cuenta a la hora de determinar los derechos de cualquier persona a asistir y votar en la junta.<br \/>\nEl comunicado en el idioma original es la versi\u00f3n oficial y autorizada del mismo. Esta traducci\u00f3n es solamente un medio de ayuda y deber\u00e1 ser comparada con el texto en idioma original, que es la \u00fanica versi\u00f3n del texto que tendr\u00e1 validez legal. Contacts<br \/>\nConsultas de prensaReNew | Shilpa Narani | shilpa.narani@renew.com<br \/>\nInformaci\u00f3n para inversoresReNew | Nathan Judge, Nitin Vaid | ir@renew.com<\/p>\n","protected":false},"excerpt":{"rendered":"<div>\n<p>GURUGRAM, India&#8211;(BUSINESS WIRE)&#8211;ReNew Energy Global Plc (\u201cReNew\u201d o \u201cla Empres\u201d) (NASDAQ: RNW, RNWWW) anunci\u00f3 hoy que celebrar\u00e1 su segunda Junta General Anual (AGM) de accionistas en Londres, Reino Unido, el 12 de septiembre de 2023.<\/p>\n<p><a href=\"https:\/\/mms.businesswire.com\/media\/20230802041990\/es\/1857294\/5\/renewlogo.jpg\"><img decoding=\"async\" src=\"https:\/\/mms.businesswire.com\/media\/20230802512595\/en\/1857294\/21\/renewlogo.jpg\"><\/a><br \/><a href=\"https:\/\/mms.businesswire.com\/media\/20230802041990\/es\/1857294\/5\/renewlogo.jpg\"><img decoding=\"async\" src=\"https:\/\/mms.businesswire.com\/media\/20230802041990\/es\/1857294\/22\/renewlogo.jpg\"><\/a><\/p>\n<p>\nLa Empresa propondr\u00e1 las siguientes resoluciones en la AGM:<\/p>\n<table cellspacing=\"0\" class=\"bwtablemarginb bwblockalignl\">\n<tr>\n<td class=\"bwvertalignt bwpadl0\" colspan=\"1\" rowspan=\"1\">\n<p class=\"bwcellpmargin\">\nResoluci\u00f3n n.\u00ba 1<\/p>\n<\/td>\n<td colspan=\"1\" rowspan=\"1\"><\/td>\n<td class=\"bwvertalignt bwpadl0\" colspan=\"1\" rowspan=\"1\">\n<p class=\"bwcellpmargin\">\nRecibir los informes y las cuentas anuales de la Empresa correspondientes al ejercicio finalizado el 31 de marzo de 2023 seg\u00fan la Ley de Sociedades del Reino Unido;<\/p>\n<\/td>\n<\/tr>\n<tr>\n<td class=\"bwvertalignt bwpadl0\" colspan=\"1\" rowspan=\"1\">\n<p class=\"bwcellpmargin\">\nResoluci\u00f3n n.\u00ba 2<\/p>\n<\/td>\n<td colspan=\"1\" rowspan=\"1\"><\/td>\n<td class=\"bwvertalignt bwpadl0\" colspan=\"1\" rowspan=\"1\">\n<p class=\"bwcellpmargin\">\nAprobar el informe sobre la remuneraci\u00f3n de los administradores de la Empresa correspondiente al ejercicio finalizado el 31 de marzo de 2023;<\/p>\n<\/td>\n<\/tr>\n<tr>\n<td class=\"bwvertalignt bwpadl0 bwnowrap\" colspan=\"1\" rowspan=\"1\">\n<p class=\"bwcellpmargin\">\nResoluci\u00f3n n.\u00ba 3-5<\/p>\n<\/td>\n<td colspan=\"1\" rowspan=\"1\"><\/td>\n<td class=\"bwvertalignt bwpadl0\" colspan=\"1\" rowspan=\"1\">\n<p class=\"bwcellpmargin\">\nAprobar el nuevo nombramiento de directores independientes no ejecutivos: Sr. Manoj Singh; Sir Sumantra Chakrabarti y Sra. Vanitha Narayanan;<\/p>\n<\/td>\n<\/tr>\n<tr>\n<td class=\"bwvertalignt bwpadl0\" colspan=\"1\" rowspan=\"1\">\n<p class=\"bwcellpmargin\">\nResoluci\u00f3n n.\u00ba 6-8<\/p>\n<\/td>\n<td colspan=\"1\" rowspan=\"1\"><\/td>\n<td class=\"bwvertalignt bwpadl0\" colspan=\"1\" rowspan=\"1\">\n<p class=\"bwcellpmargin\">\nAprobar el nombramiento de directores independientes no ejecutivos: Sra. Paula Gold-Williams, Sra. Nicoletta Giadrossi y D. Philip Graham New;<\/p>\n<\/td>\n<\/tr>\n<tr>\n<td class=\"bwvertalignt bwpadl0\" colspan=\"1\" rowspan=\"1\">\n<p class=\"bwcellpmargin\">\nResoluci\u00f3n n.\u00ba 9<\/p>\n<\/td>\n<td colspan=\"1\" rowspan=\"1\"><\/td>\n<td class=\"bwvertalignt bwpadl0\" colspan=\"1\" rowspan=\"1\">\n<p class=\"bwcellpmargin\">\nVolver a nombrar a KNAV Limited como auditores legales del Reino Unido de la Empresa;<\/p>\n<\/td>\n<\/tr>\n<tr>\n<td class=\"bwvertalignt bwpadl0\" colspan=\"1\" rowspan=\"1\">\n<p class=\"bwcellpmargin\">\nResoluci\u00f3n n.\u00ba 10<\/p>\n<\/td>\n<td colspan=\"1\" rowspan=\"1\"><\/td>\n<td class=\"bwvertalignt bwpadl0\" colspan=\"1\" rowspan=\"1\">\n<p class=\"bwcellpmargin\">\nAutorizar a la Junta y al Comit\u00e9 de Auditor\u00eda a determinar la remuneraci\u00f3n de los auditores;<\/p>\n<\/td>\n<\/tr>\n<tr>\n<td class=\"bwvertalignt bwpadl0\" colspan=\"1\" rowspan=\"1\">\n<p class=\"bwcellpmargin\">\nResoluci\u00f3n n.\u00ba 11<\/p>\n<\/td>\n<td colspan=\"1\" rowspan=\"1\"><\/td>\n<td class=\"bwvertalignt bwpadl0\" colspan=\"1\" rowspan=\"1\">\n<p class=\"bwcellpmargin\">\nEnmienda al Plan de Incentivos 2021 para aumentar el L\u00edmite Global de Acciones de 65.030.161 acciones a 88.000.000 acciones;<\/p>\n<\/td>\n<\/tr>\n<tr>\n<td class=\"bwvertalignt bwpadl0\" colspan=\"1\" rowspan=\"1\">\n<p class=\"bwcellpmargin\">\nResoluci\u00f3n n.\u00ba 12<\/p>\n<\/td>\n<td colspan=\"1\" rowspan=\"1\"><\/td>\n<td class=\"bwvertalignt bwpadl0\" colspan=\"1\" rowspan=\"1\">\n<p class=\"bwcellpmargin\">\nEnmienda al Plan de Incentivos 2021 para no empleados para aumentar el L\u00edmite Total de Acciones de 300.000 acciones a 1.300.000 acciones;<\/p>\n<\/td>\n<\/tr>\n<tr>\n<td class=\"bwvertalignt bwpadl0\" colspan=\"1\" rowspan=\"1\">\n<p class=\"bwcellpmargin\">\nResoluci\u00f3n n.\u00ba 13<\/p>\n<\/td>\n<td colspan=\"1\" rowspan=\"1\"><\/td>\n<td class=\"bwvertalignt bwpadl0\" colspan=\"1\" rowspan=\"1\">\n<p class=\"bwcellpmargin\">\nAutorizaci\u00f3n para adjudicar acciones en relaci\u00f3n con el Plan de Incentivos 2021 y el Plan de Incentivos 2021 para no empleados;<\/p>\n<\/td>\n<\/tr>\n<tr>\n<td class=\"bwvertalignt bwpadl0\" colspan=\"1\" rowspan=\"1\">\n<p class=\"bwcellpmargin\">\nResoluci\u00f3n n.\u00ba 14<\/p>\n<\/td>\n<td colspan=\"1\" rowspan=\"1\"><\/td>\n<td class=\"bwvertalignt bwpadl0\" colspan=\"1\" rowspan=\"1\">\n<p class=\"bwcellpmargin\">\nInaplicaci\u00f3n de los derechos preferentes para la asignaci\u00f3n de acciones en relaci\u00f3n con el Plan de Incentivos 2021 y el Plan de Incentivos 2021 para no empleados, y<\/p>\n<\/td>\n<\/tr>\n<tr>\n<td class=\"bwvertalignt bwpadl0\" colspan=\"1\" rowspan=\"1\">\n<p class=\"bwcellpmargin\">\nResoluci\u00f3n n.\u00ba 15<\/p>\n<\/td>\n<td colspan=\"1\" rowspan=\"1\"><\/td>\n<td class=\"bwvertalignt bwpadl0\" colspan=\"1\" rowspan=\"1\">\n<p class=\"bwcellpmargin\">\nModificaci\u00f3n de los Estatutos de la Empresa como consecuencia de la modificaci\u00f3n del Acuerdo de Accionistas.<\/p>\n<\/td>\n<\/tr>\n<\/table>\n<p>\nSolo los accionistas registrados a las 23:59 (hora oriental) del 10 de agosto de 2023 (la \u201cFecha de Registro\u201d) tendr\u00e1n derecho a asistir y votar en la AGM. Los cambios en el registro de socios posteriores a la Fecha de Registro no se tendr\u00e1n en cuenta a la hora de determinar los derechos de cualquier persona a asistir y votar en la junta.<\/p>\n<p>\nEl comunicado en el idioma original es la versi\u00f3n oficial y autorizada del mismo. Esta traducci\u00f3n es solamente un medio de ayuda y deber\u00e1 ser comparada con el texto en idioma original, que es la \u00fanica versi\u00f3n del texto que tendr\u00e1 validez legal.<\/p>\n<p> <b>Contacts<\/b> <\/p>\n<p>\n<b>Consultas de prensa<\/b><br \/>ReNew | Shilpa Narani | <a target=\"_blank\" href=\"mailto:shilpa.narani@renew.com\" rel=\"nofollow noopener\">shilpa.narani@renew.com<\/a><\/p>\n<p>\n<b>Informaci\u00f3n para inversores<\/b><br \/>ReNew | Nathan Judge, Nitin Vaid | <a target=\"_blank\" href=\"mailto:ir@renew.com\" rel=\"nofollow noopener\">ir@renew.com<\/a><\/p>\n<\/div>\n","protected":false},"author":2,"featured_media":4234,"comment_status":"closed","ping_status":"closed","sticky":false,"template":"","format":"standard","meta":{"fifu_image_url":"https:\/\/mms.businesswire.com\/media\/20230802512595\/en\/1857294\/21\/renewlogo.jpg","fifu_image_alt":"Resumen: ReNew Energy Global Plc celebrar\u00e1 su segunda Junta General Anual el 12 de septiembre de 2023","footnotes":""},"categories":[44],"tags":[],"class_list":["post-4233","post","type-post","status-publish","format-standard","has-post-thumbnail","hentry","category-business-wire"],"_links":{"self":[{"href":"https:\/\/elmundodelapolitica.com\/v1\/wp-json\/wp\/v2\/posts\/4233","targetHints":{"allow":["GET"]}}],"collection":[{"href":"https:\/\/elmundodelapolitica.com\/v1\/wp-json\/wp\/v2\/posts"}],"about":[{"href":"https:\/\/elmundodelapolitica.com\/v1\/wp-json\/wp\/v2\/types\/post"}],"author":[{"embeddable":true,"href":"https:\/\/elmundodelapolitica.com\/v1\/wp-json\/wp\/v2\/users\/2"}],"replies":[{"embeddable":true,"href":"https:\/\/elmundodelapolitica.com\/v1\/wp-json\/wp\/v2\/comments?post=4233"}],"version-history":[{"count":0,"href":"https:\/\/elmundodelapolitica.com\/v1\/wp-json\/wp\/v2\/posts\/4233\/revisions"}],"wp:featuredmedia":[{"embeddable":true,"href":"https:\/\/elmundodelapolitica.com\/v1\/wp-json\/wp\/v2\/media\/4234"}],"wp:attachment":[{"href":"https:\/\/elmundodelapolitica.com\/v1\/wp-json\/wp\/v2\/media?parent=4233"}],"wp:term":[{"taxonomy":"category","embeddable":true,"href":"https:\/\/elmundodelapolitica.com\/v1\/wp-json\/wp\/v2\/categories?post=4233"},{"taxonomy":"post_tag","embeddable":true,"href":"https:\/\/elmundodelapolitica.com\/v1\/wp-json\/wp\/v2\/tags?post=4233"}],"curies":[{"name":"wp","href":"https:\/\/api.w.org\/{rel}","templated":true}]}}