{"id":4225,"date":"2023-08-02T21:14:34","date_gmt":"2023-08-03T01:14:34","guid":{"rendered":"https:\/\/elmundodelapolitica.com\/v1\/?p=4225"},"modified":"2023-08-02T21:14:34","modified_gmt":"2023-08-03T01:14:34","slug":"experto-norteamericano-afirma-aviacion-civil-de-rd-crece-con-el-mayor-respaldo-de-seguridad-operacional-de-su-historia","status":"publish","type":"post","link":"https:\/\/elmundodelapolitica.com\/v1\/experto-norteamericano-afirma-aviacion-civil-de-rd-crece-con-el-mayor-respaldo-de-seguridad-operacional-de-su-historia\/","title":{"rendered":"Experto norteamericano afirma aviaci\u00f3n civil de RD crece con el mayor respaldo de seguridad operacional de su historia"},"content":{"rendered":"<div>\n<p>Santo Domingo.- El sector aeron\u00e1utico de la Rep\u00fablica Dominicana\u00a0<strong>est\u00e1 creciendo con el mayor respaldo de seguridad operacional<\/strong>\u00a0<strong>de su historia<\/strong>, afirm\u00f3 el exfuncionario de la Administraci\u00f3n Federal de Aviaci\u00f3n de Estados Unidos\u00a0<strong>(FAA)<\/strong>\u00a0y asesor t\u00e9cnico del Instituto Dominicano de Aviaci\u00f3n Civil\u00a0<strong>(IDAC)<\/strong>,\u00a0<strong>Javier -Jay- Rodr\u00edguez.\u00a0<\/strong><\/p>\n<figure class=\"wp-block-image size-large\"><img loading=\"lazy\" data-attachment-id=\"31352\" data-permalink=\"https:\/\/elmundodelosnegocios.com.do\/v1\/index.php\/2023\/08\/02\/experto-norteamericano-afirma-aviacion-civil-de-rd-crece-con-el-mayor-respaldo-de-seguridad-operacional-de-su-historia\/ex-funcionario-de-la-administracion-federal-de-aviacion-de-estados-unidos-faa-y-asesor-tecnico-del-idac-javier-jay-rodriguez\/\" data-orig-file=\"https:\/\/i0.wp.com\/elmundodelosnegocios.com.do\/v1\/wp-content\/uploads\/2023\/08\/Ex-funcionario-de-la-Administracion-Federal-de-Aviacion-de-Estados-Unidos-FAA-y-asesor-tecnico-del-IDAC-Javier-Jay-Rodriguez..jpeg?fit=1300%2C731&amp;ssl=1\" data-orig-size=\"1300,731\" data-comments-opened=\"0\" data-image-meta='{\"aperture\":\"0\",\"credit\":\"\",\"camera\":\"\",\"caption\":\"\",\"created_timestamp\":\"0\",\"copyright\":\"\",\"focal_length\":\"0\",\"iso\":\"0\",\"shutter_speed\":\"0\",\"title\":\"\",\"orientation\":\"0\"}' data-image-title=\"Ex-funcionario-de-la-Administracion-Federal-de-Aviacion-de-Estados-Unidos-FAA-y-asesor-tecnico-del-IDAC-Javier-Jay-Rodriguez.\" data-image-description=\"&lt;p&gt;Ex funcionario de la Administracio\u0301n Federal de Aviacio\u0301n de Estados Unidos (FAA) y asesor te\u0301cnico del IDAC, Javier -Jay- Rodri\u0301guez.&lt;\/p&gt;\n\" data-image-caption=\"&lt;p&gt;Ex funcionario de la Administracio\u0301n Federal de Aviacio\u0301n de Estados Unidos (FAA) y asesor te\u0301cnico del IDAC, Javier -Jay- Rodri\u0301guez.&lt;\/p&gt;\n\" data-medium-file=\"https:\/\/i0.wp.com\/elmundodelosnegocios.com.do\/v1\/wp-content\/uploads\/2023\/08\/Ex-funcionario-de-la-Administracion-Federal-de-Aviacion-de-Estados-Unidos-FAA-y-asesor-tecnico-del-IDAC-Javier-Jay-Rodriguez..jpeg?fit=300%2C169&amp;ssl=1\" data-large-file=\"https:\/\/i0.wp.com\/elmundodelosnegocios.com.do\/v1\/wp-content\/uploads\/2023\/08\/Ex-funcionario-de-la-Administracion-Federal-de-Aviacion-de-Estados-Unidos-FAA-y-asesor-tecnico-del-IDAC-Javier-Jay-Rodriguez..jpeg?fit=1024%2C576&amp;ssl=1\" decoding=\"async\" width=\"1024\" height=\"576\" src=\"https:\/\/i0.wp.com\/elmundodelosnegocios.com.do\/v1\/wp-content\/uploads\/2023\/08\/Ex-funcionario-de-la-Administracion-Federal-de-Aviacion-de-Estados-Unidos-FAA-y-asesor-tecnico-del-IDAC-Javier-Jay-Rodriguez.-1024x576.jpeg?resize=1024,576&amp;ssl=1\" alt=\"\" class=\"wp-image-31352\" srcset=\"https:\/\/i0.wp.com\/elmundodelosnegocios.com.do\/v1\/wp-content\/uploads\/2023\/08\/Ex-funcionario-de-la-Administracion-Federal-de-Aviacion-de-Estados-Unidos-FAA-y-asesor-tecnico-del-IDAC-Javier-Jay-Rodriguez..jpeg?resize=1024%2C576&amp;ssl=1 1024w, https:\/\/i0.wp.com\/elmundodelosnegocios.com.do\/v1\/wp-content\/uploads\/2023\/08\/Ex-funcionario-de-la-Administracion-Federal-de-Aviacion-de-Estados-Unidos-FAA-y-asesor-tecnico-del-IDAC-Javier-Jay-Rodriguez..jpeg?resize=300%2C169&amp;ssl=1 300w, https:\/\/i0.wp.com\/elmundodelosnegocios.com.do\/v1\/wp-content\/uploads\/2023\/08\/Ex-funcionario-de-la-Administracion-Federal-de-Aviacion-de-Estados-Unidos-FAA-y-asesor-tecnico-del-IDAC-Javier-Jay-Rodriguez..jpeg?resize=768%2C432&amp;ssl=1 768w, https:\/\/i0.wp.com\/elmundodelosnegocios.com.do\/v1\/wp-content\/uploads\/2023\/08\/Ex-funcionario-de-la-Administracion-Federal-de-Aviacion-de-Estados-Unidos-FAA-y-asesor-tecnico-del-IDAC-Javier-Jay-Rodriguez..jpeg?w=1300&amp;ssl=1 1300w\" sizes=\"auto, (max-width: 1024px) 100vw, 1024px\" data-recalc-dims=\"1\"><figcaption class=\"wp-element-caption\">Ex funcionario de la Administracio\u0301n Federal de Aviacio\u0301n de Estados Unidos (FAA) y asesor te\u0301cnico del IDAC, Javier -Jay- Rodri\u0301guez.<\/figcaption><\/figure>\n<p>Al calificar como\u00a0<strong>inmenso<\/strong>\u00a0el crecimiento que ha registrado el sector aeron\u00e1utico en el pa\u00eds, Rodr\u00edguez resalt\u00f3 que hace algunos a\u00f1os en la Rep\u00fablica Dominicana apenas se contaba con un centenar de personas trabajando en la aviaci\u00f3n comercial, mientras que\u00a0<strong>hoy en d\u00eda una l\u00ednea a\u00e9rea como Arajet tiene 400 empleados.<\/strong>\u00a0<\/p>\n<p>En una declaraci\u00f3n emitida a trav\u00e9s del Departamento de Relaciones P\u00fablicas del IDAC, Rodr\u00edguez se refiri\u00f3 al\u00a0<strong>informe preliminar sobre el accidente de una aeronave de la l\u00ednea Red Air<\/strong>\u00a0en un aeropuerto de Miami, ocurrido hace m\u00e1s de un a\u00f1o, y explic\u00f3 que el\u00a0<strong>reporte dado a conocer no establece responsabilidad<\/strong>\u00a0sobre las causas del evento, ya que solo cita las informaciones levantadas durante las pesquisas realizadas.\u00a0<\/p>\n<p><em>\u201cHe visto datos del informe que la Junta Nacional de Seguridad del Transporte de Estados Unidos ha proporcionado al p\u00fablico y lo que he apreciado en ese reporte es que todav\u00eda no se han dado a conocer las causas concluyentes del accidente\u201d,\u00a0<\/em>apunt\u00f3 el experto en aviaci\u00f3n civil.\u00a0<\/p>\n<p>Consider\u00f3, por su lectura del reporte, que el accidente pudo haber sido ocasionado por un\u00a0<strong>desgaste de piezas<\/strong>, apuntando que se trat\u00f3 posiblemente de\u00a0<strong>un tema de mantenimiento y no de seguridad operacional atribuible a las autoridades del IDAC<\/strong>, como algunos insin\u00faan.\u00a0<\/p>\n<p>Indic\u00f3 que, desde ese acontecimiento hasta hoy, el<strong>\u00a0director general del IDAC, H\u00e9ctor Porcella<\/strong>, ha contratado a\u00a0<strong>6 expertos<\/strong>\u00a0en aviaci\u00f3n con alta experiencia y se\u00a0<strong>han mejorado sustancialmente los niveles de seguridad operacional en la instituci\u00f3n.<\/strong>\u00a0<\/p>\n<p><em>\u201cAdem\u00e1s el IDAC respondi\u00f3 apropiadamente, suspendiendo a la l\u00ednea a\u00e9rea por 30 d\u00edas, una de las penalidades m\u00e1s altas que se le puede aplicar a una compa\u00f1\u00eda, y en este caso la l\u00ednea involucrada ha cooperado ampliamente con el IDAC en cumplimiento de sus obligaciones del programa de mantenimiento\u201d,<\/em>\u00a0manifest\u00f3 Jay Rodr\u00edguez, quien estuvo acompa\u00f1ado de H\u00e9ctor Porcella y del director de Normas de Vuelo,\u00a0<strong>Pedro Alberto Pina de los Santos<\/strong>.\u00a0<\/p>\n<p>Por otra parte, aclar\u00f3 que\u00a0<strong>las normas aeron\u00e1uticas internacionales no exigen que sus autoridades de aviaci\u00f3n civil hablen un segundo idioma<\/strong>, aunque en el caso de la Rep\u00fablica Dominicana\u00a0<strong>el IDAC exige un nivel 4 de ingl\u00e9s<\/strong>\u00a0para todo el personal de las \u00e1reas t\u00e9cnicas, seg\u00fan recomienda la\u00a0<strong>OACI<\/strong>, independientemente de las normas de aviaci\u00f3n civil.<\/p>\n<\/div>\n","protected":false},"excerpt":{"rendered":"<p>Santo Domingo.- El sector aeron\u00e1utico de la Rep\u00fablica Dominicana\u00a0est\u00e1 creciendo con el mayor respaldo de seguridad operacional\u00a0de su historia, afirm\u00f3 el exfuncionario de la Administraci\u00f3n Federal de Aviaci\u00f3n de Estados&hellip; <\/p>\n","protected":false},"author":2,"featured_media":4226,"comment_status":"closed","ping_status":"closed","sticky":false,"template":"","format":"standard","meta":{"fifu_image_url":"https:\/\/i0.wp.com\/elmundodelosnegocios.com.do\/v1\/wp-content\/uploads\/2023\/08\/Ex-funcionario-de-la-Administracion-Federal-de-Aviacion-de-Estados-Unidos-FAA-y-asesor-tecnico-del-IDAC-Javier-Jay-Rodriguez.-1024x576.jpeg?resize=1024,576&ssl=1","fifu_image_alt":"Experto norteamericano afirma aviaci\u00f3n civil de RD crece con el mayor respaldo de seguridad operacional de su historia","footnotes":""},"categories":[63],"tags":[],"class_list":["post-4225","post","type-post","status-publish","format-standard","has-post-thumbnail","hentry","category-actualidad"],"_links":{"self":[{"href":"https:\/\/elmundodelapolitica.com\/v1\/wp-json\/wp\/v2\/posts\/4225","targetHints":{"allow":["GET"]}}],"collection":[{"href":"https:\/\/elmundodelapolitica.com\/v1\/wp-json\/wp\/v2\/posts"}],"about":[{"href":"https:\/\/elmundodelapolitica.com\/v1\/wp-json\/wp\/v2\/types\/post"}],"author":[{"embeddable":true,"href":"https:\/\/elmundodelapolitica.com\/v1\/wp-json\/wp\/v2\/users\/2"}],"replies":[{"embeddable":true,"href":"https:\/\/elmundodelapolitica.com\/v1\/wp-json\/wp\/v2\/comments?post=4225"}],"version-history":[{"count":0,"href":"https:\/\/elmundodelapolitica.com\/v1\/wp-json\/wp\/v2\/posts\/4225\/revisions"}],"wp:featuredmedia":[{"embeddable":true,"href":"https:\/\/elmundodelapolitica.com\/v1\/wp-json\/wp\/v2\/media\/4226"}],"wp:attachment":[{"href":"https:\/\/elmundodelapolitica.com\/v1\/wp-json\/wp\/v2\/media?parent=4225"}],"wp:term":[{"taxonomy":"category","embeddable":true,"href":"https:\/\/elmundodelapolitica.com\/v1\/wp-json\/wp\/v2\/categories?post=4225"},{"taxonomy":"post_tag","embeddable":true,"href":"https:\/\/elmundodelapolitica.com\/v1\/wp-json\/wp\/v2\/tags?post=4225"}],"curies":[{"name":"wp","href":"https:\/\/api.w.org\/{rel}","templated":true}]}}