{"id":4223,"date":"2023-08-02T13:17:51","date_gmt":"2023-08-02T17:17:51","guid":{"rendered":"https:\/\/elmundodelapolitica.com\/v1\/?p=4223"},"modified":"2023-08-02T13:17:51","modified_gmt":"2023-08-02T17:17:51","slug":"energia-y-minas-firma-contrato-con-empresa-kepco-para-construir-y-mejorar-subestaciones-electricas","status":"publish","type":"post","link":"https:\/\/elmundodelapolitica.com\/v1\/energia-y-minas-firma-contrato-con-empresa-kepco-para-construir-y-mejorar-subestaciones-electricas\/","title":{"rendered":"Energ\u00eda y Minas firma contrato con empresa KEPCO para construir y mejorar subestaciones el\u00e9ctricas"},"content":{"rendered":"<div>\n<p>Santo Domingo.- Con la finalidad de contribuir a\u00a0<strong>mejorar el servicio energ\u00e9tico,<\/strong>\u00a0el Gobierno, a trav\u00e9s del Ministerio de Energ\u00eda y Minas\u00a0<strong>(MEM)<\/strong>\u00a0y el Consejo Unificado de las Empresas Distribuidoras de Electricidad\u00a0<strong>(CUE)<\/strong>, firm\u00f3 un contrato con la empresa el\u00e9ctrica\u00a0<strong>Korea Electric Power Corporation (KEPCO)<\/strong>, la mayor empresa de dicho pa\u00eds en esa rama, para el\u00a0<strong>abastecimiento, dise\u00f1o y construcci\u00f3n de varias subestaciones el\u00e9ctricas.<\/strong><\/p>\n<div class=\"wp-block-image\">\n<figure class=\"aligncenter size-large\"><img loading=\"lazy\" data-attachment-id=\"31347\" data-permalink=\"https:\/\/elmundodelosnegocios.com.do\/v1\/index.php\/2023\/08\/02\/energia-y-minas-firma-contrato-con-empresa-kepco-para-construir-y-mejorar-subestaciones-electricas\/1-1-34\/\" data-orig-file=\"https:\/\/i0.wp.com\/elmundodelosnegocios.com.do\/v1\/wp-content\/uploads\/2023\/08\/1-1.jpg?fit=1300%2C731&amp;ssl=1\" data-orig-size=\"1300,731\" data-comments-opened=\"0\" data-image-meta='{\"aperture\":\"0\",\"credit\":\"\",\"camera\":\"\",\"caption\":\"\",\"created_timestamp\":\"0\",\"copyright\":\"\",\"focal_length\":\"0\",\"iso\":\"0\",\"shutter_speed\":\"0\",\"title\":\"\",\"orientation\":\"0\"}' data-image-title=\"1-1\" data-image-description=\"\" data-image-caption=\"\" data-medium-file=\"https:\/\/i0.wp.com\/elmundodelosnegocios.com.do\/v1\/wp-content\/uploads\/2023\/08\/1-1.jpg?fit=300%2C169&amp;ssl=1\" data-large-file=\"https:\/\/i0.wp.com\/elmundodelosnegocios.com.do\/v1\/wp-content\/uploads\/2023\/08\/1-1.jpg?fit=1024%2C576&amp;ssl=1\" decoding=\"async\" width=\"1024\" height=\"576\" src=\"https:\/\/i0.wp.com\/elmundodelosnegocios.com.do\/v1\/wp-content\/uploads\/2023\/08\/1-1-1024x576.jpg?resize=1024,576&amp;ssl=1\" alt=\"\" class=\"wp-image-31347\" srcset=\"https:\/\/i0.wp.com\/elmundodelosnegocios.com.do\/v1\/wp-content\/uploads\/2023\/08\/1-1.jpg?resize=1024%2C576&amp;ssl=1 1024w, https:\/\/i0.wp.com\/elmundodelosnegocios.com.do\/v1\/wp-content\/uploads\/2023\/08\/1-1.jpg?resize=300%2C169&amp;ssl=1 300w, https:\/\/i0.wp.com\/elmundodelosnegocios.com.do\/v1\/wp-content\/uploads\/2023\/08\/1-1.jpg?resize=768%2C432&amp;ssl=1 768w, https:\/\/i0.wp.com\/elmundodelosnegocios.com.do\/v1\/wp-content\/uploads\/2023\/08\/1-1.jpg?w=1300&amp;ssl=1 1300w\" sizes=\"auto, (max-width: 1024px) 100vw, 1024px\" data-recalc-dims=\"1\"><\/figure>\n<\/div>\n<p>El contrato fue firmado este martes en la sede del MEM por el ministro\u00a0<strong>Antonio Almonte; Manuel Bonilla<\/strong>, presidente del Consejo Unificado, y el se\u00f1or\u00a0<strong>Hyunchan Lee<\/strong>, presidente ejecutivo y director de negocios globales de KEPCO.<\/p>\n<p>El acuerdo estipula dise\u00f1o y suministro, as\u00ed\u00a0 como servicios de instalaci\u00f3n y rehabilitaci\u00f3n de un\u00a0<strong>primer paquete de subestaciones<\/strong>\u00a0de la Empresa de Electricidad del Sur\u00a0<strong>(Edesur)<\/strong>.<\/p>\n<p>Almonte destac\u00f3 que este acuerdo implica la construcci\u00f3n e instalaci\u00f3n de\u00a0<strong>subestaciones modernas y de elevada calidad\u00a0<\/strong>que van a contribuir a un nivel m\u00e1s eficiente del trabajo renovado que ya realiza la empresa distribuidora Edesur.<\/p>\n<p>As\u00ed mismo, destac\u00f3 que la sociedad dominicana conoce de los\u00a0<strong>avances<\/strong>\u00a0que se est\u00e1n experimentando en materia de generaci\u00f3n, la cual se ha ampliado fuertemente con base en\u00a0<strong>fuentes renovables<\/strong>.<\/p>\n<p><strong>El ingeniero Almonte\u00a0<\/strong>asever\u00f3 que el Gobierno tiene el compromiso de impulsar necesarias\u00a0<strong>reformas en el subsector de la distribuci\u00f3n de la electricidad<\/strong>, elevando su\u00a0<strong>capacidad operativa<\/strong>\u00a0por medio de instalaciones modernas y eficientes, en este caso, subestaciones.<\/p>\n<p>En ese sentido, el titular del MEM reconoci\u00f3 el hecho de que este proyecto ser\u00e1 ejecutado por\u00a0<strong>KEPCO<\/strong>, que es la principal empresa de distribuci\u00f3n el\u00e9ctrica de Corea y\u00a0<strong>a nivel mundial tiene uno de los mejores registros respecto a calidad y eficiencia de distribuci\u00f3n el\u00e9ctrica.<\/strong><\/p>\n<p><em>\u201cEs una empresa conocida en el pa\u00eds y que conoce a Rep\u00fablica Dominicana y que por el hecho de que organismos internacionales la han utilizado para ejecutar proyectos puntuales en Rep\u00fablica Dominicana, esto le da garant\u00eda al pa\u00eds y a Edesur\u201d,<\/em>\u00a0se\u00f1al\u00f3 Almonte.<\/p>\n<figure class=\"wp-block-image\"><img decoding=\"async\" src=\"https:\/\/i0.wp.com\/presidencia.gob.do\/sites\/default\/files\/inline-images\/Manuel Bonilla CUED, Ministro Antonio Almonte, Hyuncha Lee KEPCO y Milton Morrison Edesur Dominicana.jpg?w=1110&amp;ssl=1\" alt=\"\" data-recalc-dims=\"1\"><\/figure>\n<p>De su lado,\u00a0<strong>Hyunchan Lee agradeci\u00f3<\/strong>\u00a0al ministro Almonte por otorgarles\u00a0<strong>la oportunidad\u00a0<\/strong>de hacer todo el esfuerzo para ejecutar satisfactoriamente el proyecto, siendo un\u00a0<strong>socio estrat\u00e9gico que coopere con la mejora del sector.<\/strong><\/p>\n<p>En ese mismo orden,\u00a0<strong>Manuel Bonilla<\/strong>, presidente del Consejo Unificado de las Empresas Distribuidoras de Electricidad, celebr\u00f3 la disposici\u00f3n del MEM de hacer este evento p\u00fablico y as\u00ed\u00a0<strong>demostrar lo que est\u00e1 sucediendo a favor del sector el\u00e9ctrico<\/strong>.<\/p>\n<p>Dijo que la firma de este acuerdo es\u00a0<strong>uno de m\u00faltiples pasos hacia una mejora sustancial de la distribuci\u00f3n el\u00e9ctrica<\/strong>\u00a0en el tiempo, y marca un paso m\u00e1s en la creaci\u00f3n de subestaciones modernas para el crecimiento de la capacidad de distribuci\u00f3n de las EDE el\u00e9ctricas del pa\u00eds.<\/p>\n<p><strong>Milton Morrison<\/strong>, gerente general de Edesur, mostr\u00f3 su agradecimiento al resaltar la importancia de este proyecto en manos de la empresa KEPCO y agreg\u00f3 que con este proyecto el\u00a0<strong>Gobierno del presidente Luis Abinader lo dejar\u00e1 como legado<\/strong>, ya que, es la\u00a0<strong>inversi\u00f3n m\u00e1s grande<\/strong>\u00a0que se ha hecho desde la fundaci\u00f3n de las empresas distribuidoras, cuya suma es de\u00a0<strong>155 millones de d\u00f3lares para la construcci\u00f3n y rehabilitaci\u00f3n de subestaciones.<\/strong><\/p>\n<p>Almonte se hizo acompa\u00f1ar del viceministro de Energ\u00eda,\u00a0<strong>Rafael G\u00f3mez<\/strong>; el director de Relaciones Internacionales del MEM,\u00a0<strong>Gustavo Mej\u00eda-Ricart<\/strong>, y la encargada de la direcci\u00f3n de Relaciones Internacionales,\u00a0<strong>Carolina S\u00e1nchez<\/strong>.<\/p>\n<p>Igualmente,<strong>\u00a0 Jacqueline P\u00e9rez<\/strong>, abogada notaria;\u00a0<strong>Matilde Balc\u00e1cer<\/strong>, directora jur\u00eddica;\u00a0<strong>Marlin Brito<\/strong>, representante de la Unidad Ejecutora de Proyectos (UEP) del MEM.<\/p>\n<p>A su vez, el se\u00f1or Hyunchan Lee, estuvo acompa\u00f1ado de una\u00a0<strong>delegaci\u00f3n de la empresa KEPCO.<\/strong><\/p>\n<\/div>\n","protected":false},"excerpt":{"rendered":"<p>Santo Domingo.- Con la finalidad de contribuir a\u00a0mejorar el servicio energ\u00e9tico,\u00a0el Gobierno, a trav\u00e9s del Ministerio de Energ\u00eda y Minas\u00a0(MEM)\u00a0y el Consejo Unificado de las Empresas Distribuidoras de Electricidad\u00a0(CUE), firm\u00f3&hellip; <\/p>\n","protected":false},"author":2,"featured_media":4224,"comment_status":"closed","ping_status":"closed","sticky":false,"template":"","format":"standard","meta":{"fifu_image_url":"https:\/\/i0.wp.com\/elmundodelosnegocios.com.do\/v1\/wp-content\/uploads\/2023\/08\/1-1-1024x576.jpg?resize=1024,576&ssl=1","fifu_image_alt":"Energ\u00eda y Minas firma contrato con empresa KEPCO para construir y mejorar subestaciones el\u00e9ctricas","footnotes":""},"categories":[63],"tags":[],"class_list":["post-4223","post","type-post","status-publish","format-standard","has-post-thumbnail","hentry","category-actualidad"],"_links":{"self":[{"href":"https:\/\/elmundodelapolitica.com\/v1\/wp-json\/wp\/v2\/posts\/4223","targetHints":{"allow":["GET"]}}],"collection":[{"href":"https:\/\/elmundodelapolitica.com\/v1\/wp-json\/wp\/v2\/posts"}],"about":[{"href":"https:\/\/elmundodelapolitica.com\/v1\/wp-json\/wp\/v2\/types\/post"}],"author":[{"embeddable":true,"href":"https:\/\/elmundodelapolitica.com\/v1\/wp-json\/wp\/v2\/users\/2"}],"replies":[{"embeddable":true,"href":"https:\/\/elmundodelapolitica.com\/v1\/wp-json\/wp\/v2\/comments?post=4223"}],"version-history":[{"count":0,"href":"https:\/\/elmundodelapolitica.com\/v1\/wp-json\/wp\/v2\/posts\/4223\/revisions"}],"wp:featuredmedia":[{"embeddable":true,"href":"https:\/\/elmundodelapolitica.com\/v1\/wp-json\/wp\/v2\/media\/4224"}],"wp:attachment":[{"href":"https:\/\/elmundodelapolitica.com\/v1\/wp-json\/wp\/v2\/media?parent=4223"}],"wp:term":[{"taxonomy":"category","embeddable":true,"href":"https:\/\/elmundodelapolitica.com\/v1\/wp-json\/wp\/v2\/categories?post=4223"},{"taxonomy":"post_tag","embeddable":true,"href":"https:\/\/elmundodelapolitica.com\/v1\/wp-json\/wp\/v2\/tags?post=4223"}],"curies":[{"name":"wp","href":"https:\/\/api.w.org\/{rel}","templated":true}]}}