{"id":4205,"date":"2023-08-01T09:53:43","date_gmt":"2023-08-01T13:53:43","guid":{"rendered":"https:\/\/elmundodelapolitica.com\/v1\/?p=4205"},"modified":"2023-08-01T09:53:43","modified_gmt":"2023-08-01T13:53:43","slug":"vicepresidenta-pena-encabeza-simposio-de-planificacion-energetica-por-xxii-aniversario-cne","status":"publish","type":"post","link":"https:\/\/elmundodelapolitica.com\/v1\/vicepresidenta-pena-encabeza-simposio-de-planificacion-energetica-por-xxii-aniversario-cne\/","title":{"rendered":"Vicepresidenta Pe\u00f1a encabeza simposio de planificaci\u00f3n energ\u00e9tica por XXII Aniversario CNE"},"content":{"rendered":"<div>\n<p>Santo Domingo.- Al encabezar el\u00a0<strong>Simposio de Planificaci\u00f3n de Renovables<\/strong>\u00a0por el\u00a0<strong>XXII Aniversario<\/strong>\u00a0de la Comisi\u00f3n Nacional de Energ\u00eda\u00a0<strong>(CNE)<\/strong>, la vicepresidenta de la Rep\u00fablica,\u00a0<strong>Raquel Pe\u00f1a,<\/strong>\u00a0habl\u00f3 sobre la proyecci\u00f3n de que para el 2025 el pa\u00eds contar\u00e1 con el\u00a0<strong>anhelado 25 % de fuentes primarias renovables en su matriz energ\u00e9tica<\/strong>, cumpliendo de esta manera con lo establecido en la\u00a0<strong>Estrategia Nacional de Desarrollo y la Ley n\u00famero 5707<\/strong>sobre Incentivo al Desarrollo de Fuentes Renovables de Energ\u00eda.<\/p>\n<div class=\"wp-block-image\">\n<figure class=\"aligncenter size-large\"><img data-attachment-id=\"31320\" data-permalink=\"https:\/\/elmundodelosnegocios.com.do\/v1\/index.php\/2023\/08\/01\/vicepresidenta-raquel-pena-encabeza-simposio-de-planificacion-energetica-por-xxii-aniversario-cne\/19e10b54-af83-4435-9a40-4d5c7d54fc9c\/\" data-orig-file=\"https:\/\/i0.wp.com\/elmundodelosnegocios.com.do\/v1\/wp-content\/uploads\/2023\/08\/19e10b54-af83-4435-9a40-4d5c7d54fc9c.jpeg?fit=1300%2C731&amp;ssl=1\" data-orig-size=\"1300,731\" data-comments-opened=\"0\" data-image-meta='{\"aperture\":\"0\",\"credit\":\"\",\"camera\":\"\",\"caption\":\"\",\"created_timestamp\":\"0\",\"copyright\":\"\",\"focal_length\":\"0\",\"iso\":\"0\",\"shutter_speed\":\"0\",\"title\":\"\",\"orientation\":\"0\"}' data-image-title=\"19e10b54-af83-4435-9a40-4d5c7d54fc9c\" data-image-description=\"\" data-image-caption=\"\" data-medium-file=\"https:\/\/i0.wp.com\/elmundodelosnegocios.com.do\/v1\/wp-content\/uploads\/2023\/08\/19e10b54-af83-4435-9a40-4d5c7d54fc9c.jpeg?fit=300%2C169&amp;ssl=1\" data-large-file=\"https:\/\/i0.wp.com\/elmundodelosnegocios.com.do\/v1\/wp-content\/uploads\/2023\/08\/19e10b54-af83-4435-9a40-4d5c7d54fc9c.jpeg?fit=1024%2C576&amp;ssl=1\" decoding=\"async\" loading=\"lazy\" width=\"1024\" height=\"576\" src=\"https:\/\/i0.wp.com\/elmundodelosnegocios.com.do\/v1\/wp-content\/uploads\/2023\/08\/19e10b54-af83-4435-9a40-4d5c7d54fc9c-1024x576.jpeg?resize=1024,576&amp;ssl=1\" alt=\"\" class=\"wp-image-31320\" srcset=\"https:\/\/i0.wp.com\/elmundodelosnegocios.com.do\/v1\/wp-content\/uploads\/2023\/08\/19e10b54-af83-4435-9a40-4d5c7d54fc9c.jpeg?resize=1024%2C576&amp;ssl=1 1024w, https:\/\/i0.wp.com\/elmundodelosnegocios.com.do\/v1\/wp-content\/uploads\/2023\/08\/19e10b54-af83-4435-9a40-4d5c7d54fc9c.jpeg?resize=300%2C169&amp;ssl=1 300w, https:\/\/i0.wp.com\/elmundodelosnegocios.com.do\/v1\/wp-content\/uploads\/2023\/08\/19e10b54-af83-4435-9a40-4d5c7d54fc9c.jpeg?resize=768%2C432&amp;ssl=1 768w, https:\/\/i0.wp.com\/elmundodelosnegocios.com.do\/v1\/wp-content\/uploads\/2023\/08\/19e10b54-af83-4435-9a40-4d5c7d54fc9c.jpeg?w=1300&amp;ssl=1 1300w\" sizes=\"auto, (max-width: 1024px) 100vw, 1024px\" data-recalc-dims=\"1\"><\/figure>\n<\/div>\n<p><em>\u201cEste gran logro ser\u00e1 posible por la puesta en marcha de tres grandes acciones que tienen por objetivo impulsar la producci\u00f3n de energ\u00eda, a partir de fuentes renovables, como la matriz de generaci\u00f3n del gas natural como combustible de transici\u00f3n, la construcci\u00f3n de grandes proyectos de energ\u00eda limpia y renovables, la interconexi\u00f3n de grandes proyectos de fuentes e\u00f3licas y solar fotovoltaica y el avance en la construcci\u00f3n de otros proyectos\u201d<\/em>, indic\u00f3 Pe\u00f1a.\u00a0<\/p>\n<p>Durante el abordaje del tema\u00a0<strong>\u201cVisi\u00f3n del Estado Dominicano en el Impulso de la Transici\u00f3n Energ\u00e9tica\u201d<\/strong>, Pe\u00f1a precis\u00f3 que\u00a0 en el gran desarrollo energ\u00e9tico del pa\u00eds destacan iniciativas y plataformas internacionales, como el\u00a0<em>ranking<\/em>\u00a0<strong>Climatescope de Bloomberg o FDI Markets<\/strong>, que coloca a la Rep\u00fablica Dominicana\u00a0<strong>entre los primeros 5 pa\u00edses<\/strong>\u00a0del continente con las\u00a0<strong>mejores condiciones para la inversi\u00f3n en energ\u00edas renovables.<\/strong>\u00a0<\/p>\n<p>Mientras, el\u00a0<strong>director ejecutivo de la CNE, Edward Veras<\/strong>, valor\u00f3 el compromiso de este Gobierno con la promoci\u00f3n de\u00a0<strong>soluciones energ\u00e9ticas limpias<\/strong>\u00a0y destac\u00f3 la importancia de la\u00a0<strong>planificaci\u00f3n estrat\u00e9gica<\/strong>\u00a0como pilar fundamental para el \u00e9xito de esta transici\u00f3n.\u00a0<\/p>\n<p><em>\u201cPodemos resaltar que, en este primer semestre del 2023, han entrado ocho grandes centrales renovables al sistema el\u00e9ctrico nacional, garantizando que, para agosto de este mismo a\u00f1o, tendremos el 16 % de la energ\u00eda generada con renovables\u201d<\/em>\u00a0indic\u00f3.\u00a0<\/p>\n<p>El Simposio cont\u00f3 con la participaci\u00f3n de\u00a0<strong>reconocidos especialistas nacionales e internacionales<\/strong>\u00a0en el campo de las energ\u00edas renovables y tuvo lugar en el Hotel El Embajador.<\/p>\n<p>\u00a0Con este evento, la CNE refuerza su compromiso de seguir impulsando la adopci\u00f3n de energ\u00edas limpias y renovables en el pa\u00eds, encaminando a la Rep\u00fablica Dominicana hacia un\u00a0<strong>futuro energ\u00e9tico m\u00e1s sostenible y responsable con el medio ambiente y las generaciones venideras.<\/strong><\/p>\n<figure class=\"wp-block-image\"><img decoding=\"async\" src=\"https:\/\/i0.wp.com\/presidencia.gob.do\/sites\/default\/files\/inline-images\/901f2bd0-7d13-450b-bc1d-c39885263868.jpeg?w=1110&amp;ssl=1\" alt=\"\" data-recalc-dims=\"1\"><\/figure>\n<p><strong>Ponencias<\/strong>\u00a0<\/p>\n<p>En el primer panel titulado\u00a0<strong>\u00a8Seguridad Energ\u00e9tica en Pa\u00edses Insulares\u00a8<\/strong>\u00a0estuvieron\u00a0<strong>Emmanuel Moctezuma<\/strong>, gerente de Desarrollo de Negocios de AES;\u00a0<strong>Alfonso Rodr\u00edguez<\/strong>, miembro de la Junta Directiva de Soventix, y\u00a0<strong>Rodrigo Aire<\/strong>, ingeniero en Innovaci\u00f3n Tecnol\u00f3gica en ACCIONA Energ\u00eda, bajo la moderaci\u00f3n de\u00a0<strong>Jesualdo Jim\u00e9nez<\/strong>, encargado de la Divisi\u00f3n de Estudios y Gesti\u00f3n de la Expansi\u00f3n El\u00e9ctrica de la CNE.<\/p>\n<p>A seguidas, se present\u00f3 la\u00a0<strong>exposici\u00f3n internacional sobre planificaci\u00f3n<\/strong>, a cargo de\u00a0<strong>Le\u00f3n Roose<\/strong>, especialista jefe de Tecnolog\u00eda GridSTART, Instituto de Energ\u00eda Natural de Haw\u00e1i.\u00a0\u00a0<\/p>\n<p>Para abordar el tema\u00a0<strong>\u00a8Impacto de las Energ\u00edas Renovables Variables en la Operaci\u00f3n del SENI\u00a8\u00a0<\/strong>se reunieron en un segundo panel,\u00a0<strong>Manuel L\u00f3pez<\/strong>, gerente general del Organismo Coordinador;\u00a0<strong>Roberto Herrera<\/strong>, director del Consejo Pa\u00eds Interenergy Group, y\u00a0<strong>Mart\u00edn Robles<\/strong>, gerente general de la Empresa de Transmisi\u00f3n El\u00e9ctrica Dominicana (ETED), con la moderaci\u00f3n de\u00a0<strong>Ricardo Guerrero<\/strong>, director de la Direcci\u00f3n El\u00e9ctrica de la CNE.<\/p>\n<p>La jornada tambi\u00e9n incluy\u00f3 el panel sobre\u00a0<strong>\u00a8Normas de las Renovables: Leyes y Normativas en Renovables\u00a8<\/strong>\u00a0con las ponencias de\u00a0<strong>Eduardo S\u00e1nchez<\/strong>, encargado de la Divisi\u00f3n de Desarrollo Normativo de la CNE;\u00a0<strong>Ar\u00f3n Su\u00e1rez<\/strong>, director de Asuntos Jur\u00eddicos de la Superintendencia de Electricidad (SIE), y\u00a0<strong>Katherine Rosa<\/strong>, de la Oficina de Abogados Jim\u00e9nez Pe\u00f1a; espacio moderado por\u00a0<strong>Orlando Fern\u00e1ndez<\/strong>, director jur\u00eddico de la CNE.<\/p>\n<p>\u00a0Otro de los paneles abord\u00f3 el tema\u00a0<strong>\u00a8Incentivos de las Renovables: Incentivos e Inversi\u00f3n en Renovables\u00a8<\/strong>\u00a0y estuvieron como expositores\u00a0<strong>Julio Andrien<\/strong>, oficial de Inversiones em PROPARCO;\u00a0<strong>Ricardo Est\u00e9vez<\/strong>, gerente general de Desarrollo de EGEHAINA, y\u00a0<strong>Andi Alm\u00e1nzar<\/strong>, encargada de Incentivos a las Energ\u00edas Renovables de la CNE; con la moderaci\u00f3n de\u00a0<strong>Leonardo Perozo<\/strong>, economista, doctor en Pol\u00edtica Econ\u00f3mica Internacional.<\/p>\n<p><strong>Actividades de aniversario<\/strong><\/p>\n<p>En actividades previas al Simposio, la CNE deposit\u00f3 una ofrenda floral en el Altar de la Patria y fue celebrada una misa de acci\u00f3n de gracias en la Parroquia Jes\u00fas Maestro, para conmemorar el\u00a0<strong>XXII Aniversario de la instituci\u00f3n.<\/strong><\/p>\n<p>El director Edward Veras resalt\u00f3 el\u00a0<strong>compromiso y esfuerzo de los colaboradores<\/strong>\u00a0en torno a la planificaci\u00f3n energ\u00e9tica, la integraci\u00f3n de renovables, la eficiencia energ\u00e9tica y la regulaci\u00f3n nuclear, reafirmando que<em>\u00a0\u201cseguimos siendo la garant\u00eda del desarrollo sostenible en la Rep\u00fablica Dominicana\u201d.<\/em><\/p>\n<\/div>\n","protected":false},"excerpt":{"rendered":"<p>Santo Domingo.- Al encabezar el\u00a0Simposio de Planificaci\u00f3n de Renovables\u00a0por el\u00a0XXII Aniversario\u00a0de la Comisi\u00f3n Nacional de Energ\u00eda\u00a0(CNE), la vicepresidenta de la Rep\u00fablica,\u00a0Raquel Pe\u00f1a,\u00a0habl\u00f3 sobre la proyecci\u00f3n de que para el 2025&hellip; <\/p>\n","protected":false},"author":2,"featured_media":4206,"comment_status":"closed","ping_status":"closed","sticky":false,"template":"","format":"standard","meta":{"fifu_image_url":"https:\/\/i0.wp.com\/elmundodelosnegocios.com.do\/v1\/wp-content\/uploads\/2023\/08\/19e10b54-af83-4435-9a40-4d5c7d54fc9c-1024x576.jpeg?resize=1024,576&ssl=1","fifu_image_alt":"Vicepresidenta Pe\u00f1a encabeza simposio de planificaci\u00f3n energ\u00e9tica por XXII Aniversario CNE","footnotes":""},"categories":[63],"tags":[],"class_list":["post-4205","post","type-post","status-publish","format-standard","has-post-thumbnail","hentry","category-actualidad"],"_links":{"self":[{"href":"https:\/\/elmundodelapolitica.com\/v1\/wp-json\/wp\/v2\/posts\/4205","targetHints":{"allow":["GET"]}}],"collection":[{"href":"https:\/\/elmundodelapolitica.com\/v1\/wp-json\/wp\/v2\/posts"}],"about":[{"href":"https:\/\/elmundodelapolitica.com\/v1\/wp-json\/wp\/v2\/types\/post"}],"author":[{"embeddable":true,"href":"https:\/\/elmundodelapolitica.com\/v1\/wp-json\/wp\/v2\/users\/2"}],"replies":[{"embeddable":true,"href":"https:\/\/elmundodelapolitica.com\/v1\/wp-json\/wp\/v2\/comments?post=4205"}],"version-history":[{"count":0,"href":"https:\/\/elmundodelapolitica.com\/v1\/wp-json\/wp\/v2\/posts\/4205\/revisions"}],"wp:featuredmedia":[{"embeddable":true,"href":"https:\/\/elmundodelapolitica.com\/v1\/wp-json\/wp\/v2\/media\/4206"}],"wp:attachment":[{"href":"https:\/\/elmundodelapolitica.com\/v1\/wp-json\/wp\/v2\/media?parent=4205"}],"wp:term":[{"taxonomy":"category","embeddable":true,"href":"https:\/\/elmundodelapolitica.com\/v1\/wp-json\/wp\/v2\/categories?post=4205"},{"taxonomy":"post_tag","embeddable":true,"href":"https:\/\/elmundodelapolitica.com\/v1\/wp-json\/wp\/v2\/tags?post=4205"}],"curies":[{"name":"wp","href":"https:\/\/api.w.org\/{rel}","templated":true}]}}