{"id":4203,"date":"2023-08-01T09:50:02","date_gmt":"2023-08-01T13:50:02","guid":{"rendered":"https:\/\/elmundodelapolitica.com\/v1\/?p=4203"},"modified":"2023-08-01T09:50:02","modified_gmt":"2023-08-01T13:50:02","slug":"la-feria-del-libro-2023-ofrecera-amplia-programacion-literaria-y-cultural","status":"publish","type":"post","link":"https:\/\/elmundodelapolitica.com\/v1\/la-feria-del-libro-2023-ofrecera-amplia-programacion-literaria-y-cultural\/","title":{"rendered":"La Feria del Libro 2023 ofrecer\u00e1 amplia programaci\u00f3n literaria y cultural"},"content":{"rendered":"<div>\n<p>Santo Domingo.- Los amantes de la literatura y la cultura disfrutar\u00e1n de una amplia variedad de actividades durante la\u00a0<strong>XXV Feria Internacional del Libro Santo Domingo 2023 (FILSD 2023),<\/strong>\u00a0con una oferta que promete\u00a0<strong>superar las expectativas<\/strong>\u00a0de los asistentes, seg\u00fan el programa difundido por el Ministerio de Cultura.<\/p>\n<div class=\"wp-block-image\">\n<figure class=\"aligncenter size-large\"><img data-attachment-id=\"31317\" data-permalink=\"https:\/\/elmundodelosnegocios.com.do\/v1\/index.php\/2023\/08\/01\/la-feria-del-libro-2023-ofrecera-amplia-programacion-literaria-y-cultural\/feria-del-libro\/\" data-orig-file=\"https:\/\/i0.wp.com\/elmundodelosnegocios.com.do\/v1\/wp-content\/uploads\/2023\/08\/feria-del-libro.jpeg?fit=1300%2C731&amp;ssl=1\" data-orig-size=\"1300,731\" data-comments-opened=\"0\" data-image-meta='{\"aperture\":\"0\",\"credit\":\"\",\"camera\":\"\",\"caption\":\"\",\"created_timestamp\":\"0\",\"copyright\":\"\",\"focal_length\":\"0\",\"iso\":\"0\",\"shutter_speed\":\"0\",\"title\":\"\",\"orientation\":\"0\"}' data-image-title=\"feria-del-libro\" data-image-description=\"\" data-image-caption=\"\" data-medium-file=\"https:\/\/i0.wp.com\/elmundodelosnegocios.com.do\/v1\/wp-content\/uploads\/2023\/08\/feria-del-libro.jpeg?fit=300%2C169&amp;ssl=1\" data-large-file=\"https:\/\/i0.wp.com\/elmundodelosnegocios.com.do\/v1\/wp-content\/uploads\/2023\/08\/feria-del-libro.jpeg?fit=1024%2C576&amp;ssl=1\" decoding=\"async\" loading=\"lazy\" width=\"1024\" height=\"576\" src=\"https:\/\/i0.wp.com\/elmundodelosnegocios.com.do\/v1\/wp-content\/uploads\/2023\/08\/feria-del-libro-1024x576.jpeg?resize=1024,576&amp;ssl=1\" alt=\"\" class=\"wp-image-31317\" srcset=\"https:\/\/i0.wp.com\/elmundodelosnegocios.com.do\/v1\/wp-content\/uploads\/2023\/08\/feria-del-libro.jpeg?resize=1024%2C576&amp;ssl=1 1024w, https:\/\/i0.wp.com\/elmundodelosnegocios.com.do\/v1\/wp-content\/uploads\/2023\/08\/feria-del-libro.jpeg?resize=300%2C169&amp;ssl=1 300w, https:\/\/i0.wp.com\/elmundodelosnegocios.com.do\/v1\/wp-content\/uploads\/2023\/08\/feria-del-libro.jpeg?resize=768%2C432&amp;ssl=1 768w, https:\/\/i0.wp.com\/elmundodelosnegocios.com.do\/v1\/wp-content\/uploads\/2023\/08\/feria-del-libro.jpeg?w=1300&amp;ssl=1 1300w\" sizes=\"auto, (max-width: 1024px) 100vw, 1024px\" data-recalc-dims=\"1\"><\/figure>\n<\/div>\n<p>Esta fiesta literaria y cultural tiene como lema\u00a0<strong>\u201cPara todo hay un libro\u201d\u00a0<\/strong>y se celebrar\u00e1 del 24 de agosto al 3 de septiembre en la renovada Plaza de la Cultura Juan Pablo Duarte.\u00a0<strong>Est\u00e1 dedicada a la escritora dominicana Jeannette Miller y cuenta con Israel como pa\u00eds invitado.<\/strong>\u00a0<\/p>\n<p>Durante los 10 d\u00edas de feria, el programa incluir\u00e1\u00a0<strong>m\u00e1s de 350 actividades<\/strong>, entre las que figuran conferencias, coloquios, charlas, presentaciones de libros, talleres, exposiciones, muestras de cine y actividades infantiles, lo que garantiza una\u00a0<strong>oferta amplia y variada para el p\u00fablico de todas las edades.<\/strong><\/p>\n<p><strong>Conferencias y charlas en torno al libro<\/strong><\/p>\n<p>Reconocidos escritores, acad\u00e9micos y figuras literarias nacionales e internacionales participar\u00e1n en un\u00a0<strong>nutrido programa de conferencias y charlas.<\/strong>\u00a0Temas como la literatura contempor\u00e1nea, el fomento de la lectura y el impacto de la tecnolog\u00eda en la industria editorial ser\u00e1n algunos de los que ser\u00e1n abordados.<\/p>\n<p>De igual forma, durante cada jornada de la Feria del Libro 2023 se llevar\u00e1n a cabo\u00a0<strong>diversas presentaciones de libros<\/strong>, ofreciendo a los\u00a0<strong>autores dominicanos y extranjeros<\/strong>\u00a0la oportunidad de dar a conocer sus obras y establecer un\u00a0<strong>di\u00e1logo directo con sus lectores.<\/strong><\/p>\n<figure class=\"wp-block-image\"><img decoding=\"async\" src=\"https:\/\/i0.wp.com\/presidencia.gob.do\/sites\/default\/files\/inline-images\/Los visitantes podr\u00e1n disfrutar de m\u00e1s de 35 eventos diarios, que incluyen la participaci\u00f3n de intelectuales y artistas locales y extranjeros.JPG?w=1110&amp;ssl=1\" alt=\"\" data-recalc-dims=\"1\"><\/figure>\n<p><strong>Cine y arte<\/strong><\/p>\n<p>Parte de la oferta cultural de esta edici\u00f3n incluye la\u00a0<strong>exposici\u00f3n fotogr\u00e1fica \u201cEmociones\u201d, de Jochy Campusano<\/strong>, en la que se podr\u00e1 disfrutar de una serie de retratos que muestran una\u00a0<strong>amplia gama de emociones humanas<\/strong>, desde la euforia desenfrenada hasta la melancol\u00eda m\u00e1s profunda,\u00a0<strong>captadas en el ambiente teatral.<\/strong><\/p>\n<p>Asimismo, se presentar\u00e1 una exposici\u00f3n por el\u00a0<strong>50 aniversario de la Convenci\u00f3n sobre la Protecci\u00f3n del Patrimonio Mundial Cultural y Natural de la UNESCO.\u00a0<\/strong><\/p>\n<p><strong>La ic\u00f3nica pel\u00edcula del director Aglisberto Mel\u00e9ndez \u00abUn pasaje de ida<\/strong>\u00ab, pionera de la creciente industria del cine dominicano,\u00a0<strong>encabezar\u00e1 la amplia cartelera<\/strong>\u00a0que se exhibir\u00e1 en la Cinemateca Nacional durante el desarrollo de la Feria del Libro.<\/p>\n<p><strong>Oferta infantil<\/strong><\/p>\n<p>Para esta edici\u00f3n, la\u00a0<strong>programaci\u00f3n dirigida a los m\u00e1s peque\u00f1os<\/strong>\u00a0abarcar\u00e1 una serie de actividades que incluyen lecturas de cuentos, talleres de literatura y apreciaci\u00f3n musical, conversatorios, presentaciones de libros infantiles y espect\u00e1culos de magia, adem\u00e1s del programa del\u00a0<strong>Pabell\u00f3n de la Imaginaci\u00f3n, que ofrecer\u00e1 experiencias interactivas\u00a0<\/strong>con tecnolog\u00eda de punta y el uso de inteligencia artificial.<\/p>\n<p>La XXV Feria Internacional del Libro Santo Domingo 2023 es una\u00a0<strong>oportunidad \u00fanica para acercarse al mundo de las letras,<\/strong>\u00a0aprender y compartir conocimientos en un ambiente que combina\u00a0<strong>innovaci\u00f3n y entretenimiento.<\/strong>\u00a0Para m\u00e1s informaci\u00f3n y detalles sobre el evento, los interesados pueden visitar las redes sociales del MINC, como @miculturard, o visitar la p\u00e1gina web\u00a0<a href=\"https:\/\/presidencia.gob.do\/noticias\/cultura.gob.do\">cultura.gob.do<\/a>.<\/p>\n<\/div>\n","protected":false},"excerpt":{"rendered":"<p>Santo Domingo.- Los amantes de la literatura y la cultura disfrutar\u00e1n de una amplia variedad de actividades durante la\u00a0XXV Feria Internacional del Libro Santo Domingo 2023 (FILSD 2023),\u00a0con una oferta&hellip; <\/p>\n","protected":false},"author":2,"featured_media":4204,"comment_status":"closed","ping_status":"closed","sticky":false,"template":"","format":"standard","meta":{"fifu_image_url":"https:\/\/i0.wp.com\/elmundodelosnegocios.com.do\/v1\/wp-content\/uploads\/2023\/08\/feria-del-libro-1024x576.jpeg?resize=1024,576&ssl=1","fifu_image_alt":"La Feria del Libro 2023 ofrecer\u00e1 amplia programaci\u00f3n literaria y cultural","footnotes":""},"categories":[63],"tags":[],"class_list":["post-4203","post","type-post","status-publish","format-standard","has-post-thumbnail","hentry","category-actualidad"],"_links":{"self":[{"href":"https:\/\/elmundodelapolitica.com\/v1\/wp-json\/wp\/v2\/posts\/4203","targetHints":{"allow":["GET"]}}],"collection":[{"href":"https:\/\/elmundodelapolitica.com\/v1\/wp-json\/wp\/v2\/posts"}],"about":[{"href":"https:\/\/elmundodelapolitica.com\/v1\/wp-json\/wp\/v2\/types\/post"}],"author":[{"embeddable":true,"href":"https:\/\/elmundodelapolitica.com\/v1\/wp-json\/wp\/v2\/users\/2"}],"replies":[{"embeddable":true,"href":"https:\/\/elmundodelapolitica.com\/v1\/wp-json\/wp\/v2\/comments?post=4203"}],"version-history":[{"count":0,"href":"https:\/\/elmundodelapolitica.com\/v1\/wp-json\/wp\/v2\/posts\/4203\/revisions"}],"wp:featuredmedia":[{"embeddable":true,"href":"https:\/\/elmundodelapolitica.com\/v1\/wp-json\/wp\/v2\/media\/4204"}],"wp:attachment":[{"href":"https:\/\/elmundodelapolitica.com\/v1\/wp-json\/wp\/v2\/media?parent=4203"}],"wp:term":[{"taxonomy":"category","embeddable":true,"href":"https:\/\/elmundodelapolitica.com\/v1\/wp-json\/wp\/v2\/categories?post=4203"},{"taxonomy":"post_tag","embeddable":true,"href":"https:\/\/elmundodelapolitica.com\/v1\/wp-json\/wp\/v2\/tags?post=4203"}],"curies":[{"name":"wp","href":"https:\/\/api.w.org\/{rel}","templated":true}]}}