{"id":4199,"date":"2023-08-01T01:14:11","date_gmt":"2023-08-01T05:14:11","guid":{"rendered":"https:\/\/elmundodelapolitica.com\/v1\/?p=4199"},"modified":"2023-08-01T01:14:11","modified_gmt":"2023-08-01T05:14:11","slug":"perficient-anuncia-un-plan-de-sucesion-de-lideres","status":"publish","type":"post","link":"https:\/\/elmundodelapolitica.com\/v1\/perficient-anuncia-un-plan-de-sucesion-de-lideres\/","title":{"rendered":"Perficient anuncia un plan de sucesi\u00f3n de l\u00edderes"},"content":{"rendered":"<p>~ Jeff Davis pasar\u00e1 a ser director ejecutivo a partir del 1 de octubre de 2023 ~<br \/>\n~ El presidente y director de operaciones Tom Hogan ser\u00e1 nombrado como director ejecutivo y se sumar\u00e1 al directorio a partir del 1 de octubre de 2023 ~SAINT LOUIS&#8211;(BUSINESS WIRE)&#8211;Perficient, Inc. (Nasdaq: PRFT) (\u201cPerficient\u201d), consultora digital l\u00edder a nivel mundial que transforma las empresas y las marcas m\u00e1s grandes del mundo, anunci\u00f3 hoy que el director ejecutivo (\u201cCEO\u201d) Jeff Davis tiene previsto pasar al rol de director ejecutivo el 1 de octubre de 2023. Tras un riguroso proceso de planificaci\u00f3n de sucesi\u00f3n, el presidente y director de operaciones Tom Hogan, ha sido nombrado como director ejecutivo de Perficient y ha sido designado para formar parte del directorio, ambos roles los asumir\u00e1 el 1 de octubre de 2023.<br \/>\n\u201cHaber trabajado para Perficient desde 2001 ha sido un gran honor y privilegio para m\u00ed. Durante dicho per\u00edodo, hemos crecido y pasamos de ser una empresa emergente a un l\u00edder global, que gener\u00f3 miles de puestos de trabajo, recompens\u00f3 a nuestros accionistas y cre\u00f3 una clientela compuesta por las empresas y las marcas m\u00e1s importantes a nivel mundial,\u201d se\u00f1al\u00f3 Davis. \u201cTom Hogan ha dado resultados s\u00f3lidos y se ha preparado para esta funci\u00f3n durante muchos a\u00f1os. Me complace que \u00e9l lidere Perficient en el futuro. M\u00e1s all\u00e1 de Tom, la mayor\u00eda de nuestros l\u00edderes ejecutivos se han desempe\u00f1ado durante m\u00e1s de una d\u00e9cada y conf\u00edo plenamente en ese equipo y en la posici\u00f3n y el potencial de Perficient en el mercado.\u201d<br \/>\nDavid Lundeen, director principal independiente del directorio de Perficient, dijo: \u201cEn nombre del directorio, quiero agradecer a Jeff por su liderazgo extraordinario y todos los a\u00f1os de servicio en Perficient. Jeff ha liderado Perficient en medio de escenarios de mercado s\u00f3lidos, estables y desafiantes con pulso firme. Su enfoque constante, , firmeza y determinaci\u00f3n han generado un gran crecimiento para todos los asociados con Perficient. As\u00ed como Jeff, somos muy optimistas sobre hacia d\u00f3nde se direcciona Perficient en los pr\u00f3ximos a\u00f1os. Tom es el l\u00edder ideal para potenciar a Perficient hacia un futuro de crecimiento y expansi\u00f3n globales permanentes, y el directorio conf\u00eda de manera plena y absoluta en \u00e9l y todo el equipo de l\u00edderes ejecutivos.\u201d<br \/>\n\u201cDesde que me incorpor\u00e9 en 2008, he cre\u00eddo en las numerosas oportunidades de Perficient de brindar resultados impactantes a nuestros clientes, carreras incre\u00edbles a nuestros colegas y diferencias significativas para nuestras comunidades y el mundo,\u201d manifest\u00f3 el director ejecutivo electo Tom Hogan. \u201cLe agradezco a Jeff por todos sus a\u00f1os de liderazgo y mentor\u00eda y al directorio por su apoyo y gu\u00eda permanentes. Me honra asumir el cargo de director ejecutivo y liderar nuestra extraordinaria, ambiciosa y aspiracional organizazi\u00f3n hacia muchos m\u00e1s a\u00f1os de crecimiento global.\u201d<br \/>\nAcerca de Perficient<br \/>\nPerficient es la consultora digital l\u00edder a nivel mundial. Imaginamos, creamos, dise\u00f1amos y ejecutamos soluciones de transformaci\u00f3n digital que ayudan a nuestros clientes a superar las expectativas de sus clientes, ganarle a la competencia y desarrollar su negocio. Con capacidades estrat\u00e9gicas, creativas y tecnol\u00f3gicas sin parang\u00f3n, aportamos liderazgo en pensamiento e ideas innovadoras, junto con un m\u00e9todo pr\u00e1ctico para ayudar a las mayores empresas y marcas del mundo a lograr el \u00e9xito. Perficient cotiza en el Nasdaq Global Select Market e integra el \u00edndice Russell 2000 y del \u00edndice S&amp;P SmallCap 600. Para m\u00e1s informaci\u00f3n, visite www.perficient.com.<br \/>\nDeclaraci\u00f3n de Puerto Seguro<br \/>\nAlgunas de las declaraciones incluidas en este comunicado de prensa que no son puramente declaraciones hist\u00f3ricas se refieren a expectativas futuras o a otro tipo de informaci\u00f3n prospectiva relacionada con resultados financieros y el panorama de negocios para 2023. Estas declaraciones est\u00e1n sujetas a riesgos conocidos y desconocidos, y a otros factores que podr\u00edan hacer que los resultados reales difieran materialmente de los contemplados en esas declaraciones. La informaci\u00f3n prospectiva se basa en las intenciones, las creencias, las expectativas, las estimaciones y las proyecciones actuales de la gerencia en relaci\u00f3n con nuestra empresa y nuestra industria. Debe tener en cuenta que esas declaraciones solo reflejan nuestras predicciones. Los eventos o los resultados actuales pueden variar sustancialmente. Entre los factores importantes que pueden causar que nuestros resultados reales sean materialmente diferentes de las declaraciones prospectivas se encuentran, entre otros, los que figuran bajo el encabezado \u201cFactores de riesgo\u201d en la presentaci\u00f3n m\u00e1s reciente de nuestro informe anual en el Formulario 10-K y otras presentaciones de valores.<br \/>\nEl texto original en el idioma fuente de este comunicado es la versi\u00f3n oficial autorizada. Las traducciones solo se suministran como adaptaci\u00f3n y deben cotejarse con el texto en el idioma fuente, que es la \u00fanica versi\u00f3n del texto que tendr\u00e1 un efecto legal. Contacts<br \/>\nBill Davis, vicepresidente<br \/>\n314-529-3555<br \/>\nbill.davis@perficient.com<\/p>\n","protected":false},"excerpt":{"rendered":"<div>\n<p class=\"bwalignc\">\n~ Jeff Davis pasar\u00e1 a ser director ejecutivo a partir del 1 de octubre de 2023 ~<\/p>\n<p class=\"bwalignc\">\n~ El presidente y director de operaciones Tom Hogan ser\u00e1 nombrado como director ejecutivo y se sumar\u00e1 al directorio a partir del 1 de octubre de 2023 ~<\/p>\n<p>SAINT LOUIS&#8211;(BUSINESS WIRE)&#8211;<a target=\"_blank\" href=\"https:\/\/cts.businesswire.com\/ct\/CT?id=smartlink&amp;url=http%3A%2F%2Fwww.perficient.com&amp;esheet=53486830&amp;newsitemid=20230727276714&amp;lan=es-AR&amp;anchor=Perficient%2C+Inc.&amp;index=1&amp;md5=17c1dc1e9c3185a1115972cde5fb2f84\" rel=\"nofollow noopener\">Perficient, Inc.<\/a> (Nasdaq: PRFT) (\u201cPerficient\u201d), consultora digital l\u00edder a nivel mundial que transforma las empresas y las marcas m\u00e1s grandes del mundo, anunci\u00f3 hoy que el director ejecutivo (\u201cCEO\u201d) Jeff Davis tiene previsto pasar al rol de director ejecutivo el 1 de octubre de 2023. Tras un riguroso proceso de planificaci\u00f3n de sucesi\u00f3n, el presidente y director de operaciones Tom Hogan, ha sido nombrado como director ejecutivo de Perficient y ha sido designado para formar parte del directorio, ambos roles los asumir\u00e1 el 1 de octubre de 2023.<\/p>\n<p><a href=\"https:\/\/mms.businesswire.com\/media\/20230727276714\/es\/1851766\/5\/Jeff_Davis_Headshot.jpg\"><img decoding=\"async\" src=\"https:\/\/mms.businesswire.com\/media\/20230727276714\/es\/1851766\/21\/Jeff_Davis_Headshot.jpg\"><\/a><br \/><a href=\"https:\/\/mms.businesswire.com\/media\/20230727276714\/es\/1851766\/5\/Jeff_Davis_Headshot.jpg\"><img decoding=\"async\" src=\"https:\/\/mms.businesswire.com\/media\/20230727276714\/es\/1851766\/22\/Jeff_Davis_Headshot.jpg\"><\/a><br \/><a href=\"https:\/\/mms.businesswire.com\/media\/20230727276714\/es\/775481\/4\/Perficient_Logo.jpg\"><img decoding=\"async\" src=\"https:\/\/mms.businesswire.com\/media\/20230727530014\/en\/775481\/21\/Perficient_Logo.jpg\"><\/a><br \/><a href=\"https:\/\/mms.businesswire.com\/media\/20230727276714\/es\/775481\/4\/Perficient_Logo.jpg\"><img decoding=\"async\" src=\"https:\/\/mms.businesswire.com\/media\/20230727276714\/es\/775481\/22\/Perficient_Logo.jpg\"><\/a><\/p>\n<p>\n\u201cHaber trabajado para Perficient desde 2001 ha sido un gran honor y privilegio para m\u00ed. Durante dicho per\u00edodo, hemos crecido y pasamos de ser una empresa emergente a un l\u00edder global, que gener\u00f3 miles de puestos de trabajo, recompens\u00f3 a nuestros accionistas y cre\u00f3 una clientela compuesta por las empresas y las marcas m\u00e1s importantes a nivel mundial,\u201d se\u00f1al\u00f3 Davis. \u201cTom Hogan ha dado resultados s\u00f3lidos y se ha preparado para esta funci\u00f3n durante muchos a\u00f1os. Me complace que \u00e9l lidere Perficient en el futuro. M\u00e1s all\u00e1 de Tom, la mayor\u00eda de nuestros l\u00edderes ejecutivos se han desempe\u00f1ado durante m\u00e1s de una d\u00e9cada y conf\u00edo plenamente en ese equipo y en la posici\u00f3n y el potencial de Perficient en el mercado.\u201d<\/p>\n<p>\nDavid Lundeen, director principal independiente del directorio de Perficient, dijo: \u201cEn nombre del directorio, quiero agradecer a Jeff por su liderazgo extraordinario y todos los a\u00f1os de servicio en Perficient. Jeff ha liderado Perficient en medio de escenarios de mercado s\u00f3lidos, estables y desafiantes con pulso firme. Su enfoque constante, , firmeza y determinaci\u00f3n han generado un gran crecimiento para todos los asociados con Perficient. As\u00ed como Jeff, somos muy optimistas sobre hacia d\u00f3nde se direcciona Perficient en los pr\u00f3ximos a\u00f1os. Tom es el l\u00edder ideal para potenciar a Perficient hacia un futuro de crecimiento y expansi\u00f3n globales permanentes, y el directorio conf\u00eda de manera plena y absoluta en \u00e9l y todo el equipo de l\u00edderes ejecutivos.\u201d<\/p>\n<p>\n\u201cDesde que me incorpor\u00e9 en 2008, he cre\u00eddo en las numerosas oportunidades de Perficient de brindar resultados impactantes a nuestros clientes, carreras incre\u00edbles a nuestros colegas y diferencias significativas para nuestras comunidades y el mundo,\u201d manifest\u00f3 el director ejecutivo electo Tom Hogan. \u201cLe agradezco a Jeff por todos sus a\u00f1os de liderazgo y mentor\u00eda y al directorio por su apoyo y gu\u00eda permanentes. Me honra asumir el cargo de director ejecutivo y liderar nuestra extraordinaria, ambiciosa y aspiracional organizazi\u00f3n hacia muchos m\u00e1s a\u00f1os de crecimiento global.\u201d<\/p>\n<p>\n<b>Acerca de Perficient<\/b><\/p>\n<p>\nPerficient es la consultora digital l\u00edder a nivel mundial. Imaginamos, creamos, dise\u00f1amos y ejecutamos soluciones de transformaci\u00f3n digital que ayudan a nuestros clientes a superar las expectativas de sus clientes, ganarle a la competencia y desarrollar su negocio. Con capacidades estrat\u00e9gicas, creativas y tecnol\u00f3gicas sin parang\u00f3n, aportamos liderazgo en pensamiento e ideas innovadoras, junto con un m\u00e9todo pr\u00e1ctico para ayudar a las mayores empresas y marcas del mundo a lograr el \u00e9xito. Perficient cotiza en el Nasdaq Global Select Market e integra el \u00edndice Russell 2000 y del \u00edndice S&amp;P SmallCap 600. Para m\u00e1s informaci\u00f3n, visite <a target=\"_blank\" href=\"https:\/\/cts.businesswire.com\/ct\/CT?id=smartlink&amp;url=http%3A%2F%2Fwww.perficient.com&amp;esheet=53486830&amp;newsitemid=20230727276714&amp;lan=es-AR&amp;anchor=www.perficient.com&amp;index=2&amp;md5=c60d813d0e6bc9eb5b2bf39d8fb1fab4\" rel=\"nofollow noopener\">www.perficient.com<\/a>.<\/p>\n<p>\n<b>Declaraci\u00f3n de Puerto Seguro<\/b><\/p>\n<p>\nAlgunas de las declaraciones incluidas en este comunicado de prensa que no son puramente declaraciones hist\u00f3ricas se refieren a expectativas futuras o a otro tipo de informaci\u00f3n prospectiva relacionada con resultados financieros y el panorama de negocios para 2023. Estas declaraciones est\u00e1n sujetas a riesgos conocidos y desconocidos, y a otros factores que podr\u00edan hacer que los resultados reales difieran materialmente de los contemplados en esas declaraciones. La informaci\u00f3n prospectiva se basa en las intenciones, las creencias, las expectativas, las estimaciones y las proyecciones actuales de la gerencia en relaci\u00f3n con nuestra empresa y nuestra industria. Debe tener en cuenta que esas declaraciones solo reflejan nuestras predicciones. Los eventos o los resultados actuales pueden variar sustancialmente. Entre los factores importantes que pueden causar que nuestros resultados reales sean materialmente diferentes de las declaraciones prospectivas se encuentran, entre otros, los que figuran bajo el encabezado \u201cFactores de riesgo\u201d en la presentaci\u00f3n m\u00e1s reciente de nuestro informe anual en el Formulario 10-K y otras presentaciones de valores.<\/p>\n<p>\nEl texto original en el idioma fuente de este comunicado es la versi\u00f3n oficial autorizada. Las traducciones solo se suministran como adaptaci\u00f3n y deben cotejarse con el texto en el idioma fuente, que es la \u00fanica versi\u00f3n del texto que tendr\u00e1 un efecto legal.<\/p>\n<p> <b>Contacts<\/b> <\/p>\n<p>\nBill Davis, vicepresidente<br \/>\n<br \/>314-529-3555<br \/>\n<br \/><a target=\"_blank\" href=\"mailto:bill.davis@perficient.com\" rel=\"nofollow noopener\">bill.davis@perficient.com<\/a><\/p>\n<\/div>\n","protected":false},"author":2,"featured_media":4200,"comment_status":"closed","ping_status":"closed","sticky":false,"template":"","format":"standard","meta":{"fifu_image_url":"https:\/\/mms.businesswire.com\/media\/20230727276714\/es\/1851766\/21\/Jeff_Davis_Headshot.jpg","fifu_image_alt":"Perficient anuncia un plan de sucesi\u00f3n de l\u00edderes","footnotes":""},"categories":[44],"tags":[],"class_list":["post-4199","post","type-post","status-publish","format-standard","has-post-thumbnail","hentry","category-business-wire"],"_links":{"self":[{"href":"https:\/\/elmundodelapolitica.com\/v1\/wp-json\/wp\/v2\/posts\/4199","targetHints":{"allow":["GET"]}}],"collection":[{"href":"https:\/\/elmundodelapolitica.com\/v1\/wp-json\/wp\/v2\/posts"}],"about":[{"href":"https:\/\/elmundodelapolitica.com\/v1\/wp-json\/wp\/v2\/types\/post"}],"author":[{"embeddable":true,"href":"https:\/\/elmundodelapolitica.com\/v1\/wp-json\/wp\/v2\/users\/2"}],"replies":[{"embeddable":true,"href":"https:\/\/elmundodelapolitica.com\/v1\/wp-json\/wp\/v2\/comments?post=4199"}],"version-history":[{"count":0,"href":"https:\/\/elmundodelapolitica.com\/v1\/wp-json\/wp\/v2\/posts\/4199\/revisions"}],"wp:featuredmedia":[{"embeddable":true,"href":"https:\/\/elmundodelapolitica.com\/v1\/wp-json\/wp\/v2\/media\/4200"}],"wp:attachment":[{"href":"https:\/\/elmundodelapolitica.com\/v1\/wp-json\/wp\/v2\/media?parent=4199"}],"wp:term":[{"taxonomy":"category","embeddable":true,"href":"https:\/\/elmundodelapolitica.com\/v1\/wp-json\/wp\/v2\/categories?post=4199"},{"taxonomy":"post_tag","embeddable":true,"href":"https:\/\/elmundodelapolitica.com\/v1\/wp-json\/wp\/v2\/tags?post=4199"}],"curies":[{"name":"wp","href":"https:\/\/api.w.org\/{rel}","templated":true}]}}