{"id":4197,"date":"2023-07-31T15:32:10","date_gmt":"2023-07-31T19:32:10","guid":{"rendered":"https:\/\/elmundodelapolitica.com\/v1\/?p=4197"},"modified":"2023-07-31T15:32:10","modified_gmt":"2023-07-31T19:32:10","slug":"lanza-banreservas-primeras-tarjetas-tactiles-del-caribe","status":"publish","type":"post","link":"https:\/\/elmundodelapolitica.com\/v1\/lanza-banreservas-primeras-tarjetas-tactiles-del-caribe\/","title":{"rendered":"Lanza Banreservas primeras tarjetas t\u00e1ctiles del Caribe"},"content":{"rendered":"<div>\n<p><em>El nuevo dise\u00f1o facilita la identificaci\u00f3n de los productos para clientes con discapacidad visual<\/em><\/p>\n<p>El Banco de Reservas lanza las primeras tarjetas de cr\u00e9dito y d\u00e9bito t\u00e1ctiles del Caribe, que contar\u00e1n con un sistema de hendiduras en el lateral derecho, que permitir\u00e1n al usuario con discapacidad visual identificarlas s\u00f3lo con el tacto.<\/p>\n<div class=\"wp-block-image\">\n<figure class=\"aligncenter size-large\"><img loading=\"lazy\" data-attachment-id=\"31310\" data-permalink=\"https:\/\/elmundodelosnegocios.com.do\/v1\/index.php\/2023\/07\/31\/lanza-banreservas-primeras-tarjetas-tactiles-del-caribe\/2-3-8\/\" data-orig-file=\"https:\/\/i0.wp.com\/elmundodelosnegocios.com.do\/v1\/wp-content\/uploads\/2023\/07\/2-3-scaled.jpg?fit=2560%2C1703&amp;ssl=1\" data-orig-size=\"2560,1703\" data-comments-opened=\"0\" data-image-meta='{\"aperture\":\"4.5\",\"credit\":\"\",\"camera\":\"NIKON Z 6\",\"caption\":\"\",\"created_timestamp\":\"1690499216\",\"copyright\":\"@otrojo_x REH\",\"focal_length\":\"36\",\"iso\":\"1250\",\"shutter_speed\":\"0.00625\",\"title\":\"\",\"orientation\":\"0\"}' data-image-title=\"2-3\" data-image-description=\"\" data-image-caption=\"\" data-medium-file=\"https:\/\/i0.wp.com\/elmundodelosnegocios.com.do\/v1\/wp-content\/uploads\/2023\/07\/2-3-scaled.jpg?fit=300%2C200&amp;ssl=1\" data-large-file=\"https:\/\/i0.wp.com\/elmundodelosnegocios.com.do\/v1\/wp-content\/uploads\/2023\/07\/2-3-scaled.jpg?fit=1024%2C681&amp;ssl=1\" decoding=\"async\" width=\"1024\" height=\"681\" src=\"https:\/\/i0.wp.com\/elmundodelosnegocios.com.do\/v1\/wp-content\/uploads\/2023\/07\/2-3-1024x681.jpg?resize=1024,681&amp;ssl=1\" alt=\"\" class=\"wp-image-31310\" srcset=\"https:\/\/i0.wp.com\/elmundodelosnegocios.com.do\/v1\/wp-content\/uploads\/2023\/07\/2-3-scaled.jpg?resize=1024%2C681&amp;ssl=1 1024w, https:\/\/i0.wp.com\/elmundodelosnegocios.com.do\/v1\/wp-content\/uploads\/2023\/07\/2-3-scaled.jpg?resize=300%2C200&amp;ssl=1 300w, https:\/\/i0.wp.com\/elmundodelosnegocios.com.do\/v1\/wp-content\/uploads\/2023\/07\/2-3-scaled.jpg?resize=768%2C511&amp;ssl=1 768w, https:\/\/i0.wp.com\/elmundodelosnegocios.com.do\/v1\/wp-content\/uploads\/2023\/07\/2-3-scaled.jpg?resize=1536%2C1022&amp;ssl=1 1536w, https:\/\/i0.wp.com\/elmundodelosnegocios.com.do\/v1\/wp-content\/uploads\/2023\/07\/2-3-scaled.jpg?resize=2048%2C1363&amp;ssl=1 2048w, https:\/\/i0.wp.com\/elmundodelosnegocios.com.do\/v1\/wp-content\/uploads\/2023\/07\/2-3-scaled.jpg?w=2220 2220w\" sizes=\"auto, (max-width: 1024px) 100vw, 1024px\" data-recalc-dims=\"1\"><\/figure>\n<\/div>\n<p>Samuel Pereyra, administrador general de la entidad financiera, presento los beneficios de este nuevo producto como aporte a una sociedad m\u00e1s inclusiva.\u00a0<\/p>\n<div class=\"wp-block-image\">\n<figure class=\"aligncenter size-large\"><img data-attachment-id=\"31311\" data-permalink=\"https:\/\/elmundodelosnegocios.com.do\/v1\/index.php\/2023\/07\/31\/lanza-banreservas-primeras-tarjetas-tactiles-del-caribe\/1-5-9\/\" data-orig-file=\"https:\/\/i0.wp.com\/elmundodelosnegocios.com.do\/v1\/wp-content\/uploads\/2023\/07\/1-5-scaled.jpg?fit=2560%2C1704&amp;ssl=1\" data-orig-size=\"2560,1704\" data-comments-opened=\"0\" data-image-meta='{\"aperture\":\"6.3\",\"credit\":\"\",\"camera\":\"NIKON Z 6\",\"caption\":\"\",\"created_timestamp\":\"1690498527\",\"copyright\":\"@otrojo_x REH\",\"focal_length\":\"102\",\"iso\":\"4000\",\"shutter_speed\":\"0.008\",\"title\":\"\",\"orientation\":\"1\"}' data-image-title=\"1-5\" data-image-description=\"\" data-image-caption=\"\" data-medium-file=\"https:\/\/i0.wp.com\/elmundodelosnegocios.com.do\/v1\/wp-content\/uploads\/2023\/07\/1-5-scaled.jpg?fit=300%2C200&amp;ssl=1\" data-large-file=\"https:\/\/i0.wp.com\/elmundodelosnegocios.com.do\/v1\/wp-content\/uploads\/2023\/07\/1-5-scaled.jpg?fit=1024%2C681&amp;ssl=1\" decoding=\"async\" loading=\"lazy\" width=\"1024\" height=\"681\" src=\"https:\/\/i0.wp.com\/elmundodelosnegocios.com.do\/v1\/wp-content\/uploads\/2023\/07\/1-5-1024x681.jpg?resize=1024,681&amp;ssl=1\" alt=\"\" class=\"wp-image-31311\" srcset=\"https:\/\/i0.wp.com\/elmundodelosnegocios.com.do\/v1\/wp-content\/uploads\/2023\/07\/1-5-scaled.jpg?resize=1024%2C681&amp;ssl=1 1024w, https:\/\/i0.wp.com\/elmundodelosnegocios.com.do\/v1\/wp-content\/uploads\/2023\/07\/1-5-scaled.jpg?resize=300%2C200&amp;ssl=1 300w, https:\/\/i0.wp.com\/elmundodelosnegocios.com.do\/v1\/wp-content\/uploads\/2023\/07\/1-5-scaled.jpg?resize=768%2C511&amp;ssl=1 768w, https:\/\/i0.wp.com\/elmundodelosnegocios.com.do\/v1\/wp-content\/uploads\/2023\/07\/1-5-scaled.jpg?resize=1536%2C1022&amp;ssl=1 1536w, https:\/\/i0.wp.com\/elmundodelosnegocios.com.do\/v1\/wp-content\/uploads\/2023\/07\/1-5-scaled.jpg?resize=2048%2C1363&amp;ssl=1 2048w, https:\/\/i0.wp.com\/elmundodelosnegocios.com.do\/v1\/wp-content\/uploads\/2023\/07\/1-5-scaled.jpg?w=2220 2220w\" sizes=\"auto, (max-width: 1024px) 100vw, 1024px\" data-recalc-dims=\"1\"><\/figure>\n<\/div>\n<p>Pereyra expres\u00f3 que estas Tarjetas de D\u00e9bito Standard y Cr\u00e9dito Standard Multimoneda fueron dise\u00f1adas para satisfacer las necesidades de las personas con discapacidad visual, como parte del inter\u00e9s del Banco en dispensar un trato igualitario a todos los dominicanos para que puedan acceder al mercado financiero de manera aut\u00f3noma, segura y acorde a los est\u00e1ndares de calidad.\u00a0\u00a0<\/p>\n<div class=\"wp-block-image\">\n<figure class=\"aligncenter size-large\"><img data-attachment-id=\"31312\" data-permalink=\"https:\/\/elmundodelosnegocios.com.do\/v1\/index.php\/2023\/07\/31\/lanza-banreservas-primeras-tarjetas-tactiles-del-caribe\/4-6-2\/\" data-orig-file=\"https:\/\/i0.wp.com\/elmundodelosnegocios.com.do\/v1\/wp-content\/uploads\/2023\/07\/4-6-scaled.jpg?fit=2560%2C1703&amp;ssl=1\" data-orig-size=\"2560,1703\" data-comments-opened=\"0\" data-image-meta='{\"aperture\":\"4.5\",\"credit\":\"\",\"camera\":\"NIKON Z 6\",\"caption\":\"\",\"created_timestamp\":\"1690496768\",\"copyright\":\"\",\"focal_length\":\"70\",\"iso\":\"2000\",\"shutter_speed\":\"0.016666666666667\",\"title\":\"\",\"orientation\":\"0\"}' data-image-title=\"4-6\" data-image-description=\"\" data-image-caption=\"\" data-medium-file=\"https:\/\/i0.wp.com\/elmundodelosnegocios.com.do\/v1\/wp-content\/uploads\/2023\/07\/4-6-scaled.jpg?fit=300%2C200&amp;ssl=1\" data-large-file=\"https:\/\/i0.wp.com\/elmundodelosnegocios.com.do\/v1\/wp-content\/uploads\/2023\/07\/4-6-scaled.jpg?fit=1024%2C681&amp;ssl=1\" decoding=\"async\" loading=\"lazy\" width=\"1024\" height=\"681\" src=\"https:\/\/i0.wp.com\/elmundodelosnegocios.com.do\/v1\/wp-content\/uploads\/2023\/07\/4-6-1024x681.jpg?resize=1024,681&amp;ssl=1\" alt=\"\" class=\"wp-image-31312\" srcset=\"https:\/\/i0.wp.com\/elmundodelosnegocios.com.do\/v1\/wp-content\/uploads\/2023\/07\/4-6-scaled.jpg?resize=1024%2C681&amp;ssl=1 1024w, https:\/\/i0.wp.com\/elmundodelosnegocios.com.do\/v1\/wp-content\/uploads\/2023\/07\/4-6-scaled.jpg?resize=300%2C200&amp;ssl=1 300w, https:\/\/i0.wp.com\/elmundodelosnegocios.com.do\/v1\/wp-content\/uploads\/2023\/07\/4-6-scaled.jpg?resize=768%2C511&amp;ssl=1 768w, https:\/\/i0.wp.com\/elmundodelosnegocios.com.do\/v1\/wp-content\/uploads\/2023\/07\/4-6-scaled.jpg?resize=1536%2C1022&amp;ssl=1 1536w, https:\/\/i0.wp.com\/elmundodelosnegocios.com.do\/v1\/wp-content\/uploads\/2023\/07\/4-6-scaled.jpg?resize=2048%2C1363&amp;ssl=1 2048w, https:\/\/i0.wp.com\/elmundodelosnegocios.com.do\/v1\/wp-content\/uploads\/2023\/07\/4-6-scaled.jpg?w=2220 2220w\" sizes=\"auto, (max-width: 1024px) 100vw, 1024px\" data-recalc-dims=\"1\"><\/figure>\n<\/div>\n<p>\u00abSu uso implica una gran ventaja, pues permitir\u00e1 plena independencia para los clientes en sus transacciones, al poder reconocer con facilidad su producto y utilizarlo sin necesidad de terceros\u00bb, indic\u00f3.<\/p>\n<div class=\"wp-block-image\">\n<figure class=\"aligncenter size-large\"><img data-attachment-id=\"31313\" data-permalink=\"https:\/\/elmundodelosnegocios.com.do\/v1\/index.php\/2023\/07\/31\/lanza-banreservas-primeras-tarjetas-tactiles-del-caribe\/3-2-10\/\" data-orig-file=\"https:\/\/i0.wp.com\/elmundodelosnegocios.com.do\/v1\/wp-content\/uploads\/2023\/07\/3-2-scaled.jpg?fit=2560%2C1703&amp;ssl=1\" data-orig-size=\"2560,1703\" data-comments-opened=\"0\" data-image-meta='{\"aperture\":\"3.2\",\"credit\":\"\",\"camera\":\"NIKON Z 6\",\"caption\":\"\",\"created_timestamp\":\"1690498274\",\"copyright\":\"@otrojo_x REH\",\"focal_length\":\"85\",\"iso\":\"800\",\"shutter_speed\":\"0.008\",\"title\":\"\",\"orientation\":\"0\"}' data-image-title=\"3-2\" data-image-description=\"\" data-image-caption=\"\" data-medium-file=\"https:\/\/i0.wp.com\/elmundodelosnegocios.com.do\/v1\/wp-content\/uploads\/2023\/07\/3-2-scaled.jpg?fit=300%2C200&amp;ssl=1\" data-large-file=\"https:\/\/i0.wp.com\/elmundodelosnegocios.com.do\/v1\/wp-content\/uploads\/2023\/07\/3-2-scaled.jpg?fit=1024%2C681&amp;ssl=1\" decoding=\"async\" loading=\"lazy\" width=\"1024\" height=\"681\" src=\"https:\/\/i0.wp.com\/elmundodelosnegocios.com.do\/v1\/wp-content\/uploads\/2023\/07\/3-2-1024x681.jpg?resize=1024,681&amp;ssl=1\" alt=\"\" class=\"wp-image-31313\" srcset=\"https:\/\/i0.wp.com\/elmundodelosnegocios.com.do\/v1\/wp-content\/uploads\/2023\/07\/3-2-scaled.jpg?resize=1024%2C681&amp;ssl=1 1024w, https:\/\/i0.wp.com\/elmundodelosnegocios.com.do\/v1\/wp-content\/uploads\/2023\/07\/3-2-scaled.jpg?resize=300%2C200&amp;ssl=1 300w, https:\/\/i0.wp.com\/elmundodelosnegocios.com.do\/v1\/wp-content\/uploads\/2023\/07\/3-2-scaled.jpg?resize=768%2C511&amp;ssl=1 768w, https:\/\/i0.wp.com\/elmundodelosnegocios.com.do\/v1\/wp-content\/uploads\/2023\/07\/3-2-scaled.jpg?resize=1536%2C1022&amp;ssl=1 1536w, https:\/\/i0.wp.com\/elmundodelosnegocios.com.do\/v1\/wp-content\/uploads\/2023\/07\/3-2-scaled.jpg?resize=2048%2C1363&amp;ssl=1 2048w, https:\/\/i0.wp.com\/elmundodelosnegocios.com.do\/v1\/wp-content\/uploads\/2023\/07\/3-2-scaled.jpg?w=2220 2220w\" sizes=\"auto, (max-width: 1024px) 100vw, 1024px\" data-recalc-dims=\"1\"><\/figure>\n<\/div>\n<p>Para facilitar las operaciones, el administrador general de Banreservas explic\u00f3 que 290 oficinas comerciales cuentan con plantillas de firmas, dise\u00f1adas para el p\u00fablico con discapacidad visual; adem\u00e1s 132 sucursales son accesibles por su dise\u00f1o estructural y personal capacitado en trato digno, acorde a las normativas de la ley 5-13 sobre discapacidad en Rep\u00fablica Dominicana.<\/p>\n<p><strong>Para solicitarla<\/strong><\/p>\n<p>Los interesados podr\u00e1n solicitar la tarjeta de d\u00e9bito en 20 oficinas estrat\u00e9gicamente seleccionadas en las zonas metropolitana, norte, sur y este del pa\u00eds; y la de cr\u00e9dito, tambi\u00e9n en los distintos canales Banreservas del territorio nacional.<\/p>\n<p>Para ambos productos se mantendr\u00e1n las tarifas y beneficios que actualmente poseen Banreservas Mastercard D\u00e9bito y Banreservas Mastercard Cr\u00e9dito Standard.\u00a0<\/p>\n<p><strong>Dise\u00f1o<\/strong><\/p>\n<p>Seg\u00fan la Organizaci\u00f3n Mundial de la Salud, en 2021, cerca de 2.2 mil millones de personas en todo el mundo presentaban p\u00e9rdida de la visi\u00f3n, y s\u00f3lo 1 de cada 10 personas con discapacidad visual pod\u00eda leer Braille. Frente a esta realidad Banreservas presento la Tarjeta T\u00e1ctil <strong>D\u00e9bito Standard<\/strong> Mastercard que cuenta con una <strong>hendidura en forma semi circular<\/strong> y la Tarjeta T\u00e1ctil <strong>Cr\u00e9dito Standard Multimoneda <\/strong>Mastercard con una<strong> hendidura en forma semi hexagonal<\/strong>.<\/p>\n<p>Banreservas innova a nivel de dise\u00f1o, siendo la primera entidad financiera y del Caribe en brindar esta experiencia con una opci\u00f3n de pago segura y que promueve la autonom\u00eda financiera de los clientes con discapacidad visual.<\/p>\n<p>Para garantizar un mejor servicio, el 10% de los colaboradores del Banco realizar\u00e1 este a\u00f1o la primera certificaci\u00f3n de servicios accesibles del pa\u00eds, como etapa inicial del programa \u201cReserva Autonom\u00eda\u201d, respaldado por el Voluntariado Banreservas e impartido por la organizaci\u00f3n Puentes de Inclusi\u00f3n, que dirige Francina Hungr\u00eda.\u00a0<\/p>\n<p>En la actualidad, el Banco de Reservas cuenta con 8,267 clientes con discapacidad, de los cuales 2,671 presentan discapacidad visual; as\u00ed como 115 colaboradores con alg\u00fan tipo de discapacidad.\u00a0<\/p>\n<\/div>\n","protected":false},"excerpt":{"rendered":"<p>El nuevo dise\u00f1o facilita la identificaci\u00f3n de los productos para clientes con discapacidad visual El Banco de Reservas lanza las primeras tarjetas de cr\u00e9dito y d\u00e9bito t\u00e1ctiles del Caribe, que&hellip; <\/p>\n","protected":false},"author":2,"featured_media":4198,"comment_status":"closed","ping_status":"closed","sticky":false,"template":"","format":"standard","meta":{"fifu_image_url":"https:\/\/i0.wp.com\/elmundodelosnegocios.com.do\/v1\/wp-content\/uploads\/2023\/07\/2-3-1024x681.jpg?resize=1024,681&ssl=1","fifu_image_alt":"Lanza Banreservas primeras tarjetas t\u00e1ctiles del Caribe","footnotes":""},"categories":[63],"tags":[],"class_list":["post-4197","post","type-post","status-publish","format-standard","has-post-thumbnail","hentry","category-actualidad"],"_links":{"self":[{"href":"https:\/\/elmundodelapolitica.com\/v1\/wp-json\/wp\/v2\/posts\/4197","targetHints":{"allow":["GET"]}}],"collection":[{"href":"https:\/\/elmundodelapolitica.com\/v1\/wp-json\/wp\/v2\/posts"}],"about":[{"href":"https:\/\/elmundodelapolitica.com\/v1\/wp-json\/wp\/v2\/types\/post"}],"author":[{"embeddable":true,"href":"https:\/\/elmundodelapolitica.com\/v1\/wp-json\/wp\/v2\/users\/2"}],"replies":[{"embeddable":true,"href":"https:\/\/elmundodelapolitica.com\/v1\/wp-json\/wp\/v2\/comments?post=4197"}],"version-history":[{"count":0,"href":"https:\/\/elmundodelapolitica.com\/v1\/wp-json\/wp\/v2\/posts\/4197\/revisions"}],"wp:featuredmedia":[{"embeddable":true,"href":"https:\/\/elmundodelapolitica.com\/v1\/wp-json\/wp\/v2\/media\/4198"}],"wp:attachment":[{"href":"https:\/\/elmundodelapolitica.com\/v1\/wp-json\/wp\/v2\/media?parent=4197"}],"wp:term":[{"taxonomy":"category","embeddable":true,"href":"https:\/\/elmundodelapolitica.com\/v1\/wp-json\/wp\/v2\/categories?post=4197"},{"taxonomy":"post_tag","embeddable":true,"href":"https:\/\/elmundodelapolitica.com\/v1\/wp-json\/wp\/v2\/tags?post=4197"}],"curies":[{"name":"wp","href":"https:\/\/api.w.org\/{rel}","templated":true}]}}